{"id":75746,"date":"2015-07-30T13:26:17","date_gmt":"2015-07-30T11:26:17","guid":{"rendered":"http:\/\/www.24zabrze.pl\/wiadomosci\/?p=75746"},"modified":"2015-07-30T18:06:10","modified_gmt":"2015-07-30T16:06:10","slug":"w-strefie-ekonomicznej-lokuja-sie-dwie-nowe-firmy-to-szansa-na-nowe-miejsca-pracy","status":"publish","type":"post","link":"https:\/\/www.24zabrze.pl\/wiadomosci\/w-strefie-ekonomicznej-lokuja-sie-dwie-nowe-firmy-to-szansa-na-nowe-miejsca-pracy\/","title":{"rendered":"Dwie firmy  inwestuj\u0105 w strefie ekonomicznej. Nowe miejsca pracy"},"content":{"rendered":"<div class=\"zabrz-a6-z-nad-leadem-artykulow zabrz-entity-placement\" id=\"zabrz-1580988051\"><div class=\"zabrz-adlabel\"><span style=\"font-size: 9px\">REKLAMA<\/span><\/div><div id=\"zabrz-3961762109\" style=\"margin-bottom: 30px;margin-left: auto;margin-right: auto;text-align: center;\"><a data-no-instant=\"1\" href=\"https:\/\/dom100.eu\/\" rel=\"noopener\" class=\"a2t-link\" target=\"_blank\" aria-label=\"20260415 DOM100 D\"><img loading=\"lazy\" decoding=\"async\" src=\"https:\/\/www.24zabrze.pl\/wiadomosci\/wp-content\/uploads\/2026\/02\/20260415-DOM100-D.jpg\" alt=\"\"  srcset=\"https:\/\/www.24zabrze.pl\/wiadomosci\/wp-content\/uploads\/2026\/02\/20260415-DOM100-D.jpg 750w, https:\/\/www.24zabrze.pl\/wiadomosci\/wp-content\/uploads\/2026\/02\/20260415-DOM100-D-410x109.jpg 410w\" sizes=\"(max-width: 750px) 100vw, 750px\" class=\"no-lazyload\" width=\"750\" height=\"200\"  style=\"display: inline-block; max-width: 100%; height: auto;\" \/><\/a><\/div><\/div><h3>W zabrza\u0144skiej cz\u0119\u015bci Specjalnej Strefy Ekonomicznej powstaj\u0105 dwa zak\u0142ady &#8211; pierwszy pomi\u0119dzy Mikulczycami a Rokitnic\u0105, drugi przy ulicy Handlowej. Jeszcze w tym roku do strefy ma zosta\u0107 w\u0142\u0105czonych kolejnych 20 dzia\u0142ek.<\/h3>\n<p>Inwestycj\u0119 rozpoczyna firma Schoeller Allibert ? specjalista w produkcji opakowa\u0144 zwrotnych z tworzywa sztucznego. Planowany termin zako\u0144czenia inwestycji to 31 grudnia 2016 r., przy czym obiekty budowlane powinny by\u0107 gotowe do ko\u0144ca tego roku, a wst\u0119pne uruchomienie produkcji planowane jest na koniec pierwszego kwarta\u0142u 2016 r. Firma zatrudni tam 75 os\u00f3b.<\/p><div class=\"zabrz-a3-z-w-tresci-artykulow zabrz-entity-placement\" id=\"zabrz-617724495\"><div class=\"zabrz-adlabel\"><span style=\"font-size: 9px\">REKLAMA<\/span><\/div><div id=\"zabrz-662770296\" style=\"margin-bottom: 40px;margin-left: auto;margin-right: auto;text-align: center;\"><a data-no-instant=\"1\" href=\"https:\/\/ogrodyandersa.pl\/\" rel=\"noopener\" class=\"a2t-link\" target=\"_blank\" aria-label=\"20260415 Ogrody Andersa WYBIERZ MIESZKANIE D\"><img loading=\"lazy\" decoding=\"async\" src=\"https:\/\/www.24zabrze.pl\/wiadomosci\/wp-content\/uploads\/2026\/02\/20260415-Ogrody-Andersa-WYBIERZ-MIESZKANIE-D.jpg\" alt=\"\"  srcset=\"https:\/\/www.24zabrze.pl\/wiadomosci\/wp-content\/uploads\/2026\/02\/20260415-Ogrody-Andersa-WYBIERZ-MIESZKANIE-D.jpg 750w, https:\/\/www.24zabrze.pl\/wiadomosci\/wp-content\/uploads\/2026\/02\/20260415-Ogrody-Andersa-WYBIERZ-MIESZKANIE-D-410x109.jpg 410w\" sizes=\"(max-width: 750px) 100vw, 750px\" class=\"no-lazyload\" width=\"750\" height=\"200\"  style=\"display: inline-block; max-width: 100%; height: auto;\" \/><\/a><\/div><\/div>\n<p>Z kolei przy ulicy Handlowej trwa budowa fabryki.Dwie dzia\u0142ki o \u0142\u0105cznej powierzchni ponad 3 hektar\u00f3w kupi\u0142a w strefie du\u0144ska firma BelmaFlex. Du\u0144czycy za dzia\u0142k\u0119 zap\u0142acili 2,5 mln z\u0142. Specjalizacj\u0105 koncernu jest produkcja z\u0142\u0105czy do preizolowanych system\u00f3w rurowych.<\/p>\n[pullquote align=&#8221;right&#8221; cite=&#8221;&#8221; link=&#8221;&#8221; color=&#8221;#afafff&#8221; class=&#8221;&#8221; size=&#8221;&#8221;]Finalnie w zabrza\u0144skiej cz\u0119\u015bci Specjalnej Strefy Ekonomicznej prac\u0119 znajdzie blisko 5 tysi\u0119cy os\u00f3b. [\/pullquote]\nJednocze\u015bnie w strefie trwa uzbrajanie teren\u00f3w inwestycyjnych, kt\u00f3re zako\u0144czy si\u0119 najp\u00f3\u017aniej tu\u017c po wakacjach. Roboty mia\u0142y by\u0107 wykonane do ko\u0144ca czerwca, jednak przed\u0142u\u017cono je do ko\u0144ca sierpnia. Prace obejmuj\u0105 budow\u0119: 8 km dr\u00f3g, 20 km kanalizacji sanitarnej i deszczowej, trzech rond, 6 km sieci wodoci\u0105gowej, sieci: energetyczn\u0105, teleinformatyczn\u0105, gazow\u0105. Pojawi\u0105 tam r\u00f3wnie\u017c tereny rekreacyjne, a nawet \u015bcie\u017cki rowerowe. Koszt tych prac przekroczy 56 mln z\u0142, z czego 85 proc. miasto otrzyma\u0142o z Europejskiego Funduszu Rozwoju Regionalnego w ramach Regionalnego Programu Operacyjnego Wojew\u00f3dztwa \u015al\u0105skiego na lata 2007-2013.<\/p>\n<p>Jeszcze w tym roku na sprzeda\u017c zostan\u0105 wystawione kolejne dzia\u0142ki, a sama strefa poszerzona o 44 hektary.<br \/>\nW czerwcu w zabrza\u0144skiej strefie gigantyczny zak\u0142ad otworzy\u0142 &#8220;K\u0142os&#8221; -potentat bran\u017cy cukierniczej.<\/p>\n<p>(TK)<\/p>\n","protected":false},"excerpt":{"rendered":"<p>W zabrza\u0144skiej cz\u0119\u015bci Specjalnej Strefy Ekonomicznej powstaj\u0105 dwa zak\u0142ady &#8211; pierwszy pomi\u0119dzy Mikulczycami a Rokitnic\u0105, drugi przy ulicy Handlowej. Jeszcze w tym roku do strefy ma zosta\u0107 w\u0142\u0105czonych kolejnych 20 dzia\u0142ek. Inwestycj\u0119 rozpoczyna firma Schoeller Allibert ? specjalista w produkcji opakowa\u0144 zwrotnych z tworzywa sztucznego. Planowany termin zako\u0144czenia inwestycji to 31 grudnia 2016 r., przy [&hellip;]<\/p>\n","protected":false},"author":4,"featured_media":75757,"comment_status":"closed","ping_status":"closed","sticky":false,"template":"","format":"standard","meta":{"_monsterinsights_skip_tracking":false,"_monsterinsights_sitenote_active":false,"_monsterinsights_sitenote_note":"","_monsterinsights_sitenote_category":0,"footnotes":"","_links_to":"","_links_to_target":""},"categories":[8,9,1],"tags":[],"class_list":["post-75746","post","type-post","status-publish","format-standard","has-post-thumbnail","hentry","category-referendum","category-stronaglowna","category-wszystko"],"_links":{"self":[{"href":"https:\/\/www.24zabrze.pl\/wiadomosci\/wp-json\/wp\/v2\/posts\/75746","targetHints":{"allow":["GET"]}}],"collection":[{"href":"https:\/\/www.24zabrze.pl\/wiadomosci\/wp-json\/wp\/v2\/posts"}],"about":[{"href":"https:\/\/www.24zabrze.pl\/wiadomosci\/wp-json\/wp\/v2\/types\/post"}],"author":[{"embeddable":true,"href":"https:\/\/www.24zabrze.pl\/wiadomosci\/wp-json\/wp\/v2\/users\/4"}],"replies":[{"embeddable":true,"href":"https:\/\/www.24zabrze.pl\/wiadomosci\/wp-json\/wp\/v2\/comments?post=75746"}],"version-history":[{"count":0,"href":"https:\/\/www.24zabrze.pl\/wiadomosci\/wp-json\/wp\/v2\/posts\/75746\/revisions"}],"wp:featuredmedia":[{"embeddable":true,"href":"https:\/\/www.24zabrze.pl\/wiadomosci\/wp-json\/wp\/v2\/media\/75757"}],"wp:attachment":[{"href":"https:\/\/www.24zabrze.pl\/wiadomosci\/wp-json\/wp\/v2\/media?parent=75746"}],"wp:term":[{"taxonomy":"category","embeddable":true,"href":"https:\/\/www.24zabrze.pl\/wiadomosci\/wp-json\/wp\/v2\/categories?post=75746"},{"taxonomy":"post_tag","embeddable":true,"href":"https:\/\/www.24zabrze.pl\/wiadomosci\/wp-json\/wp\/v2\/tags?post=75746"}],"curies":[{"name":"wp","href":"https:\/\/api.w.org\/{rel}","templated":true}]}}