{"id":75736,"date":"2015-07-29T14:07:42","date_gmt":"2015-07-29T12:07:42","guid":{"rendered":"http:\/\/www.24zabrze.pl\/wiadomosci\/?p=75736"},"modified":"2015-07-29T14:41:01","modified_gmt":"2015-07-29T12:41:01","slug":"rok-temu-szwedzki-gigant-meblowy-kupil-dzialke-pod-budowe-sklepu-kiedy-zrobimy-w-nim-zakupy","status":"publish","type":"post","link":"https:\/\/www.24zabrze.pl\/wiadomosci\/rok-temu-szwedzki-gigant-meblowy-kupil-dzialke-pod-budowe-sklepu-kiedy-zrobimy-w-nim-zakupy\/","title":{"rendered":"Rok temu szwedzki gigant meblowy kupi\u0142 dzia\u0142k\u0119 pod budow\u0119 sklepu. Kiedy zrobimy w nim zakupy?"},"content":{"rendered":"<div class=\"zabrz-a6-z-nad-leadem-artykulow zabrz-entity-placement\" id=\"zabrz-3246659803\"><div class=\"zabrz-adlabel\"><span style=\"font-size: 9px\">REKLAMA<\/span><\/div><div id=\"zabrz-3732703140\" style=\"margin-bottom: 30px;margin-left: auto;margin-right: auto;text-align: center;\"><a data-no-instant=\"1\" href=\"https:\/\/dom100.eu\/\" rel=\"noopener\" class=\"a2t-link\" target=\"_blank\" aria-label=\"20260415 DOM100 D\"><img loading=\"lazy\" decoding=\"async\" src=\"https:\/\/www.24zabrze.pl\/wiadomosci\/wp-content\/uploads\/2026\/02\/20260415-DOM100-D.jpg\" alt=\"\"  srcset=\"https:\/\/www.24zabrze.pl\/wiadomosci\/wp-content\/uploads\/2026\/02\/20260415-DOM100-D.jpg 750w, https:\/\/www.24zabrze.pl\/wiadomosci\/wp-content\/uploads\/2026\/02\/20260415-DOM100-D-410x109.jpg 410w\" sizes=\"(max-width: 750px) 100vw, 750px\" class=\"no-lazyload\" width=\"750\" height=\"200\"  style=\"display: inline-block; max-width: 100%; height: auto;\" \/><\/a><\/div><\/div><h3>Je\u015bli chcecie wyposa\u017cy\u0107 swoje mieszkanie w meble tej znanej na \u015bwiecie firmy, kupuj\u0105c je w Zabrzu, a nie w Katowicach, to musicie uzbroi\u0107 si\u0119 w cierpliwo\u015b\u0107.<\/h3>\n<p>Market IKEA zostanie wybudowany na licz\u0105cej 25 hektar\u00f3w dzia\u0142ce przy ulicy Lompy. B\u0119dzie to jednak nie tylko sam sklep oferuj\u0105cy meble tej marki, ale ca\u0142e centrum handlowe plus tereny rekreacyjne. [pullquote align=&#8221;left&#8221; cite=&#8221;&#8221; link=&#8221;&#8221; color=&#8221;#afafff&#8221; class=&#8221;&#8221; size=&#8221;&#8221;]Nie rozpocz\u0119to jeszcze prac budowlanych, ale to nie znaczy, \u017ce w kontek\u015bcie realizacji inwestycji, nic si\u0119 nie dzieje.[\/pullquote]\n<p>Przedstawiciele koncernu s\u0105 na etapie projektowania nie tylko samego centrum, ale r\u00f3wnie\u017c uk\u0142adu drogowego. To skomplikowane zadanie, zak\u0142adaj\u0105ce w\u0142\u0105czenie si\u0119 do Drogowej Trasy \u015arednicowej. Inwestor przygotowuje teraz r\u00f3\u017cne koncepcje takiego uk\u0142adu.<\/p><div class=\"zabrz-a3-z-w-tresci-artykulow zabrz-entity-placement\" id=\"zabrz-608598274\"><div class=\"zabrz-adlabel\"><span style=\"font-size: 9px\">REKLAMA<\/span><\/div><div id=\"zabrz-898739132\" style=\"margin-bottom: 40px;margin-left: auto;margin-right: auto;text-align: center;\"><a data-no-instant=\"1\" href=\"https:\/\/ogrodyandersa.pl\/\" rel=\"noopener\" class=\"a2t-link\" target=\"_blank\" aria-label=\"20260415 Ogrody Andersa WYBIERZ MIESZKANIE D\"><img loading=\"lazy\" decoding=\"async\" src=\"https:\/\/www.24zabrze.pl\/wiadomosci\/wp-content\/uploads\/2026\/02\/20260415-Ogrody-Andersa-WYBIERZ-MIESZKANIE-D.jpg\" alt=\"\"  srcset=\"https:\/\/www.24zabrze.pl\/wiadomosci\/wp-content\/uploads\/2026\/02\/20260415-Ogrody-Andersa-WYBIERZ-MIESZKANIE-D.jpg 750w, https:\/\/www.24zabrze.pl\/wiadomosci\/wp-content\/uploads\/2026\/02\/20260415-Ogrody-Andersa-WYBIERZ-MIESZKANIE-D-410x109.jpg 410w\" sizes=\"(max-width: 750px) 100vw, 750px\" class=\"no-lazyload\" width=\"750\" height=\"200\"  style=\"display: inline-block; max-width: 100%; height: auto;\" \/><\/a><\/div><\/div>\n<p>&#8211; Na terenie, gdzie planujemy wybudowa\u0107 nowe centrum, przeprowadzana jest przez miasto makroniwelacja. Po zako\u0144czeniu tych prac, b\u0119dziemy mogli przej\u0105\u0107 teren i zacz\u0105\u0107 potrzebne analizy terenu oraz prace pomiarowe &#8211; wyja\u015bnia <strong>Izabela Sawicka<\/strong>, PR manager w IKEA Centres Poland.<\/p>\n<p>Grunt pod sklep IKEA zosta\u0142 sprzedany za 22 mln z\u0142, co jest najwi\u0119ksz\u0105 kwot\u0105 uzyskan\u0105 ze sprzeda\u017cy nieruchomo\u015bci w historii miasta. Wi\u0119ksza cz\u0119\u015b\u0107 terenu nale\u017ca\u0142a do Skarbu Pa\u0144stwa i bezpo\u015brednio do kasy miasta trafi\u0142a suma 4 mln z\u0142. Jednak zgodnie z obowi\u0105zuj\u0105cymi przepisami, przy takich transakcjach 25 proc. zysk\u00f3w ze sprzeda\u017cy grunt\u00f3w Skarbu Pa\u0144stwa, le\u017c\u0105cych na terenie danej gminy, trafia do jej bud\u017cetu.<\/p>\n<p>(TK)<\/p>\n","protected":false},"excerpt":{"rendered":"<p>Je\u015bli chcecie wyposa\u017cy\u0107 swoje mieszkanie w meble tej znanej na \u015bwiecie firmy, kupuj\u0105c je w Zabrzu, a nie w Katowicach, to musicie uzbroi\u0107 si\u0119 w cierpliwo\u015b\u0107. Market IKEA zostanie wybudowany na licz\u0105cej 25 hektar\u00f3w dzia\u0142ce przy ulicy Lompy. B\u0119dzie to jednak nie tylko sam sklep oferuj\u0105cy meble tej marki, ale ca\u0142e centrum handlowe plus tereny [&hellip;]<\/p>\n","protected":false},"author":4,"featured_media":75740,"comment_status":"closed","ping_status":"closed","sticky":false,"template":"","format":"standard","meta":{"_monsterinsights_skip_tracking":false,"_monsterinsights_sitenote_active":false,"_monsterinsights_sitenote_note":"","_monsterinsights_sitenote_category":0,"footnotes":"","_links_to":"","_links_to_target":""},"categories":[8,9,1],"tags":[3160,6412],"class_list":["post-75736","post","type-post","status-publish","format-standard","has-post-thumbnail","hentry","category-referendum","category-stronaglowna","category-wszystko","tag-centrum-handlowe","tag-ikea"],"_links":{"self":[{"href":"https:\/\/www.24zabrze.pl\/wiadomosci\/wp-json\/wp\/v2\/posts\/75736","targetHints":{"allow":["GET"]}}],"collection":[{"href":"https:\/\/www.24zabrze.pl\/wiadomosci\/wp-json\/wp\/v2\/posts"}],"about":[{"href":"https:\/\/www.24zabrze.pl\/wiadomosci\/wp-json\/wp\/v2\/types\/post"}],"author":[{"embeddable":true,"href":"https:\/\/www.24zabrze.pl\/wiadomosci\/wp-json\/wp\/v2\/users\/4"}],"replies":[{"embeddable":true,"href":"https:\/\/www.24zabrze.pl\/wiadomosci\/wp-json\/wp\/v2\/comments?post=75736"}],"version-history":[{"count":0,"href":"https:\/\/www.24zabrze.pl\/wiadomosci\/wp-json\/wp\/v2\/posts\/75736\/revisions"}],"wp:featuredmedia":[{"embeddable":true,"href":"https:\/\/www.24zabrze.pl\/wiadomosci\/wp-json\/wp\/v2\/media\/75740"}],"wp:attachment":[{"href":"https:\/\/www.24zabrze.pl\/wiadomosci\/wp-json\/wp\/v2\/media?parent=75736"}],"wp:term":[{"taxonomy":"category","embeddable":true,"href":"https:\/\/www.24zabrze.pl\/wiadomosci\/wp-json\/wp\/v2\/categories?post=75736"},{"taxonomy":"post_tag","embeddable":true,"href":"https:\/\/www.24zabrze.pl\/wiadomosci\/wp-json\/wp\/v2\/tags?post=75736"}],"curies":[{"name":"wp","href":"https:\/\/api.w.org\/{rel}","templated":true}]}}