{"id":75702,"date":"2015-07-27T07:17:12","date_gmt":"2015-07-27T05:17:12","guid":{"rendered":"http:\/\/www.24zabrze.pl\/wiadomosci\/?p=75702"},"modified":"2015-07-27T07:17:12","modified_gmt":"2015-07-27T05:17:12","slug":"budowa-kanalizacji-zakonczona-ale-nie-wszyscy-sie-jej-doczekali-jest-apel-mieszkancow","status":"publish","type":"post","link":"https:\/\/www.24zabrze.pl\/wiadomosci\/budowa-kanalizacji-zakonczona-ale-nie-wszyscy-sie-jej-doczekali-jest-apel-mieszkancow\/","title":{"rendered":"Budowa kanalizacji zako\u0144czona, ale nie wszyscy si\u0119 jej doczekali. Jest apel mieszka\u0144c\u00f3w"},"content":{"rendered":"<div class=\"zabrz-a6-z-nad-leadem-artykulow zabrz-entity-placement\" id=\"zabrz-718741040\"><div class=\"zabrz-adlabel\"><span style=\"font-size: 9px\">REKLAMA<\/span><\/div><div id=\"zabrz-1335951250\" style=\"margin-bottom: 30px;margin-left: auto;margin-right: auto;text-align: center;\"><a data-no-instant=\"1\" href=\"https:\/\/dom100.eu\/\" rel=\"noopener\" class=\"a2t-link\" target=\"_blank\" aria-label=\"20260415 DOM100 D\"><img loading=\"lazy\" decoding=\"async\" src=\"https:\/\/www.24zabrze.pl\/wiadomosci\/wp-content\/uploads\/2026\/02\/20260415-DOM100-D.jpg\" alt=\"\"  srcset=\"https:\/\/www.24zabrze.pl\/wiadomosci\/wp-content\/uploads\/2026\/02\/20260415-DOM100-D.jpg 750w, https:\/\/www.24zabrze.pl\/wiadomosci\/wp-content\/uploads\/2026\/02\/20260415-DOM100-D-410x109.jpg 410w\" sizes=\"(max-width: 750px) 100vw, 750px\" class=\"no-lazyload\" width=\"750\" height=\"200\"  style=\"display: inline-block; max-width: 100%; height: auto;\" \/><\/a><\/div><\/div><h3> Program poprawy gospodarki wodno-\u015bciekowej nie obj\u0105\u0142 kilku miejsc w poszczeg\u00f3lnych dzielnicach. Ich mieszka\u0144cy maj\u0105 nadziej\u0119, \u017ce nie na zawsze. <\/h3>\n<p>Z ostatnim dniem czerwca zako\u0144czono budow\u0119 kanalizacji w Paw\u0142owie, co sygnowano jako finisz ca\u0142o\u015bci prac. Na przestrzeni ostatniego roku kanalizacji doczeka\u0142y si\u0119 Makoszowy, Biskupice, Zaborze P\u00f3\u0142nocne i Po\u0142udniowe, zmodernizowano tak\u017ce oczyszczalni\u0119 \u015bciek\u00f3w \u015ar\u00f3dmie\u015bcie. Inwestycja og\u00f3\u0142em kosztowa\u0142a 777 mln z\u0142, z czego kwota 339 mln z\u0142 stanowi\u0142a dofinansowanie zewn\u0119trzne ze \u015brodk\u00f3w Unii Europejskiej. Jednak nie wsz\u0119dzie kanalizacj\u0119 wybudowano. Roboty nie obj\u0119\u0142y domostw na ulicy Mikulczyckiej. Mieszka\u0144cy s\u0105 tym faktem zdezorientowani. <\/p><div class=\"zabrz-a3-z-w-tresci-artykulow zabrz-entity-placement\" id=\"zabrz-2265116785\"><div class=\"zabrz-adlabel\"><span style=\"font-size: 9px\">REKLAMA<\/span><\/div><div id=\"zabrz-3477250847\" style=\"margin-bottom: 40px;margin-left: auto;margin-right: auto;text-align: center;\"><a data-no-instant=\"1\" href=\"https:\/\/ogrodyandersa.pl\/\" rel=\"noopener\" class=\"a2t-link\" target=\"_blank\" aria-label=\"20260415 Ogrody Andersa WYBIERZ MIESZKANIE D\"><img loading=\"lazy\" decoding=\"async\" src=\"https:\/\/www.24zabrze.pl\/wiadomosci\/wp-content\/uploads\/2026\/02\/20260415-Ogrody-Andersa-WYBIERZ-MIESZKANIE-D.jpg\" alt=\"\"  srcset=\"https:\/\/www.24zabrze.pl\/wiadomosci\/wp-content\/uploads\/2026\/02\/20260415-Ogrody-Andersa-WYBIERZ-MIESZKANIE-D.jpg 750w, https:\/\/www.24zabrze.pl\/wiadomosci\/wp-content\/uploads\/2026\/02\/20260415-Ogrody-Andersa-WYBIERZ-MIESZKANIE-D-410x109.jpg 410w\" sizes=\"(max-width: 750px) 100vw, 750px\" class=\"no-lazyload\" width=\"750\" height=\"200\"  style=\"display: inline-block; max-width: 100%; height: auto;\" \/><\/a><\/div><\/div>\n<p>&#8211; Kiedy zostanie rozpocz\u0119te skanalizowanie ul. Mikulczyckiej 35-37 i s\u0105siednich? Jak si\u0119 okazuje, w \u017cadnym z etap\u00f3w poprawy gospodarki wodno-\u015bciekowej nie przewidziano kanalizacji na terenie, na kt\u00f3rym znajduj\u0105 si\u0119 nasze domy. Jeste\u015bmy w krytycznej sytuacji. Mieszkamy w centrum Zabrza, tymczasem wci\u0105\u017c u\u017cywamy starych powojennych szamb ? interweniuje w imieniu mieszka\u0144c\u00f3w, <strong>Iwona Zadumi\u0144ska<\/strong>, zwracaj\u0105c si\u0119 do lokalnych i regionalnych medi\u00f3w o publikacj\u0119 tego apelu.<\/p>\n<p>W odpowiedzi, przedstawiciele zabrza\u0144skich wodoci\u0105g\u00f3w zaznaczaj\u0105, \u017ce przebudowa kanalizacji w tym rejonie b\u0119dzie przeprowadzana w zale\u017cno\u015bci od \u015brodk\u00f3w finansowych, kt\u00f3re mo\u017cna by przeznaczy\u0107 na ten cel. Na pewno jednak nie stanie si\u0119 to do 2017 roku, bo przyj\u0119ty do tego czasu plan, nie zak\u0142ada budowy tam kanalizacji sanitarnej. <\/p>\n<p>Sp\u00f3\u0142ka zapewnia, \u017ce b\u0119dzie szuka\u0142a innych mo\u017cliwo\u015bci podpi\u0119cia do sieci wskazanych posesji. Jak na razie nie ma jednak \u017cadnej daty rozpocz\u0119cia prac. Mieszka\u0144cy musz\u0105 uzbroi\u0107 si\u0119 w cierpliwo\u015b\u0107&#8230;<\/p>\n<p>(TK)<\/p>\n","protected":false},"excerpt":{"rendered":"<p>Program poprawy gospodarki wodno-\u015bciekowej nie obj\u0105\u0142 kilku miejsc w poszczeg\u00f3lnych dzielnicach. Ich mieszka\u0144cy maj\u0105 nadziej\u0119, \u017ce nie na zawsze. Z ostatnim dniem czerwca zako\u0144czono budow\u0119 kanalizacji w Paw\u0142owie, co sygnowano jako finisz ca\u0142o\u015bci prac. Na przestrzeni ostatniego roku kanalizacji doczeka\u0142y si\u0119 Makoszowy, Biskupice, Zaborze P\u00f3\u0142nocne i Po\u0142udniowe, zmodernizowano tak\u017ce oczyszczalni\u0119 \u015bciek\u00f3w \u015ar\u00f3dmie\u015bcie. Inwestycja og\u00f3\u0142em kosztowa\u0142a [&hellip;]<\/p>\n","protected":false},"author":4,"featured_media":75703,"comment_status":"closed","ping_status":"closed","sticky":false,"template":"","format":"standard","meta":{"_monsterinsights_skip_tracking":false,"_monsterinsights_sitenote_active":false,"_monsterinsights_sitenote_note":"","_monsterinsights_sitenote_category":0,"footnotes":"","_links_to":"","_links_to_target":""},"categories":[8,9,1],"tags":[],"class_list":["post-75702","post","type-post","status-publish","format-standard","has-post-thumbnail","hentry","category-referendum","category-stronaglowna","category-wszystko"],"_links":{"self":[{"href":"https:\/\/www.24zabrze.pl\/wiadomosci\/wp-json\/wp\/v2\/posts\/75702","targetHints":{"allow":["GET"]}}],"collection":[{"href":"https:\/\/www.24zabrze.pl\/wiadomosci\/wp-json\/wp\/v2\/posts"}],"about":[{"href":"https:\/\/www.24zabrze.pl\/wiadomosci\/wp-json\/wp\/v2\/types\/post"}],"author":[{"embeddable":true,"href":"https:\/\/www.24zabrze.pl\/wiadomosci\/wp-json\/wp\/v2\/users\/4"}],"replies":[{"embeddable":true,"href":"https:\/\/www.24zabrze.pl\/wiadomosci\/wp-json\/wp\/v2\/comments?post=75702"}],"version-history":[{"count":0,"href":"https:\/\/www.24zabrze.pl\/wiadomosci\/wp-json\/wp\/v2\/posts\/75702\/revisions"}],"wp:featuredmedia":[{"embeddable":true,"href":"https:\/\/www.24zabrze.pl\/wiadomosci\/wp-json\/wp\/v2\/media\/75703"}],"wp:attachment":[{"href":"https:\/\/www.24zabrze.pl\/wiadomosci\/wp-json\/wp\/v2\/media?parent=75702"}],"wp:term":[{"taxonomy":"category","embeddable":true,"href":"https:\/\/www.24zabrze.pl\/wiadomosci\/wp-json\/wp\/v2\/categories?post=75702"},{"taxonomy":"post_tag","embeddable":true,"href":"https:\/\/www.24zabrze.pl\/wiadomosci\/wp-json\/wp\/v2\/tags?post=75702"}],"curies":[{"name":"wp","href":"https:\/\/api.w.org\/{rel}","templated":true}]}}