{"id":75628,"date":"2015-07-24T12:10:45","date_gmt":"2015-07-24T10:10:45","guid":{"rendered":"http:\/\/www.24zabrze.pl\/wiadomosci\/?p=75628"},"modified":"2015-07-24T14:13:18","modified_gmt":"2015-07-24T12:13:18","slug":"glowna-kluczowa-sztolnia-dziedziczna-trwaja-prace-przy-budowie-podziemnych-tras","status":"publish","type":"post","link":"https:\/\/www.24zabrze.pl\/wiadomosci\/glowna-kluczowa-sztolnia-dziedziczna-trwaja-prace-przy-budowie-podziemnych-tras\/","title":{"rendered":"Trwa budowa G\u0142\u00f3wnej Kluczowej Sztolni Dziedzicznej. Zwiedzimy j\u0105 w przysz\u0142ym roku"},"content":{"rendered":"<div class=\"zabrz-a6-z-nad-leadem-artykulow zabrz-entity-placement\" id=\"zabrz-2205277656\"><div class=\"zabrz-adlabel\"><span style=\"font-size: 9px\">REKLAMA<\/span><\/div><div id=\"zabrz-2564998568\" style=\"margin-bottom: 30px;margin-left: auto;margin-right: auto;text-align: center;\"><a data-no-instant=\"1\" href=\"https:\/\/dom100.eu\/\" rel=\"noopener\" class=\"a2t-link\" target=\"_blank\" aria-label=\"20260415 DOM100 D\"><img loading=\"lazy\" decoding=\"async\" src=\"https:\/\/www.24zabrze.pl\/wiadomosci\/wp-content\/uploads\/2026\/02\/20260415-DOM100-D.jpg\" alt=\"\"  srcset=\"https:\/\/www.24zabrze.pl\/wiadomosci\/wp-content\/uploads\/2026\/02\/20260415-DOM100-D.jpg 750w, https:\/\/www.24zabrze.pl\/wiadomosci\/wp-content\/uploads\/2026\/02\/20260415-DOM100-D-410x109.jpg 410w\" sizes=\"(max-width: 750px) 100vw, 750px\" class=\"no-lazyload\" width=\"750\" height=\"200\"  style=\"display: inline-block; max-width: 100%; height: auto;\" \/><\/a><\/div><\/div><h3> Finalnie b\u0119dzie to jedno z najwa\u017cniejszych, je\u015bli nie najwa\u017cniejsze miejsce na szlaku zabytk\u00f3w turystyki poprzemys\u0142owej. Zwiedzimy je w przysz\u0142ym roku, przy czym niekt\u00f3re jej odcinki maj\u0105 zosta\u0107 oddane do u\u017cytku jeszcze w roku bie\u017c\u0105cym. <\/h3>\n<p>W sk\u0142ad projektu Europejski O\u015brodek Kultury Technicznej i Turystyki Przemys\u0142owej wchodzi zar\u00f3wno dzia\u0142aj\u0105ca kopalnia Guido, jak i skansen Kr\u00f3lowa Luiza przy ul. Sienkiewicza, \u0142a\u017ania \u0142a\u0144cuszkowa i szyb Carnall przy ul. Wolno\u015bci, a tak\u017ce, wspomniana najwi\u0119ksza z atrakcji &#8211;  podziemna G\u0142\u00f3wna Kluczowa Sztolnia Dziedziczna, kilkukilometrowa trasa turystyczna. Do tego dochodz\u0105 dodatkowe obiekty oko\u0142oturystyczne, jak cho\u0107by dzia\u0142aj\u0105cy ju\u017c na Guido hostel czy Park 12C. \u0141\u0105czna warto\u015b\u0107 projektu to ponad 86 mln z\u0142, prawie po\u0142owa &#8211; 41 mln z\u0142 pochodzi z unijnego programu Innowacyjna Gospodarka. S\u0105 te\u017c mniejsze przedsi\u0119wzi\u0119cia, jak cho\u0107by czy powstaj\u0105cy przy ul. Sienkiewicza Park Techniki Wojskowej. Inwestycj\u0119 prowadzi Muzeum G\u00f3rnictwa W\u0119glowego, wsp\u00f3lna instytucja miasta i Urz\u0119du Marsza\u0142kowskiego. <\/p><div class=\"zabrz-a3-z-w-tresci-artykulow zabrz-entity-placement\" id=\"zabrz-243285686\"><div class=\"zabrz-adlabel\"><span style=\"font-size: 9px\">REKLAMA<\/span><\/div><div id=\"zabrz-636232845\" style=\"margin-bottom: 40px;margin-left: auto;margin-right: auto;text-align: center;\"><a data-no-instant=\"1\" href=\"https:\/\/ogrodyandersa.pl\/\" rel=\"noopener\" class=\"a2t-link\" target=\"_blank\" aria-label=\"20260415 Ogrody Andersa WYBIERZ MIESZKANIE D\"><img loading=\"lazy\" decoding=\"async\" src=\"https:\/\/www.24zabrze.pl\/wiadomosci\/wp-content\/uploads\/2026\/02\/20260415-Ogrody-Andersa-WYBIERZ-MIESZKANIE-D.jpg\" alt=\"\"  srcset=\"https:\/\/www.24zabrze.pl\/wiadomosci\/wp-content\/uploads\/2026\/02\/20260415-Ogrody-Andersa-WYBIERZ-MIESZKANIE-D.jpg 750w, https:\/\/www.24zabrze.pl\/wiadomosci\/wp-content\/uploads\/2026\/02\/20260415-Ogrody-Andersa-WYBIERZ-MIESZKANIE-D-410x109.jpg 410w\" sizes=\"(max-width: 750px) 100vw, 750px\" class=\"no-lazyload\" width=\"750\" height=\"200\"  style=\"display: inline-block; max-width: 100%; height: auto;\" \/><\/a><\/div><\/div>\n<p>Gotowy jest obiekt przy ul. Miarki, budynek obs\u0142ugi ruchu turystycznego przy wylocie sztolni oraz dwie wystawy w poprzemys\u0142owych budynkach obok szybu Carnall: ekspozycja Kopalnia Edisona oraz wystawa po\u015bwi\u0119cona historii kopalni Kr\u00f3lowa Luiza. Dzia\u0142a ju\u017c tak\u017ce hostel Guido. <\/p>\n<p>W tej chwili prowadzone s\u0105 prace przy przebudowie wlotu do sztolni przy ul. Miarki, przy ul. Sienkiewicza powstaje interakcyjny Park 12C, remontowany jest budynek nadszybia szybu Wyzwolenie oraz przebudowywany budynek wentylator\u00f3w Guibald. Przy ul. Wolno\u015bci trwa rewitalizacja budynku \u0142a\u017ani \u0142a\u0144cuszkowej oraz nadszybia szybu Carnall. Oba obiekty zosta\u0142y ju\u017c po\u0142\u0105czone k\u0142adk\u0105; w budynku \u0142a\u017ani powstaje g\u0142\u00f3wne wej\u015bcie do kompleksu, kasy biletowe, poczekalnia oraz restauracja, sk\u0105d b\u0119dzie si\u0119 przechodzi\u0107 piechot\u0105 w rejon szybu. Niebawem zbudowany te\u017c zostanie budynek stacji wentylator\u00f3w g\u0142\u00f3wnego przewietrzania wyrobisk g\u00f3rniczych, na wysoko\u015bci siedziby firmy DB Schenker. Wszystkie te roboty zostan\u0105 zako\u0144czone w 2015 roku. <\/p>\n<p>P\u00f3\u017an\u0105 jesieni\u0105 zako\u0144czy si\u0119 m.in. remont budynku nadszybia szybu Wyzwolenie, otwarty zostanie tak\u017ce Park Techniki Wojskowej. Wci\u0105\u017c tocz\u0105 si\u0119 prace w podziemiach sztolni. Na razie udro\u017cniono szyby Carnall i Wyzwolenie. Sam podziemny tunel te\u017c zosta\u0142 ju\u017c odkopany na tyle, \u017ce mo\u017cna ju\u017c przej\u015b\u0107 nim od ul. Miarki do okolic hali Pogoni. <\/p>\n<p>Pierwsza podziemna trasa w nowym obiekcie, pomi\u0119dzy szybem Carnall a szybem Wyzwolenie, zostanie oddana do u\u017cytku na pocz\u0105tku 2016 roku. W tym czasie powinien by\u0107 ju\u017c te\u017c gotowy system transportu wodnego w podziemiach, dzi\u0119ki kt\u00f3remu tury\u015bci \u0142odziami b\u0119d\u0105 si\u0119 przemieszcza\u0107 od wlotu przy ul. Miarki do mijanki w okolicach browaru. Pod koniec przysz\u0142ego roku sztolnia zostanie wyposa\u017cona w eksponaty muzealne. Otwarcie ca\u0142ego kompleksu obecnie planowane jest na koniec 2016 roku. <\/p>\n<p>(TK)<\/p>\n","protected":false},"excerpt":{"rendered":"<p>Finalnie b\u0119dzie to jedno z najwa\u017cniejszych, je\u015bli nie najwa\u017cniejsze miejsce na szlaku zabytk\u00f3w turystyki poprzemys\u0142owej. Zwiedzimy je w przysz\u0142ym roku, przy czym niekt\u00f3re jej odcinki maj\u0105 zosta\u0107 oddane do u\u017cytku jeszcze w roku bie\u017c\u0105cym. W sk\u0142ad projektu Europejski O\u015brodek Kultury Technicznej i Turystyki Przemys\u0142owej wchodzi zar\u00f3wno dzia\u0142aj\u0105ca kopalnia Guido, jak i skansen Kr\u00f3lowa Luiza przy [&hellip;]<\/p>\n","protected":false},"author":4,"featured_media":75629,"comment_status":"closed","ping_status":"closed","sticky":false,"template":"","format":"standard","meta":{"_monsterinsights_skip_tracking":false,"_monsterinsights_sitenote_active":false,"_monsterinsights_sitenote_note":"","_monsterinsights_sitenote_category":0,"footnotes":"","_links_to":"","_links_to_target":""},"categories":[8,9,1],"tags":[],"class_list":["post-75628","post","type-post","status-publish","format-standard","has-post-thumbnail","hentry","category-referendum","category-stronaglowna","category-wszystko"],"_links":{"self":[{"href":"https:\/\/www.24zabrze.pl\/wiadomosci\/wp-json\/wp\/v2\/posts\/75628","targetHints":{"allow":["GET"]}}],"collection":[{"href":"https:\/\/www.24zabrze.pl\/wiadomosci\/wp-json\/wp\/v2\/posts"}],"about":[{"href":"https:\/\/www.24zabrze.pl\/wiadomosci\/wp-json\/wp\/v2\/types\/post"}],"author":[{"embeddable":true,"href":"https:\/\/www.24zabrze.pl\/wiadomosci\/wp-json\/wp\/v2\/users\/4"}],"replies":[{"embeddable":true,"href":"https:\/\/www.24zabrze.pl\/wiadomosci\/wp-json\/wp\/v2\/comments?post=75628"}],"version-history":[{"count":0,"href":"https:\/\/www.24zabrze.pl\/wiadomosci\/wp-json\/wp\/v2\/posts\/75628\/revisions"}],"wp:featuredmedia":[{"embeddable":true,"href":"https:\/\/www.24zabrze.pl\/wiadomosci\/wp-json\/wp\/v2\/media\/75629"}],"wp:attachment":[{"href":"https:\/\/www.24zabrze.pl\/wiadomosci\/wp-json\/wp\/v2\/media?parent=75628"}],"wp:term":[{"taxonomy":"category","embeddable":true,"href":"https:\/\/www.24zabrze.pl\/wiadomosci\/wp-json\/wp\/v2\/categories?post=75628"},{"taxonomy":"post_tag","embeddable":true,"href":"https:\/\/www.24zabrze.pl\/wiadomosci\/wp-json\/wp\/v2\/tags?post=75628"}],"curies":[{"name":"wp","href":"https:\/\/api.w.org\/{rel}","templated":true}]}}