{"id":75605,"date":"2015-07-23T11:32:16","date_gmt":"2015-07-23T09:32:16","guid":{"rendered":"http:\/\/www.24zabrze.pl\/wiadomosci\/?p=75605"},"modified":"2015-07-23T11:32:16","modified_gmt":"2015-07-23T09:32:16","slug":"na-zandce-powstanie-silownia-pod-chmurka-dzieki-budzetowi-obywatelskiemu","status":"publish","type":"post","link":"https:\/\/www.24zabrze.pl\/wiadomosci\/na-zandce-powstanie-silownia-pod-chmurka-dzieki-budzetowi-obywatelskiemu\/","title":{"rendered":"Na Zandce powstanie si\u0142ownia pod chmurk\u0105. Dzi\u0119ki bud\u017cetowi obywatelskiemu"},"content":{"rendered":"<div class=\"zabrz-a6-z-nad-leadem-artykulow zabrz-entity-placement\" id=\"zabrz-1528584739\"><div class=\"zabrz-adlabel\"><span style=\"font-size: 9px\">REKLAMA<\/span><\/div><div id=\"zabrz-3349240861\" style=\"margin-bottom: 30px;margin-left: auto;margin-right: auto;text-align: center;\"><a data-no-instant=\"1\" href=\"https:\/\/dom100.eu\/\" rel=\"noopener\" class=\"a2t-link\" target=\"_blank\" aria-label=\"20260415 DOM100 D\"><img loading=\"lazy\" decoding=\"async\" src=\"https:\/\/www.24zabrze.pl\/wiadomosci\/wp-content\/uploads\/2026\/02\/20260415-DOM100-D.jpg\" alt=\"\"  srcset=\"https:\/\/www.24zabrze.pl\/wiadomosci\/wp-content\/uploads\/2026\/02\/20260415-DOM100-D.jpg 750w, https:\/\/www.24zabrze.pl\/wiadomosci\/wp-content\/uploads\/2026\/02\/20260415-DOM100-D-410x109.jpg 410w\" sizes=\"(max-width: 750px) 100vw, 750px\" class=\"no-lazyload\" width=\"750\" height=\"200\"  style=\"display: inline-block; max-width: 100%; height: auto;\" \/><\/a><\/div><\/div><h3> M\u0142odzie\u017c z Zandki ju\u017c nie b\u0119dzie musia\u0142a zazdro\u015bci\u0107 r\u00f3wie\u015bnikom z innych dzielnic miasta. Inwestycja zostanie zrealizowana za kwot\u0119 ponad 58 tysi\u0119cy z\u0142otych. <\/h3>\n<p>Co prawda zg\u0142oszony przez <strong>Jerzego Walani\u0119<\/strong>, przewodnicz\u0105cego Rady Dzielnicy, projekt budowy si\u0142owni wyl\u0105dowa\u0142 dopiero na 22 miejscu pierwszej ods\u0142ony bud\u017cetu obywatelskiego, to pozosta\u0142e inwestycje okaza\u0142y si\u0119 za drogie. <\/p><div class=\"zabrz-a3-z-w-tresci-artykulow zabrz-entity-placement\" id=\"zabrz-3406777109\"><div class=\"zabrz-adlabel\"><span style=\"font-size: 9px\">REKLAMA<\/span><\/div><div id=\"zabrz-4210243824\" style=\"margin-bottom: 40px;margin-left: auto;margin-right: auto;text-align: center;\"><a data-no-instant=\"1\" href=\"https:\/\/ogrodyandersa.pl\/\" rel=\"noopener\" class=\"a2t-link\" target=\"_blank\" aria-label=\"20260415 Ogrody Andersa WYBIERZ MIESZKANIE D\"><img loading=\"lazy\" decoding=\"async\" src=\"https:\/\/www.24zabrze.pl\/wiadomosci\/wp-content\/uploads\/2026\/02\/20260415-Ogrody-Andersa-WYBIERZ-MIESZKANIE-D.jpg\" alt=\"\"  srcset=\"https:\/\/www.24zabrze.pl\/wiadomosci\/wp-content\/uploads\/2026\/02\/20260415-Ogrody-Andersa-WYBIERZ-MIESZKANIE-D.jpg 750w, https:\/\/www.24zabrze.pl\/wiadomosci\/wp-content\/uploads\/2026\/02\/20260415-Ogrody-Andersa-WYBIERZ-MIESZKANIE-D-410x109.jpg 410w\" sizes=\"(max-width: 750px) 100vw, 750px\" class=\"no-lazyload\" width=\"750\" height=\"200\"  style=\"display: inline-block; max-width: 100%; height: auto;\" \/><\/a><\/div><\/div>\n<p>&#8211; Takie szcz\u0119\u015bcie w nieszcz\u0119\u015bciu &#8211; \u015bmieje si\u0119 <strong>Jerzy Walania<\/strong>, podkre\u015blaj\u0105c jednocze\u015bnie, \u017ce to ogromny sukces mieszka\u0144c\u00f3w, zw\u0142aszcza, \u017ce pod wzgl\u0119dem frekwencji Zandka by\u0142a w czo\u0142\u00f3wce dzielnic aplikuj\u0105cych o realizacj\u0119 zada\u0144 w ramach bud\u017cetu partycypacyjnego. <\/p>\n<p>Si\u0142ownia powstanie przy ulicy ks. Norberta Bo\u0144czyka, obok miejscowego placu zabaw. <\/p>\n<p>(TK)<\/p>\n","protected":false},"excerpt":{"rendered":"<p>M\u0142odzie\u017c z Zandki ju\u017c nie b\u0119dzie musia\u0142a zazdro\u015bci\u0107 r\u00f3wie\u015bnikom z innych dzielnic miasta. Inwestycja zostanie zrealizowana za kwot\u0119 ponad 58 tysi\u0119cy z\u0142otych. Co prawda zg\u0142oszony przez Jerzego Walani\u0119, przewodnicz\u0105cego Rady Dzielnicy, projekt budowy si\u0142owni wyl\u0105dowa\u0142 dopiero na 22 miejscu pierwszej ods\u0142ony bud\u017cetu obywatelskiego, to pozosta\u0142e inwestycje okaza\u0142y si\u0119 za drogie. &#8211; Takie szcz\u0119\u015bcie w nieszcz\u0119\u015bciu [&hellip;]<\/p>\n","protected":false},"author":4,"featured_media":75606,"comment_status":"closed","ping_status":"closed","sticky":false,"template":"","format":"standard","meta":{"_monsterinsights_skip_tracking":false,"_monsterinsights_sitenote_active":false,"_monsterinsights_sitenote_note":"","_monsterinsights_sitenote_category":0,"footnotes":"","_links_to":"","_links_to_target":""},"categories":[8,9,1],"tags":[],"class_list":["post-75605","post","type-post","status-publish","format-standard","has-post-thumbnail","hentry","category-referendum","category-stronaglowna","category-wszystko"],"_links":{"self":[{"href":"https:\/\/www.24zabrze.pl\/wiadomosci\/wp-json\/wp\/v2\/posts\/75605","targetHints":{"allow":["GET"]}}],"collection":[{"href":"https:\/\/www.24zabrze.pl\/wiadomosci\/wp-json\/wp\/v2\/posts"}],"about":[{"href":"https:\/\/www.24zabrze.pl\/wiadomosci\/wp-json\/wp\/v2\/types\/post"}],"author":[{"embeddable":true,"href":"https:\/\/www.24zabrze.pl\/wiadomosci\/wp-json\/wp\/v2\/users\/4"}],"replies":[{"embeddable":true,"href":"https:\/\/www.24zabrze.pl\/wiadomosci\/wp-json\/wp\/v2\/comments?post=75605"}],"version-history":[{"count":0,"href":"https:\/\/www.24zabrze.pl\/wiadomosci\/wp-json\/wp\/v2\/posts\/75605\/revisions"}],"wp:featuredmedia":[{"embeddable":true,"href":"https:\/\/www.24zabrze.pl\/wiadomosci\/wp-json\/wp\/v2\/media\/75606"}],"wp:attachment":[{"href":"https:\/\/www.24zabrze.pl\/wiadomosci\/wp-json\/wp\/v2\/media?parent=75605"}],"wp:term":[{"taxonomy":"category","embeddable":true,"href":"https:\/\/www.24zabrze.pl\/wiadomosci\/wp-json\/wp\/v2\/categories?post=75605"},{"taxonomy":"post_tag","embeddable":true,"href":"https:\/\/www.24zabrze.pl\/wiadomosci\/wp-json\/wp\/v2\/tags?post=75605"}],"curies":[{"name":"wp","href":"https:\/\/api.w.org\/{rel}","templated":true}]}}