{"id":75581,"date":"2015-07-21T14:42:45","date_gmt":"2015-07-21T12:42:45","guid":{"rendered":"http:\/\/www.24zabrze.pl\/wiadomosci\/?p=75581"},"modified":"2015-07-21T14:42:45","modified_gmt":"2015-07-21T12:42:45","slug":"no-i-zaczeli-kopac-oglaszamy-rozpoczecie-wielkiego-remontu-torowisk","status":"publish","type":"post","link":"https:\/\/www.24zabrze.pl\/wiadomosci\/no-i-zaczeli-kopac-oglaszamy-rozpoczecie-wielkiego-remontu-torowisk\/","title":{"rendered":"No i zacz\u0119li kopa\u0107! Og\u0142aszamy rozpocz\u0119cie wielkiego remontu torowisk"},"content":{"rendered":"<div class=\"zabrz-a6-z-nad-leadem-artykulow zabrz-entity-placement\" id=\"zabrz-2423710149\"><div class=\"zabrz-adlabel\"><span style=\"font-size: 9px\">REKLAMA<\/span><\/div><div id=\"zabrz-2003461407\" style=\"margin-bottom: 30px;margin-left: auto;margin-right: auto;text-align: center;\"><a data-no-instant=\"1\" href=\"https:\/\/dom100.eu\/\" rel=\"noopener\" class=\"a2t-link\" target=\"_blank\" aria-label=\"20260415 DOM100 D\"><img loading=\"lazy\" decoding=\"async\" src=\"https:\/\/www.24zabrze.pl\/wiadomosci\/wp-content\/uploads\/2026\/02\/20260415-DOM100-D.jpg\" alt=\"\"  srcset=\"https:\/\/www.24zabrze.pl\/wiadomosci\/wp-content\/uploads\/2026\/02\/20260415-DOM100-D.jpg 750w, https:\/\/www.24zabrze.pl\/wiadomosci\/wp-content\/uploads\/2026\/02\/20260415-DOM100-D-410x109.jpg 410w\" sizes=\"(max-width: 750px) 100vw, 750px\" class=\"no-lazyload\" width=\"750\" height=\"200\"  style=\"display: inline-block; max-width: 100%; height: auto;\" \/><\/a><\/div><\/div><h3> Na zabrza\u0144skich torowiskach pojawi\u0142 si\u0119 ci\u0119\u017cki sprz\u0119t, a wraz z nim pierwsze powa\u017cne utrudnienia komunikacyjne. I tak b\u0119dzie przez prawie trzy miesi\u0105ce. <\/h3>\n<p>Od wczoraj, z powodu wytyczonych objazd\u00f3w, po centrum je\u017adzi si\u0119 do\u015b\u0107 ci\u0119\u017cko. Najgorzej jest na ul. Goethego i de Gaulle?a, gdzie tworz\u0105 si\u0119 korki. <\/p><div class=\"zabrz-a3-z-w-tresci-artykulow zabrz-entity-placement\" id=\"zabrz-2995899324\"><div class=\"zabrz-adlabel\"><span style=\"font-size: 9px\">REKLAMA<\/span><\/div><div id=\"zabrz-743100255\" style=\"margin-bottom: 40px;margin-left: auto;margin-right: auto;text-align: center;\"><a data-no-instant=\"1\" href=\"https:\/\/ogrodyandersa.pl\/\" rel=\"noopener\" class=\"a2t-link\" target=\"_blank\" aria-label=\"20260415 Ogrody Andersa WYBIERZ MIESZKANIE D\"><img loading=\"lazy\" decoding=\"async\" src=\"https:\/\/www.24zabrze.pl\/wiadomosci\/wp-content\/uploads\/2026\/02\/20260415-Ogrody-Andersa-WYBIERZ-MIESZKANIE-D.jpg\" alt=\"\"  srcset=\"https:\/\/www.24zabrze.pl\/wiadomosci\/wp-content\/uploads\/2026\/02\/20260415-Ogrody-Andersa-WYBIERZ-MIESZKANIE-D.jpg 750w, https:\/\/www.24zabrze.pl\/wiadomosci\/wp-content\/uploads\/2026\/02\/20260415-Ogrody-Andersa-WYBIERZ-MIESZKANIE-D-410x109.jpg 410w\" sizes=\"(max-width: 750px) 100vw, 750px\" class=\"no-lazyload\" width=\"750\" height=\"200\"  style=\"display: inline-block; max-width: 100%; height: auto;\" \/><\/a><\/div><\/div>\n<p>&#8211; Za kilka dni sytuacja si\u0119 poprawi. Kierowcy znajd\u0105 inne rozwi\u0105zania: cz\u0119\u015b\u0107 pojedzie ul. Pi\u0142sudskiego, inni wybior\u0105 DT\u015a i A1, by dojecha\u0107 do p\u00f3\u0142nocnych dzielnic miasta ? przewiduje <strong>Kazimierz Ladzi\u0144ski<\/strong>, dyrektor Miejskiego Zarz\u0105du Dr\u00f3g i Infrastruktury Informatycznej. <\/p>\n<p>Prace obejm\u0105 w sumie 3,5 kilometra torowisk. Pr\u00f3cz tego b\u0119d\u0105 prowadzone roboty kanalizacyjne oraz przebudowa gazoci\u0105gu. Ca\u0142kowicie wy\u0142\u0105czone z ruchu ko\u0142owego s\u0105 ulice: Lutra, Brysza i plac Krakowski. <\/p>\n<p>(TK)<\/p>\n","protected":false},"excerpt":{"rendered":"<p>Na zabrza\u0144skich torowiskach pojawi\u0142 si\u0119 ci\u0119\u017cki sprz\u0119t, a wraz z nim pierwsze powa\u017cne utrudnienia komunikacyjne. I tak b\u0119dzie przez prawie trzy miesi\u0105ce. Od wczoraj, z powodu wytyczonych objazd\u00f3w, po centrum je\u017adzi si\u0119 do\u015b\u0107 ci\u0119\u017cko. Najgorzej jest na ul. Goethego i de Gaulle?a, gdzie tworz\u0105 si\u0119 korki. &#8211; Za kilka dni sytuacja si\u0119 poprawi. Kierowcy znajd\u0105 [&hellip;]<\/p>\n","protected":false},"author":4,"featured_media":75582,"comment_status":"closed","ping_status":"closed","sticky":false,"template":"","format":"standard","meta":{"_monsterinsights_skip_tracking":false,"_monsterinsights_sitenote_active":false,"_monsterinsights_sitenote_note":"","_monsterinsights_sitenote_category":0,"footnotes":"","_links_to":"","_links_to_target":""},"categories":[8,9,1],"tags":[],"class_list":["post-75581","post","type-post","status-publish","format-standard","has-post-thumbnail","hentry","category-referendum","category-stronaglowna","category-wszystko"],"_links":{"self":[{"href":"https:\/\/www.24zabrze.pl\/wiadomosci\/wp-json\/wp\/v2\/posts\/75581","targetHints":{"allow":["GET"]}}],"collection":[{"href":"https:\/\/www.24zabrze.pl\/wiadomosci\/wp-json\/wp\/v2\/posts"}],"about":[{"href":"https:\/\/www.24zabrze.pl\/wiadomosci\/wp-json\/wp\/v2\/types\/post"}],"author":[{"embeddable":true,"href":"https:\/\/www.24zabrze.pl\/wiadomosci\/wp-json\/wp\/v2\/users\/4"}],"replies":[{"embeddable":true,"href":"https:\/\/www.24zabrze.pl\/wiadomosci\/wp-json\/wp\/v2\/comments?post=75581"}],"version-history":[{"count":0,"href":"https:\/\/www.24zabrze.pl\/wiadomosci\/wp-json\/wp\/v2\/posts\/75581\/revisions"}],"wp:featuredmedia":[{"embeddable":true,"href":"https:\/\/www.24zabrze.pl\/wiadomosci\/wp-json\/wp\/v2\/media\/75582"}],"wp:attachment":[{"href":"https:\/\/www.24zabrze.pl\/wiadomosci\/wp-json\/wp\/v2\/media?parent=75581"}],"wp:term":[{"taxonomy":"category","embeddable":true,"href":"https:\/\/www.24zabrze.pl\/wiadomosci\/wp-json\/wp\/v2\/categories?post=75581"},{"taxonomy":"post_tag","embeddable":true,"href":"https:\/\/www.24zabrze.pl\/wiadomosci\/wp-json\/wp\/v2\/tags?post=75581"}],"curies":[{"name":"wp","href":"https:\/\/api.w.org\/{rel}","templated":true}]}}