{"id":75569,"date":"2015-07-21T11:29:54","date_gmt":"2015-07-21T09:29:54","guid":{"rendered":"http:\/\/www.24zabrze.pl\/wiadomosci\/?p=75569"},"modified":"2015-07-21T13:04:09","modified_gmt":"2015-07-21T11:04:09","slug":"park-lesny-zmieni-oblicze-i-to-bardzo","status":"publish","type":"post","link":"https:\/\/www.24zabrze.pl\/wiadomosci\/park-lesny-zmieni-oblicze-i-to-bardzo\/","title":{"rendered":"Park Le\u015bny wreszcie zmieni oblicze. Dzi\u0119ki projektowi Fajnej Sp\u00f3\u0142dzielni Socjalnej"},"content":{"rendered":"<div class=\"zabrz-a6-z-nad-leadem-artykulow zabrz-entity-placement\" id=\"zabrz-3973639091\"><div class=\"zabrz-adlabel\"><span style=\"font-size: 9px\">REKLAMA<\/span><\/div><div id=\"zabrz-3274307010\" style=\"margin-bottom: 30px;margin-left: auto;margin-right: auto;text-align: center;\"><a data-no-instant=\"1\" href=\"https:\/\/dom100.eu\/\" rel=\"noopener\" class=\"a2t-link\" target=\"_blank\" aria-label=\"20260415 DOM100 D\"><img loading=\"lazy\" decoding=\"async\" src=\"https:\/\/www.24zabrze.pl\/wiadomosci\/wp-content\/uploads\/2026\/02\/20260415-DOM100-D.jpg\" alt=\"\"  srcset=\"https:\/\/www.24zabrze.pl\/wiadomosci\/wp-content\/uploads\/2026\/02\/20260415-DOM100-D.jpg 750w, https:\/\/www.24zabrze.pl\/wiadomosci\/wp-content\/uploads\/2026\/02\/20260415-DOM100-D-410x109.jpg 410w\" sizes=\"(max-width: 750px) 100vw, 750px\" class=\"no-lazyload\" width=\"750\" height=\"200\"  style=\"display: inline-block; max-width: 100%; height: auto;\" \/><\/a><\/div><\/div><h3> Autorami projektu rewitalizacji jednego z ulubionych niegdy\u015b przez zabrzan miejsc spacerowych, jest grupa nieformalnych spo\u0142ecznik\u00f3w z Fajnej Sp\u00f3\u0142dzielni Socjalnej. Ich pomys\u0142 naprawd\u0119 robi wra\u017cenie. <\/h3>\n<p>Pierwszy etap rewitalizacji parku b\u0119dzie kosztowa\u0142 350 tysi\u0119cy z\u0142otych. Projekt zg\u0142oszono do pierwszej edycji bud\u017cetu partycypacyjnego. W g\u0142osowaniu zdoby\u0142 1.945 g\u0142os\u00f3w i &#8220;za\u0142apa\u0142&#8221; si\u0119 na realizacj\u0119. <\/p><div class=\"zabrz-a3-z-w-tresci-artykulow zabrz-entity-placement\" id=\"zabrz-1396560959\"><div class=\"zabrz-adlabel\"><span style=\"font-size: 9px\">REKLAMA<\/span><\/div><div id=\"zabrz-4237066472\" style=\"margin-bottom: 40px;margin-left: auto;margin-right: auto;text-align: center;\"><a data-no-instant=\"1\" href=\"https:\/\/ogrodyandersa.pl\/\" rel=\"noopener\" class=\"a2t-link\" target=\"_blank\" aria-label=\"20260415 Ogrody Andersa WYBIERZ MIESZKANIE D\"><img loading=\"lazy\" decoding=\"async\" src=\"https:\/\/www.24zabrze.pl\/wiadomosci\/wp-content\/uploads\/2026\/02\/20260415-Ogrody-Andersa-WYBIERZ-MIESZKANIE-D.jpg\" alt=\"\"  srcset=\"https:\/\/www.24zabrze.pl\/wiadomosci\/wp-content\/uploads\/2026\/02\/20260415-Ogrody-Andersa-WYBIERZ-MIESZKANIE-D.jpg 750w, https:\/\/www.24zabrze.pl\/wiadomosci\/wp-content\/uploads\/2026\/02\/20260415-Ogrody-Andersa-WYBIERZ-MIESZKANIE-D-410x109.jpg 410w\" sizes=\"(max-width: 750px) 100vw, 750px\" class=\"no-lazyload\" width=\"750\" height=\"200\"  style=\"display: inline-block; max-width: 100%; height: auto;\" \/><\/a><\/div><\/div>\n<p>&#8211; Mieli\u015bmy wst\u0119pn\u0105 wizj\u0119 tego co nale\u017cy tam zrobi\u0107, wtedy okaza\u0142o si\u0119, \u017ce b\u0119dzie bud\u017cet partycypacyjny ? m\u00f3wi\u0142 niedawno na \u0142amach lokalnych medi\u00f3w <strong>Bogus\u0142aw Kami\u0144ski<\/strong>, jeden z inicjator\u00f3w przedsi\u0119wzi\u0119cia. ? Dzi\u0119ki temu do swojego pomys\u0142u nie musieli\u015bmy przekonywa\u0107 urz\u0119dnik\u00f3w, tylko mieszka\u0144c\u00f3w. To chyba by\u0142o prostsze. Zainteresowali\u015bmy wielu ludzi. Za\u0142o\u017cyli\u015bmy stron\u0119 internetow\u0105 www.uroczysko-lesne.pl, na kt\u00f3r\u0105 w ci\u0105gu 10 dni by\u0142o 10 tysi\u0119cy wej\u015b\u0107. Relacjonowali\u015bmy tam przebieg naszych dzia\u0142a\u0144. Wsp\u00f3\u0142pracowali\u015bmy z dwoma szko\u0142ami podstawowymi, trzema przedszkolami i z parafiami. Sporo uwagi po\u015bwi\u0119cili\u015bmy kontaktom z m\u0142odzie\u017c\u0105. Gdy m\u00f3wili\u015bmy, \u017ce to teren do rekreacji, bardzo ch\u0119tnie deklarowali poparcie. <\/p>\n<p>Pierwszy etap rewitalizacji obejmie budow\u0119 toalet i instalacj\u0119 o\u015bwietlenia. Przy alejkach zostan\u0105 postawione \u0142awki, b\u0119dzie te\u017c oznakowanie szlaku rowerowego. Projekt zak\u0142ada tak\u017ce budow\u0119 plac zabaw. Nie b\u0119dzie problemu z miejscami parkingowymi. Na pocz\u0105tek b\u0119dzie ich 50. <\/p>\n<p>(TK)<\/p>\n","protected":false},"excerpt":{"rendered":"<p>Autorami projektu rewitalizacji jednego z ulubionych niegdy\u015b przez zabrzan miejsc spacerowych, jest grupa nieformalnych spo\u0142ecznik\u00f3w z Fajnej Sp\u00f3\u0142dzielni Socjalnej. Ich pomys\u0142 naprawd\u0119 robi wra\u017cenie. Pierwszy etap rewitalizacji parku b\u0119dzie kosztowa\u0142 350 tysi\u0119cy z\u0142otych. Projekt zg\u0142oszono do pierwszej edycji bud\u017cetu partycypacyjnego. W g\u0142osowaniu zdoby\u0142 1.945 g\u0142os\u00f3w i &#8220;za\u0142apa\u0142&#8221; si\u0119 na realizacj\u0119. &#8211; Mieli\u015bmy wst\u0119pn\u0105 wizj\u0119 tego [&hellip;]<\/p>\n","protected":false},"author":4,"featured_media":75570,"comment_status":"closed","ping_status":"closed","sticky":false,"template":"","format":"standard","meta":{"_monsterinsights_skip_tracking":false,"_monsterinsights_sitenote_active":false,"_monsterinsights_sitenote_note":"","_monsterinsights_sitenote_category":0,"footnotes":"","_links_to":"","_links_to_target":""},"categories":[8,9,1],"tags":[],"class_list":["post-75569","post","type-post","status-publish","format-standard","has-post-thumbnail","hentry","category-referendum","category-stronaglowna","category-wszystko"],"_links":{"self":[{"href":"https:\/\/www.24zabrze.pl\/wiadomosci\/wp-json\/wp\/v2\/posts\/75569","targetHints":{"allow":["GET"]}}],"collection":[{"href":"https:\/\/www.24zabrze.pl\/wiadomosci\/wp-json\/wp\/v2\/posts"}],"about":[{"href":"https:\/\/www.24zabrze.pl\/wiadomosci\/wp-json\/wp\/v2\/types\/post"}],"author":[{"embeddable":true,"href":"https:\/\/www.24zabrze.pl\/wiadomosci\/wp-json\/wp\/v2\/users\/4"}],"replies":[{"embeddable":true,"href":"https:\/\/www.24zabrze.pl\/wiadomosci\/wp-json\/wp\/v2\/comments?post=75569"}],"version-history":[{"count":0,"href":"https:\/\/www.24zabrze.pl\/wiadomosci\/wp-json\/wp\/v2\/posts\/75569\/revisions"}],"wp:featuredmedia":[{"embeddable":true,"href":"https:\/\/www.24zabrze.pl\/wiadomosci\/wp-json\/wp\/v2\/media\/75570"}],"wp:attachment":[{"href":"https:\/\/www.24zabrze.pl\/wiadomosci\/wp-json\/wp\/v2\/media?parent=75569"}],"wp:term":[{"taxonomy":"category","embeddable":true,"href":"https:\/\/www.24zabrze.pl\/wiadomosci\/wp-json\/wp\/v2\/categories?post=75569"},{"taxonomy":"post_tag","embeddable":true,"href":"https:\/\/www.24zabrze.pl\/wiadomosci\/wp-json\/wp\/v2\/tags?post=75569"}],"curies":[{"name":"wp","href":"https:\/\/api.w.org\/{rel}","templated":true}]}}