{"id":75564,"date":"2015-07-20T12:05:04","date_gmt":"2015-07-20T10:05:04","guid":{"rendered":"http:\/\/www.24zabrze.pl\/wiadomosci\/?p=75564"},"modified":"2015-07-20T12:26:23","modified_gmt":"2015-07-20T10:26:23","slug":"objazdy-wytyczone-dziala-komunikacja-zastepcza-ale-jeszcze-nie-kopia","status":"publish","type":"post","link":"https:\/\/www.24zabrze.pl\/wiadomosci\/objazdy-wytyczone-dziala-komunikacja-zastepcza-ale-jeszcze-nie-kopia\/","title":{"rendered":"Objazdy wytyczone, dzia\u0142a komunikacja zast\u0119pcza. Ale jeszcze nie kopi\u0105&#8230;"},"content":{"rendered":"<div class=\"zabrz-a6-z-nad-leadem-artykulow zabrz-entity-placement\" id=\"zabrz-872509895\"><div class=\"zabrz-adlabel\"><span style=\"font-size: 9px\">REKLAMA<\/span><\/div><div id=\"zabrz-3766986252\" style=\"margin-bottom: 30px;margin-left: auto;margin-right: auto;text-align: center;\"><a data-no-instant=\"1\" href=\"https:\/\/dom100.eu\/\" rel=\"noopener\" class=\"a2t-link\" target=\"_blank\" aria-label=\"20260415 DOM100 D\"><img loading=\"lazy\" decoding=\"async\" src=\"https:\/\/www.24zabrze.pl\/wiadomosci\/wp-content\/uploads\/2026\/02\/20260415-DOM100-D.jpg\" alt=\"\"  srcset=\"https:\/\/www.24zabrze.pl\/wiadomosci\/wp-content\/uploads\/2026\/02\/20260415-DOM100-D.jpg 750w, https:\/\/www.24zabrze.pl\/wiadomosci\/wp-content\/uploads\/2026\/02\/20260415-DOM100-D-410x109.jpg 410w\" sizes=\"(max-width: 750px) 100vw, 750px\" class=\"no-lazyload\" width=\"750\" height=\"200\"  style=\"display: inline-block; max-width: 100%; height: auto;\" \/><\/a><\/div><\/div><h3> Drogowy Armageddon mia\u0142 zacz\u0105\u0107 si\u0119 z pi\u0105tku na sobot\u0119, ale najwyra\u017aniej ulewy i burze pokrzy\u017cowa\u0142y plany drogowcom. Roboty pe\u0142n\u0105 par\u0105 rusz\u0105 najpewniej dzi\u015b po po\u0142udniu. <\/h3>\n<p>Nie oznacza to bynajmniej, \u017ce w mie\u015bcie w zwi\u0105zku z zaplanowanym na blisko trzy miesi\u0105ce wielkim remontem torowisk, nic si\u0119 nie dzieje. W kilku punktach Zabrza zmieniona jest ju\u017c organizacja ruchu. Na ulicy Wolno\u015bci kursuje autobus w miejsce tramwaju linii nr 3. <\/p><div class=\"zabrz-a3-z-w-tresci-artykulow zabrz-entity-placement\" id=\"zabrz-1670497297\"><div class=\"zabrz-adlabel\"><span style=\"font-size: 9px\">REKLAMA<\/span><\/div><div id=\"zabrz-4050647455\" style=\"margin-bottom: 40px;margin-left: auto;margin-right: auto;text-align: center;\"><a data-no-instant=\"1\" href=\"https:\/\/ogrodyandersa.pl\/\" rel=\"noopener\" class=\"a2t-link\" target=\"_blank\" aria-label=\"20260415 Ogrody Andersa WYBIERZ MIESZKANIE D\"><img loading=\"lazy\" decoding=\"async\" src=\"https:\/\/www.24zabrze.pl\/wiadomosci\/wp-content\/uploads\/2026\/02\/20260415-Ogrody-Andersa-WYBIERZ-MIESZKANIE-D.jpg\" alt=\"\"  srcset=\"https:\/\/www.24zabrze.pl\/wiadomosci\/wp-content\/uploads\/2026\/02\/20260415-Ogrody-Andersa-WYBIERZ-MIESZKANIE-D.jpg 750w, https:\/\/www.24zabrze.pl\/wiadomosci\/wp-content\/uploads\/2026\/02\/20260415-Ogrody-Andersa-WYBIERZ-MIESZKANIE-D-410x109.jpg 410w\" sizes=\"(max-width: 750px) 100vw, 750px\" class=\"no-lazyload\" width=\"750\" height=\"200\"  style=\"display: inline-block; max-width: 100%; height: auto;\" \/><\/a><\/div><\/div>\n<p>Korekcie uleg\u0142a tak\u017ce organizacja ruchu w samym ci\u0105gu ulicy Wolno\u015bci. Od ulicy Stalmacha w stron\u0119 Zaborza, do Browaru, pojedziecie tylko w jednym kierunku. <\/p>\n<p>Ca\u0142kowicie wy\u0142\u0105czone z ruchu ko\u0142owego zostan\u0105 ulice Lutra, Brysza i Plac Krakowski. Ruch pojazd\u00f3w od strony Katowic poprowadzony zostanie od ul. Wolno\u015bci w al. Monte Cassino i dalej ulicami 3 Maja i Roosevelta. Na ul. Bytomskiej, modernizacja torowiska obejmie odcinki od ul. M\u0142y\u0144skiej do ul. Chrobrego i od ul. Drzyma\u0142y do ul. Zamkowej. Prace b\u0119d\u0105 tu prowadzone przy utrzymaniu ruchu dwukierunkowego.<\/p>\n<p>(TK)<\/p>\n","protected":false},"excerpt":{"rendered":"<p>Drogowy Armageddon mia\u0142 zacz\u0105\u0107 si\u0119 z pi\u0105tku na sobot\u0119, ale najwyra\u017aniej ulewy i burze pokrzy\u017cowa\u0142y plany drogowcom. Roboty pe\u0142n\u0105 par\u0105 rusz\u0105 najpewniej dzi\u015b po po\u0142udniu. Nie oznacza to bynajmniej, \u017ce w mie\u015bcie w zwi\u0105zku z zaplanowanym na blisko trzy miesi\u0105ce wielkim remontem torowisk, nic si\u0119 nie dzieje. W kilku punktach Zabrza zmieniona jest ju\u017c organizacja [&hellip;]<\/p>\n","protected":false},"author":4,"featured_media":75566,"comment_status":"closed","ping_status":"closed","sticky":false,"template":"","format":"standard","meta":{"_monsterinsights_skip_tracking":false,"_monsterinsights_sitenote_active":false,"_monsterinsights_sitenote_note":"","_monsterinsights_sitenote_category":0,"footnotes":"","_links_to":"","_links_to_target":""},"categories":[8,9,1],"tags":[],"class_list":["post-75564","post","type-post","status-publish","format-standard","has-post-thumbnail","hentry","category-referendum","category-stronaglowna","category-wszystko"],"_links":{"self":[{"href":"https:\/\/www.24zabrze.pl\/wiadomosci\/wp-json\/wp\/v2\/posts\/75564","targetHints":{"allow":["GET"]}}],"collection":[{"href":"https:\/\/www.24zabrze.pl\/wiadomosci\/wp-json\/wp\/v2\/posts"}],"about":[{"href":"https:\/\/www.24zabrze.pl\/wiadomosci\/wp-json\/wp\/v2\/types\/post"}],"author":[{"embeddable":true,"href":"https:\/\/www.24zabrze.pl\/wiadomosci\/wp-json\/wp\/v2\/users\/4"}],"replies":[{"embeddable":true,"href":"https:\/\/www.24zabrze.pl\/wiadomosci\/wp-json\/wp\/v2\/comments?post=75564"}],"version-history":[{"count":0,"href":"https:\/\/www.24zabrze.pl\/wiadomosci\/wp-json\/wp\/v2\/posts\/75564\/revisions"}],"wp:featuredmedia":[{"embeddable":true,"href":"https:\/\/www.24zabrze.pl\/wiadomosci\/wp-json\/wp\/v2\/media\/75566"}],"wp:attachment":[{"href":"https:\/\/www.24zabrze.pl\/wiadomosci\/wp-json\/wp\/v2\/media?parent=75564"}],"wp:term":[{"taxonomy":"category","embeddable":true,"href":"https:\/\/www.24zabrze.pl\/wiadomosci\/wp-json\/wp\/v2\/categories?post=75564"},{"taxonomy":"post_tag","embeddable":true,"href":"https:\/\/www.24zabrze.pl\/wiadomosci\/wp-json\/wp\/v2\/tags?post=75564"}],"curies":[{"name":"wp","href":"https:\/\/api.w.org\/{rel}","templated":true}]}}