{"id":75547,"date":"2015-07-18T11:22:25","date_gmt":"2015-07-18T09:22:25","guid":{"rendered":"http:\/\/www.24zabrze.pl\/wiadomosci\/?p=75547"},"modified":"2015-07-18T12:25:36","modified_gmt":"2015-07-18T10:25:36","slug":"sciezka-w-kolorze-czerwonym-ponad-kilometr-frajdy-dla-rowerzystow","status":"publish","type":"post","link":"https:\/\/www.24zabrze.pl\/wiadomosci\/sciezka-w-kolorze-czerwonym-ponad-kilometr-frajdy-dla-rowerzystow\/","title":{"rendered":"\u015acie\u017cka w kolorze czerwonym. Ponad kilometr frajdy dla rowerzyst\u00f3w"},"content":{"rendered":"<div class=\"zabrz-a6-z-nad-leadem-artykulow zabrz-entity-placement\" id=\"zabrz-3111244252\"><div class=\"zabrz-adlabel\"><span style=\"font-size: 9px\">REKLAMA<\/span><\/div><div id=\"zabrz-1068736688\" style=\"margin-bottom: 30px;margin-left: auto;margin-right: auto;text-align: center;\"><a data-no-instant=\"1\" href=\"https:\/\/dom100.eu\/\" rel=\"noopener\" class=\"a2t-link\" target=\"_blank\" aria-label=\"20260415 DOM100 D\"><img loading=\"lazy\" decoding=\"async\" src=\"https:\/\/www.24zabrze.pl\/wiadomosci\/wp-content\/uploads\/2026\/02\/20260415-DOM100-D.jpg\" alt=\"\"  srcset=\"https:\/\/www.24zabrze.pl\/wiadomosci\/wp-content\/uploads\/2026\/02\/20260415-DOM100-D.jpg 750w, https:\/\/www.24zabrze.pl\/wiadomosci\/wp-content\/uploads\/2026\/02\/20260415-DOM100-D-410x109.jpg 410w\" sizes=\"(max-width: 750px) 100vw, 750px\" class=\"no-lazyload\" width=\"750\" height=\"200\"  style=\"display: inline-block; max-width: 100%; height: auto;\" \/><\/a><\/div><\/div><h3> Pieni\u0119dzy na \u015bcie\u017cki rowerowe w tegorocznym bud\u017cecie nie ma, co nie znaczy, \u017ce miasto nie szuka rozwi\u0105za\u0144 na wytyczanie nowych tras. Jak si\u0119 chce, to si\u0119 da! <\/h3>\n<p>Trasa w tzw. systemie szwajcarskim powsta\u0142a na mierz\u0105cym ponad kilometr odcinku ulicy Roosevelta &#8211; od skrzy\u017cowania z ulic\u0105 Pi\u0142sudskiego a\u017c do ronda przy granicy z Gliwicami. \u015acie\u017cka jest oznaczona czerwonymi pasami przy kraw\u0119dziach drogi. Podobny spos\u00f3b jest stosowany w wielu krajach Europy, m.in. w Niemczech, Wielkiej Brytanii, czy wspomnianej ju\u017c Szwajcarii. Pr\u00f3cz tras dla rower\u00f3w wyznaczono tak\u017ce przej\u015bcie dla pieszych z wydzielon\u0105 wysepk\u0105.<\/p><div class=\"zabrz-a3-z-w-tresci-artykulow zabrz-entity-placement\" id=\"zabrz-4075254592\"><div class=\"zabrz-adlabel\"><span style=\"font-size: 9px\">REKLAMA<\/span><\/div><div id=\"zabrz-2809838915\" style=\"margin-bottom: 40px;margin-left: auto;margin-right: auto;text-align: center;\"><a data-no-instant=\"1\" href=\"https:\/\/ogrodyandersa.pl\/\" rel=\"noopener\" class=\"a2t-link\" target=\"_blank\" aria-label=\"20260415 Ogrody Andersa WYBIERZ MIESZKANIE D\"><img loading=\"lazy\" decoding=\"async\" src=\"https:\/\/www.24zabrze.pl\/wiadomosci\/wp-content\/uploads\/2026\/02\/20260415-Ogrody-Andersa-WYBIERZ-MIESZKANIE-D.jpg\" alt=\"\"  srcset=\"https:\/\/www.24zabrze.pl\/wiadomosci\/wp-content\/uploads\/2026\/02\/20260415-Ogrody-Andersa-WYBIERZ-MIESZKANIE-D.jpg 750w, https:\/\/www.24zabrze.pl\/wiadomosci\/wp-content\/uploads\/2026\/02\/20260415-Ogrody-Andersa-WYBIERZ-MIESZKANIE-D-410x109.jpg 410w\" sizes=\"(max-width: 750px) 100vw, 750px\" class=\"no-lazyload\" width=\"750\" height=\"200\"  style=\"display: inline-block; max-width: 100%; height: auto;\" \/><\/a><\/div><\/div>\n<p>&#8211; Wytyczenie tego odcinka traktujemy jako test. Z efektu jeste\u015bmy zadowoleni. Podobn\u0105 \u015bcie\u017ck\u0119 rowerow\u0105 chcemy usytuowa\u0107 na ulicy Lompy, w miejscu, gdzie urywa si\u0119 szlak rowerowy z Parku im. Pileckiego &#8211; wyja\u015bnia <strong>Kazimierz Ladzi\u0144ski<\/strong>, szef Miejskiego Zarz\u0105du Dr\u00f3g i Infrastruktury Informatycznej.<\/p>\n<p><a href=\"http:\/\/www.24zabrze.pl\/wiadomosci\/wp-content\/uploads\/2015\/07\/1-2015-07-017.jpg\"><img loading=\"lazy\" decoding=\"async\" src=\"http:\/\/www.24zabrze.pl\/wiadomosci\/wp-content\/uploads\/2015\/07\/1-2015-07-017.jpg\" alt=\"1-2015-07-017\" width=\"810\" height=\"456\" class=\"aligncenter size-full wp-image-75551\" data-wp-pid=\"75551\" srcset=\"https:\/\/www.24zabrze.pl\/wiadomosci\/wp-content\/uploads\/2015\/07\/1-2015-07-017.jpg 810w, https:\/\/www.24zabrze.pl\/wiadomosci\/wp-content\/uploads\/2015\/07\/1-2015-07-017-768x432.jpg 768w, https:\/\/www.24zabrze.pl\/wiadomosci\/wp-content\/uploads\/2015\/07\/1-2015-07-017-410x232.jpg 410w, https:\/\/www.24zabrze.pl\/wiadomosci\/wp-content\/uploads\/2015\/07\/1-2015-07-017-808x455.jpg 808w, https:\/\/www.24zabrze.pl\/wiadomosci\/wp-content\/uploads\/2015\/07\/1-2015-07-017-800x450.jpg 800w\" sizes=\"auto, (max-width: 810px) 100vw, 810px\" \/><\/a><\/p>\n<p>Inwestycja kosztowa\u0142a w sumie 50 tysi\u0119cy z\u0142otych. <\/p>\n<p>&#8211; W ci\u0105gu dw\u00f3ch tygodni gotowy b\u0119dzie odcinek wzd\u0142u\u017c Al. Korfantego, od ul. Niedzia\u0142kowskiego do ul. Bruno, a tak\u017ce wzd\u0142u\u017c ul. Miel\u017cy\u0144skiego, od ronda do M1. Chcemy poprawi\u0107 jeszcze \u015bcie\u017ck\u0119 wzd\u0142u\u017c ul. de Gaulle?a i uruchomi\u0107 przejazd wok\u00f3\u0142 parku, przez ul. Dubiela, ul. Niedzia\u0142kowskiego do Al. Korfantego. To u\u0142atwi \u017cycie rowerzystom, kt\u00f3rzy chc\u0105 porusza\u0107 si\u0119 na odcinku od strony p\u00f3\u0142nocnej miasta w kierunku po\u0142udniowym &#8211; dodaje <strong>Kazimierz Ladzi\u0144ski<\/strong>. <\/p>\n<p>W tegorocznym bud\u017cecie nie ma \u015brodk\u00f3w na wytyczanie dodatkowych tras, ale jak zapewniaj\u0105 urz\u0119dnicy, miasto b\u0119dzie aplikowa\u0142o o \u015brodki unijne na ten cel.  <\/p>\n<p>(TK)<\/p>\n","protected":false},"excerpt":{"rendered":"<p>Pieni\u0119dzy na \u015bcie\u017cki rowerowe w tegorocznym bud\u017cecie nie ma, co nie znaczy, \u017ce miasto nie szuka rozwi\u0105za\u0144 na wytyczanie nowych tras. Jak si\u0119 chce, to si\u0119 da! Trasa w tzw. systemie szwajcarskim powsta\u0142a na mierz\u0105cym ponad kilometr odcinku ulicy Roosevelta &#8211; od skrzy\u017cowania z ulic\u0105 Pi\u0142sudskiego a\u017c do ronda przy granicy z Gliwicami. \u015acie\u017cka jest [&hellip;]<\/p>\n","protected":false},"author":4,"featured_media":75548,"comment_status":"closed","ping_status":"closed","sticky":false,"template":"","format":"standard","meta":{"_monsterinsights_skip_tracking":false,"_monsterinsights_sitenote_active":false,"_monsterinsights_sitenote_note":"","_monsterinsights_sitenote_category":0,"footnotes":"","_links_to":"","_links_to_target":""},"categories":[8,9,1],"tags":[],"class_list":["post-75547","post","type-post","status-publish","format-standard","has-post-thumbnail","hentry","category-referendum","category-stronaglowna","category-wszystko"],"_links":{"self":[{"href":"https:\/\/www.24zabrze.pl\/wiadomosci\/wp-json\/wp\/v2\/posts\/75547","targetHints":{"allow":["GET"]}}],"collection":[{"href":"https:\/\/www.24zabrze.pl\/wiadomosci\/wp-json\/wp\/v2\/posts"}],"about":[{"href":"https:\/\/www.24zabrze.pl\/wiadomosci\/wp-json\/wp\/v2\/types\/post"}],"author":[{"embeddable":true,"href":"https:\/\/www.24zabrze.pl\/wiadomosci\/wp-json\/wp\/v2\/users\/4"}],"replies":[{"embeddable":true,"href":"https:\/\/www.24zabrze.pl\/wiadomosci\/wp-json\/wp\/v2\/comments?post=75547"}],"version-history":[{"count":0,"href":"https:\/\/www.24zabrze.pl\/wiadomosci\/wp-json\/wp\/v2\/posts\/75547\/revisions"}],"wp:featuredmedia":[{"embeddable":true,"href":"https:\/\/www.24zabrze.pl\/wiadomosci\/wp-json\/wp\/v2\/media\/75548"}],"wp:attachment":[{"href":"https:\/\/www.24zabrze.pl\/wiadomosci\/wp-json\/wp\/v2\/media?parent=75547"}],"wp:term":[{"taxonomy":"category","embeddable":true,"href":"https:\/\/www.24zabrze.pl\/wiadomosci\/wp-json\/wp\/v2\/categories?post=75547"},{"taxonomy":"post_tag","embeddable":true,"href":"https:\/\/www.24zabrze.pl\/wiadomosci\/wp-json\/wp\/v2\/tags?post=75547"}],"curies":[{"name":"wp","href":"https:\/\/api.w.org\/{rel}","templated":true}]}}