{"id":75433,"date":"2015-07-13T11:18:22","date_gmt":"2015-07-13T09:18:22","guid":{"rendered":"http:\/\/www.24zabrze.pl\/wiadomosci\/?p=75433"},"modified":"2015-07-14T11:42:42","modified_gmt":"2015-07-14T09:42:42","slug":"mieszkancy-biskupic-zadaja-lidla-ale-jeszcze-beda-musieli-poczekac","status":"publish","type":"post","link":"https:\/\/www.24zabrze.pl\/wiadomosci\/mieszkancy-biskupic-zadaja-lidla-ale-jeszcze-beda-musieli-poczekac\/","title":{"rendered":"Mieszka\u0144cy Biskupic \u017c\u0105daj\u0105 Lidla! Ale jeszcze b\u0119d\u0105 musieli poczeka\u0107"},"content":{"rendered":"<div class=\"zabrz-a6-z-nad-leadem-artykulow zabrz-entity-placement\" id=\"zabrz-2002269013\"><div class=\"zabrz-adlabel\"><span style=\"font-size: 9px\">REKLAMA<\/span><\/div><div id=\"zabrz-738669173\" style=\"margin-bottom: 30px;margin-left: auto;margin-right: auto;text-align: center;\"><a data-no-instant=\"1\" href=\"https:\/\/dom100.eu\/\" rel=\"noopener\" class=\"a2t-link\" target=\"_blank\" aria-label=\"20260415 DOM100 D\"><img loading=\"lazy\" decoding=\"async\" src=\"https:\/\/www.24zabrze.pl\/wiadomosci\/wp-content\/uploads\/2026\/02\/20260415-DOM100-D.jpg\" alt=\"\"  srcset=\"https:\/\/www.24zabrze.pl\/wiadomosci\/wp-content\/uploads\/2026\/02\/20260415-DOM100-D.jpg 750w, https:\/\/www.24zabrze.pl\/wiadomosci\/wp-content\/uploads\/2026\/02\/20260415-DOM100-D-410x109.jpg 410w\" sizes=\"(max-width: 750px) 100vw, 750px\" class=\"no-lazyload\" width=\"750\" height=\"200\"  style=\"display: inline-block; max-width: 100%; height: auto;\" \/><\/a><\/div><\/div><h3> Teren pod budow\u0119 marketu wyznaczono ju\u017c dawno. Tyle \u017ce samego sklepu wci\u0105\u017c nie ma. Mieszka\u0144cy dzielnicy dopytuj\u0105 i pisz\u0105 petycje, bo o ile w innych cz\u0119\u015bciach miasta dyskont\u00f3w spo\u017cywczych nie brakuje, Biskupice pod tym wzgl\u0119dem s\u0105 do\u015b\u0107 ubogie. <\/h3>\n<p>Lidl mia\u0142by powsta\u0107 na terenach przy skrzy\u017cowaniu ulic Bytomskiej i Kasprowicza. W maju ubieg\u0142ego roku firma Lidl Polska kupi\u0142a od miasta dzia\u0142k\u0119 o powierzchni 8 tys. 565 metr\u00f3w kwadratowych. Zap\u0142aci\u0142a za ni\u0105 4,1 mln z\u0142, przy cenie wywo\u0142awczej 1,81 mln z\u0142. Dlaczego jednak sklepu wci\u0105\u017c nie ma, skoro podobne obiekty powstaj\u0105 na og\u00f3\u0142 w b\u0142yskawicznym tempie? <\/p><div class=\"zabrz-a3-z-w-tresci-artykulow zabrz-entity-placement\" id=\"zabrz-4111054491\"><div class=\"zabrz-adlabel\"><span style=\"font-size: 9px\">REKLAMA<\/span><\/div><div id=\"zabrz-3823022519\" style=\"margin-bottom: 40px;margin-left: auto;margin-right: auto;text-align: center;\"><a data-no-instant=\"1\" href=\"https:\/\/ogrodyandersa.pl\/\" rel=\"noopener\" class=\"a2t-link\" target=\"_blank\" aria-label=\"20260415 Ogrody Andersa WYBIERZ MIESZKANIE D\"><img loading=\"lazy\" decoding=\"async\" src=\"https:\/\/www.24zabrze.pl\/wiadomosci\/wp-content\/uploads\/2026\/02\/20260415-Ogrody-Andersa-WYBIERZ-MIESZKANIE-D.jpg\" alt=\"\"  srcset=\"https:\/\/www.24zabrze.pl\/wiadomosci\/wp-content\/uploads\/2026\/02\/20260415-Ogrody-Andersa-WYBIERZ-MIESZKANIE-D.jpg 750w, https:\/\/www.24zabrze.pl\/wiadomosci\/wp-content\/uploads\/2026\/02\/20260415-Ogrody-Andersa-WYBIERZ-MIESZKANIE-D-410x109.jpg 410w\" sizes=\"(max-width: 750px) 100vw, 750px\" class=\"no-lazyload\" width=\"750\" height=\"200\"  style=\"display: inline-block; max-width: 100%; height: auto;\" \/><\/a><\/div><\/div>\n<p>Urz\u0119dnicy uspokajaj\u0105 mieszka\u0144c\u00f3w t\u0142umacz\u0105c, \u017ce wydane pozwolenie na budow\u0119 jest wa\u017cne trzy lata, zatem nie powod\u00f3w do obaw, by inwestor si\u0119 rozmy\u015bli\u0142. <\/p>\n<p>&#8211; Inwestor wcze\u015bniej wyst\u0105pi\u0142 o zmian\u0119 warunk\u00f3w zabudowy. Przede wszystkim po to, \u017ceby podnie\u015b\u0107 standard sklepu. Zatem przyszli, potencjalni klienci tylko na tym skorzystaj\u0105. Zdecydowa\u0142 si\u0119 na obiekt wi\u0119kszy od tego, kt\u00f3ry by\u0142 uj\u0119ty w pierwotnych planach. Budynek b\u0119dzie posiada\u0142 dwie kondygnacje. Powierzchnia sprzeda\u017cy wyniesie od 1.380 do 1.500 m kwadratowych. Plany zak\u0142adaj\u0105 tak\u017ce budow\u0119 parkingu na 120 miejsc. Nie b\u0119dzie wi\u0119c problemu z parkowaniem &#8211; zapewniaj\u0105 przedstawiciele zabrza\u0144skiego magistratu. <\/p>\n<p>(TK)<\/p>\n","protected":false},"excerpt":{"rendered":"<p>Teren pod budow\u0119 marketu wyznaczono ju\u017c dawno. Tyle \u017ce samego sklepu wci\u0105\u017c nie ma. Mieszka\u0144cy dzielnicy dopytuj\u0105 i pisz\u0105 petycje, bo o ile w innych cz\u0119\u015bciach miasta dyskont\u00f3w spo\u017cywczych nie brakuje, Biskupice pod tym wzgl\u0119dem s\u0105 do\u015b\u0107 ubogie. Lidl mia\u0142by powsta\u0107 na terenach przy skrzy\u017cowaniu ulic Bytomskiej i Kasprowicza. W maju ubieg\u0142ego roku firma Lidl [&hellip;]<\/p>\n","protected":false},"author":4,"featured_media":75437,"comment_status":"closed","ping_status":"closed","sticky":false,"template":"","format":"standard","meta":{"_monsterinsights_skip_tracking":false,"_monsterinsights_sitenote_active":false,"_monsterinsights_sitenote_note":"","_monsterinsights_sitenote_category":0,"footnotes":"","_links_to":"","_links_to_target":""},"categories":[8,9,1],"tags":[],"class_list":["post-75433","post","type-post","status-publish","format-standard","has-post-thumbnail","hentry","category-referendum","category-stronaglowna","category-wszystko"],"_links":{"self":[{"href":"https:\/\/www.24zabrze.pl\/wiadomosci\/wp-json\/wp\/v2\/posts\/75433","targetHints":{"allow":["GET"]}}],"collection":[{"href":"https:\/\/www.24zabrze.pl\/wiadomosci\/wp-json\/wp\/v2\/posts"}],"about":[{"href":"https:\/\/www.24zabrze.pl\/wiadomosci\/wp-json\/wp\/v2\/types\/post"}],"author":[{"embeddable":true,"href":"https:\/\/www.24zabrze.pl\/wiadomosci\/wp-json\/wp\/v2\/users\/4"}],"replies":[{"embeddable":true,"href":"https:\/\/www.24zabrze.pl\/wiadomosci\/wp-json\/wp\/v2\/comments?post=75433"}],"version-history":[{"count":0,"href":"https:\/\/www.24zabrze.pl\/wiadomosci\/wp-json\/wp\/v2\/posts\/75433\/revisions"}],"wp:featuredmedia":[{"embeddable":true,"href":"https:\/\/www.24zabrze.pl\/wiadomosci\/wp-json\/wp\/v2\/media\/75437"}],"wp:attachment":[{"href":"https:\/\/www.24zabrze.pl\/wiadomosci\/wp-json\/wp\/v2\/media?parent=75433"}],"wp:term":[{"taxonomy":"category","embeddable":true,"href":"https:\/\/www.24zabrze.pl\/wiadomosci\/wp-json\/wp\/v2\/categories?post=75433"},{"taxonomy":"post_tag","embeddable":true,"href":"https:\/\/www.24zabrze.pl\/wiadomosci\/wp-json\/wp\/v2\/tags?post=75433"}],"curies":[{"name":"wp","href":"https:\/\/api.w.org\/{rel}","templated":true}]}}