{"id":75415,"date":"2015-07-11T10:12:59","date_gmt":"2015-07-11T08:12:59","guid":{"rendered":"http:\/\/www.24zabrze.pl\/wiadomosci\/?p=75415"},"modified":"2015-07-11T11:34:51","modified_gmt":"2015-07-11T09:34:51","slug":"koniec-tanich-smieci-od-sierpnia-za-ich-odbior-zaplacimy-wiecej","status":"publish","type":"post","link":"https:\/\/www.24zabrze.pl\/wiadomosci\/koniec-tanich-smieci-od-sierpnia-za-ich-odbior-zaplacimy-wiecej\/","title":{"rendered":"Koniec tanich \u015bmieci. Od sierpnia za ich odbi\u00f3r zap\u0142acimy wi\u0119cej"},"content":{"rendered":"<div class=\"zabrz-a6-z-nad-leadem-artykulow zabrz-entity-placement\" id=\"zabrz-1516656064\"><div class=\"zabrz-adlabel\"><span style=\"font-size: 9px\">REKLAMA<\/span><\/div><div id=\"zabrz-1253895922\" style=\"margin-bottom: 30px;margin-left: auto;margin-right: auto;text-align: center;\"><a data-no-instant=\"1\" href=\"https:\/\/dom100.eu\/\" rel=\"noopener\" class=\"a2t-link\" target=\"_blank\" aria-label=\"20260415 DOM100 D\"><img loading=\"lazy\" decoding=\"async\" src=\"https:\/\/www.24zabrze.pl\/wiadomosci\/wp-content\/uploads\/2026\/02\/20260415-DOM100-D.jpg\" alt=\"\"  srcset=\"https:\/\/www.24zabrze.pl\/wiadomosci\/wp-content\/uploads\/2026\/02\/20260415-DOM100-D.jpg 750w, https:\/\/www.24zabrze.pl\/wiadomosci\/wp-content\/uploads\/2026\/02\/20260415-DOM100-D-410x109.jpg 410w\" sizes=\"(max-width: 750px) 100vw, 750px\" class=\"no-lazyload\" width=\"750\" height=\"200\"  style=\"display: inline-block; max-width: 100%; height: auto;\" \/><\/a><\/div><\/div><h3> Jeszcze przez niespe\u0142na trzy tygodnie Zabrze b\u0119dzie miastem, gdzie za odbi\u00f3r i utylizacj\u0119 odpad\u00f3w komunalnych p\u0142aci\u0142o si\u0119 najmniej w regionie. Od sierpnia ceny id\u0105 w g\u00f3r\u0119. <\/h3>\n<p>Stawka dla tych, kt\u00f3rzy segreguj\u0105 \u015bmieci wzro\u015bnie z 8,85 z\u0142 do 10 z\u0142 miesi\u0119cznie za osob\u0119, ci kt\u00f3rzy nie segreguj\u0105 zap\u0142ac\u0105 15  z\u0142 za osob\u0119, a nie 12,85 z\u0142, jak by\u0142o do tej pory.<\/p><div class=\"zabrz-a3-z-w-tresci-artykulow zabrz-entity-placement\" id=\"zabrz-4281036940\"><div class=\"zabrz-adlabel\"><span style=\"font-size: 9px\">REKLAMA<\/span><\/div><div id=\"zabrz-1109692659\" style=\"margin-bottom: 40px;margin-left: auto;margin-right: auto;text-align: center;\"><a data-no-instant=\"1\" href=\"https:\/\/ogrodyandersa.pl\/\" rel=\"noopener\" class=\"a2t-link\" target=\"_blank\" aria-label=\"20260415 Ogrody Andersa WYBIERZ MIESZKANIE D\"><img loading=\"lazy\" decoding=\"async\" src=\"https:\/\/www.24zabrze.pl\/wiadomosci\/wp-content\/uploads\/2026\/02\/20260415-Ogrody-Andersa-WYBIERZ-MIESZKANIE-D.jpg\" alt=\"\"  srcset=\"https:\/\/www.24zabrze.pl\/wiadomosci\/wp-content\/uploads\/2026\/02\/20260415-Ogrody-Andersa-WYBIERZ-MIESZKANIE-D.jpg 750w, https:\/\/www.24zabrze.pl\/wiadomosci\/wp-content\/uploads\/2026\/02\/20260415-Ogrody-Andersa-WYBIERZ-MIESZKANIE-D-410x109.jpg 410w\" sizes=\"(max-width: 750px) 100vw, 750px\" class=\"no-lazyload\" width=\"750\" height=\"200\"  style=\"display: inline-block; max-width: 100%; height: auto;\" \/><\/a><\/div><\/div>\n<p>Uchwa\u0142\u0119 w tej sprawie podj\u0119\u0142a Rada Miasta na wniosek w\u0142adz Zabrza. Chodzi o to, \u017ce ponad 80 proc. mieszka\u0144c\u00f3w miasta w deklaracjach zaznaczy\u0142o, \u017ce segreguje \u015bmieci. Tyle \u017ce 72 proc. odbieranych odpad\u00f3w, to odpady zmieszane. Koszt ich zagospodarowania stanowi 55 proc. wszystkich koszt\u00f3w ponoszonych na zagospodarowanie miejskich \u015bmieci. Mniej wydaje si\u0119 na \u015bmieci posegregowane. St\u0105d im wi\u0119cej ich b\u0119dzie, tym mniejsze b\u0119d\u0105 koszty funkcjonowania systemu gospodarowania odpadami w Zabrzu. <\/p>\n<p>Nie bez znaczenia jest niedawna zmiana przepis\u00f3w. W jej wyniku system przesta\u0142 si\u0119 bilansowa\u0107. W maju brakowa\u0142o w nim 130 tys. z\u0142. Przy utrzymaniu obecnych cen, do ko\u0144ca roku luka finansowa wynios\u0142aby oko\u0142o jednego miliona z\u0142otych. By by\u0107 w zgodzie z przepisami prawa, miasto musi finansowa\u0107 gospodark\u0119 odpadami tylko i wy\u0142\u0105cznie z op\u0142at wnoszonych przez mieszka\u0144c\u00f3w. Nie mo\u017ce do niej dok\u0142ada\u0107 z innych dochod\u00f3w. W przeciwnym razie trzeba by by\u0142o wypowiedzie\u0107 umow\u0119 firmie ASA, kt\u00f3ra wygra\u0142a przetarg. A to oznacza\u0142oby konieczno\u015b\u0107 napisania programu gospodarowania odpadami na nowo.<br \/>\n(TK)<\/p>\n","protected":false},"excerpt":{"rendered":"<p>Jeszcze przez niespe\u0142na trzy tygodnie Zabrze b\u0119dzie miastem, gdzie za odbi\u00f3r i utylizacj\u0119 odpad\u00f3w komunalnych p\u0142aci\u0142o si\u0119 najmniej w regionie. Od sierpnia ceny id\u0105 w g\u00f3r\u0119. Stawka dla tych, kt\u00f3rzy segreguj\u0105 \u015bmieci wzro\u015bnie z 8,85 z\u0142 do 10 z\u0142 miesi\u0119cznie za osob\u0119, ci kt\u00f3rzy nie segreguj\u0105 zap\u0142ac\u0105 15 z\u0142 za osob\u0119, a nie 12,85 z\u0142, [&hellip;]<\/p>\n","protected":false},"author":4,"featured_media":75416,"comment_status":"closed","ping_status":"closed","sticky":false,"template":"","format":"standard","meta":{"_monsterinsights_skip_tracking":false,"_monsterinsights_sitenote_active":false,"_monsterinsights_sitenote_note":"","_monsterinsights_sitenote_category":0,"footnotes":"","_links_to":"","_links_to_target":""},"categories":[8,9,1],"tags":[],"class_list":["post-75415","post","type-post","status-publish","format-standard","has-post-thumbnail","hentry","category-referendum","category-stronaglowna","category-wszystko"],"_links":{"self":[{"href":"https:\/\/www.24zabrze.pl\/wiadomosci\/wp-json\/wp\/v2\/posts\/75415","targetHints":{"allow":["GET"]}}],"collection":[{"href":"https:\/\/www.24zabrze.pl\/wiadomosci\/wp-json\/wp\/v2\/posts"}],"about":[{"href":"https:\/\/www.24zabrze.pl\/wiadomosci\/wp-json\/wp\/v2\/types\/post"}],"author":[{"embeddable":true,"href":"https:\/\/www.24zabrze.pl\/wiadomosci\/wp-json\/wp\/v2\/users\/4"}],"replies":[{"embeddable":true,"href":"https:\/\/www.24zabrze.pl\/wiadomosci\/wp-json\/wp\/v2\/comments?post=75415"}],"version-history":[{"count":0,"href":"https:\/\/www.24zabrze.pl\/wiadomosci\/wp-json\/wp\/v2\/posts\/75415\/revisions"}],"wp:featuredmedia":[{"embeddable":true,"href":"https:\/\/www.24zabrze.pl\/wiadomosci\/wp-json\/wp\/v2\/media\/75416"}],"wp:attachment":[{"href":"https:\/\/www.24zabrze.pl\/wiadomosci\/wp-json\/wp\/v2\/media?parent=75415"}],"wp:term":[{"taxonomy":"category","embeddable":true,"href":"https:\/\/www.24zabrze.pl\/wiadomosci\/wp-json\/wp\/v2\/categories?post=75415"},{"taxonomy":"post_tag","embeddable":true,"href":"https:\/\/www.24zabrze.pl\/wiadomosci\/wp-json\/wp\/v2\/tags?post=75415"}],"curies":[{"name":"wp","href":"https:\/\/api.w.org\/{rel}","templated":true}]}}