{"id":75401,"date":"2015-07-10T13:11:57","date_gmt":"2015-07-10T11:11:57","guid":{"rendered":"http:\/\/www.24zabrze.pl\/wiadomosci\/?p=75401"},"modified":"2015-07-10T13:49:56","modified_gmt":"2015-07-10T11:49:56","slug":"trwa-nabor-dzieci-do-zlobka-kto-pierwszy-ten-lepszy","status":"publish","type":"post","link":"https:\/\/www.24zabrze.pl\/wiadomosci\/trwa-nabor-dzieci-do-zlobka-kto-pierwszy-ten-lepszy\/","title":{"rendered":"Trwa nab\u00f3r dzieci do \u017c\u0142obka. Kto pierwszy, ten lepszy"},"content":{"rendered":"<div class=\"zabrz-a6-z-nad-leadem-artykulow zabrz-entity-placement\" id=\"zabrz-1230362533\"><div class=\"zabrz-adlabel\"><span style=\"font-size: 9px\">REKLAMA<\/span><\/div><div id=\"zabrz-2017936771\" style=\"margin-bottom: 30px;margin-left: auto;margin-right: auto;text-align: center;\"><a data-no-instant=\"1\" href=\"https:\/\/dom100.eu\/\" rel=\"noopener\" class=\"a2t-link\" target=\"_blank\" aria-label=\"20260415 DOM100 D\"><img loading=\"lazy\" decoding=\"async\" src=\"https:\/\/www.24zabrze.pl\/wiadomosci\/wp-content\/uploads\/2026\/02\/20260415-DOM100-D.jpg\" alt=\"\"  srcset=\"https:\/\/www.24zabrze.pl\/wiadomosci\/wp-content\/uploads\/2026\/02\/20260415-DOM100-D.jpg 750w, https:\/\/www.24zabrze.pl\/wiadomosci\/wp-content\/uploads\/2026\/02\/20260415-DOM100-D-410x109.jpg 410w\" sizes=\"(max-width: 750px) 100vw, 750px\" class=\"no-lazyload\" width=\"750\" height=\"200\"  style=\"display: inline-block; max-width: 100%; height: auto;\" \/><\/a><\/div><\/div><h3> Sumuj\u0105c publiczne i niepubliczne plac\u00f3wki &#8211; miasto dysponuje 354 miejscami dla najm\u0142odszych dzieci. W kolejce na przyj\u0119cie do \u017c\u0142obka czeka w tej chwili 190 pociech. <\/h3>\n<p>Pod kuratel\u0105 miasta znajduje si\u0119 \u017c\u0142obek przy ul. Buchenwaldczyk\u00f3w i jego filia w Rokitnicy, przy ul. Andersa. Dysponuj\u0105 one 145 miejscami. Jest te\u017c sporo \u017c\u0142obk\u00f3w niepublicznych, ale s\u0105 one dro\u017csze, dlatego najwi\u0119cej ch\u0119tnych czeka na miejsce w plac\u00f3wce miejskiej. <\/p><div class=\"zabrz-a3-z-w-tresci-artykulow zabrz-entity-placement\" id=\"zabrz-649514225\"><div class=\"zabrz-adlabel\"><span style=\"font-size: 9px\">REKLAMA<\/span><\/div><div id=\"zabrz-2810308151\" style=\"margin-bottom: 40px;margin-left: auto;margin-right: auto;text-align: center;\"><a data-no-instant=\"1\" href=\"https:\/\/ogrodyandersa.pl\/\" rel=\"noopener\" class=\"a2t-link\" target=\"_blank\" aria-label=\"20260415 Ogrody Andersa WYBIERZ MIESZKANIE D\"><img loading=\"lazy\" decoding=\"async\" src=\"https:\/\/www.24zabrze.pl\/wiadomosci\/wp-content\/uploads\/2026\/02\/20260415-Ogrody-Andersa-WYBIERZ-MIESZKANIE-D.jpg\" alt=\"\"  srcset=\"https:\/\/www.24zabrze.pl\/wiadomosci\/wp-content\/uploads\/2026\/02\/20260415-Ogrody-Andersa-WYBIERZ-MIESZKANIE-D.jpg 750w, https:\/\/www.24zabrze.pl\/wiadomosci\/wp-content\/uploads\/2026\/02\/20260415-Ogrody-Andersa-WYBIERZ-MIESZKANIE-D-410x109.jpg 410w\" sizes=\"(max-width: 750px) 100vw, 750px\" class=\"no-lazyload\" width=\"750\" height=\"200\"  style=\"display: inline-block; max-width: 100%; height: auto;\" \/><\/a><\/div><\/div>\n<p>Najwi\u0119cej os\u00f3b decyduje si\u0119 na zapisanie dziecka do \u017c\u0142obka po wakacjach, gdy cz\u0119\u015b\u0107 dzieci, kt\u00f3ra do nich ucz\u0119szcza\u0142a, przechodzi do przedszkola. Jednak, aby nie by\u0107 zaskoczonym, najlepiej ju\u017c teraz zapyta\u0107 o wolne miejsce w \u017c\u0142obku. <\/p>\n<p>&#8211; Cz\u0119sto zdarza si\u0119 tak, \u017ce rodzice zapisuj\u0105 swoje pociechy jeszcze przed porodem, bo o przyj\u0119ciu decyduje kolejno\u015b\u0107 zg\u0142osze\u0144 &#8211; m\u00f3wi <strong>Czes\u0142awa Winecka<\/strong>, naczelnik Wydzia\u0142u Ochrony Zdrowia zabrza\u0144skiego magistratu. <\/p>\n<p>Op\u0142aty w miejskim \u017c\u0142obku wynosz\u0105 1 z\u0142 za godzin\u0119, do 10 godzin dziennie, plus 6 z\u0142 dziennie za posi\u0142ki. Maksymalna op\u0142ata, gdy dziecko ucz\u0119szcza do \u017c\u0142obka przez ca\u0142y miesi\u0105c, nie przekracza 370 z\u0142. Dzieci z rodzin wielodzietnych p\u0142ac\u0105 tylko za wy\u017cywienie. W przypadku braku miejsc w plac\u00f3wce publicznej, rodzice mog\u0105 stara\u0107 si\u0119 o miejsce w plac\u00f3wkach niepublicznych. W Zabrzu funkcjonuje sze\u015b\u0107 \u017c\u0142obk\u00f3w komercyjnych oraz jeden klub malucha. <\/p>\n<p>(TK)<\/p>\n","protected":false},"excerpt":{"rendered":"<p>Sumuj\u0105c publiczne i niepubliczne plac\u00f3wki &#8211; miasto dysponuje 354 miejscami dla najm\u0142odszych dzieci. W kolejce na przyj\u0119cie do \u017c\u0142obka czeka w tej chwili 190 pociech. Pod kuratel\u0105 miasta znajduje si\u0119 \u017c\u0142obek przy ul. Buchenwaldczyk\u00f3w i jego filia w Rokitnicy, przy ul. Andersa. Dysponuj\u0105 one 145 miejscami. Jest te\u017c sporo \u017c\u0142obk\u00f3w niepublicznych, ale s\u0105 one dro\u017csze, [&hellip;]<\/p>\n","protected":false},"author":4,"featured_media":75402,"comment_status":"closed","ping_status":"closed","sticky":false,"template":"","format":"standard","meta":{"_monsterinsights_skip_tracking":false,"_monsterinsights_sitenote_active":false,"_monsterinsights_sitenote_note":"","_monsterinsights_sitenote_category":0,"footnotes":"","_links_to":"","_links_to_target":""},"categories":[8,1],"tags":[],"class_list":["post-75401","post","type-post","status-publish","format-standard","has-post-thumbnail","hentry","category-referendum","category-wszystko"],"_links":{"self":[{"href":"https:\/\/www.24zabrze.pl\/wiadomosci\/wp-json\/wp\/v2\/posts\/75401","targetHints":{"allow":["GET"]}}],"collection":[{"href":"https:\/\/www.24zabrze.pl\/wiadomosci\/wp-json\/wp\/v2\/posts"}],"about":[{"href":"https:\/\/www.24zabrze.pl\/wiadomosci\/wp-json\/wp\/v2\/types\/post"}],"author":[{"embeddable":true,"href":"https:\/\/www.24zabrze.pl\/wiadomosci\/wp-json\/wp\/v2\/users\/4"}],"replies":[{"embeddable":true,"href":"https:\/\/www.24zabrze.pl\/wiadomosci\/wp-json\/wp\/v2\/comments?post=75401"}],"version-history":[{"count":0,"href":"https:\/\/www.24zabrze.pl\/wiadomosci\/wp-json\/wp\/v2\/posts\/75401\/revisions"}],"wp:featuredmedia":[{"embeddable":true,"href":"https:\/\/www.24zabrze.pl\/wiadomosci\/wp-json\/wp\/v2\/media\/75402"}],"wp:attachment":[{"href":"https:\/\/www.24zabrze.pl\/wiadomosci\/wp-json\/wp\/v2\/media?parent=75401"}],"wp:term":[{"taxonomy":"category","embeddable":true,"href":"https:\/\/www.24zabrze.pl\/wiadomosci\/wp-json\/wp\/v2\/categories?post=75401"},{"taxonomy":"post_tag","embeddable":true,"href":"https:\/\/www.24zabrze.pl\/wiadomosci\/wp-json\/wp\/v2\/tags?post=75401"}],"curies":[{"name":"wp","href":"https:\/\/api.w.org\/{rel}","templated":true}]}}