{"id":118368,"date":"2026-09-04T17:57:48","date_gmt":"2026-09-04T15:57:48","guid":{"rendered":"https:\/\/www.24zabrze.pl\/wiadomosci\/?p=118368"},"modified":"2026-09-04T17:57:48","modified_gmt":"2026-09-04T15:57:48","slug":"dwie-kradzieze-podejrzanych-nagral-monitoring-policja-prosi-o-pomoc-w-ustaleniu-tozsamosci","status":"publish","type":"post","link":"https:\/\/www.24zabrze.pl\/wiadomosci\/dwie-kradzieze-podejrzanych-nagral-monitoring-policja-prosi-o-pomoc-w-ustaleniu-tozsamosci\/","title":{"rendered":"Dwie kradzie\u017ce &#8211; podejrzanych nagra\u0142 monitoring. Policja prosi o pomoc w ustaleniu to\u017csamo\u015bci"},"content":{"rendered":"<div class=\"zabrz-a6-z-nad-leadem-artykulow zabrz-entity-placement\" id=\"zabrz-3868184762\"><div class=\"zabrz-adlabel\"><span style=\"font-size: 9px\">REKLAMA<\/span><\/div><div id=\"zabrz-2222412550\" style=\"margin-bottom: 30px;margin-left: auto;margin-right: auto;text-align: center;\"><a data-no-instant=\"1\" href=\"https:\/\/dom100.eu\/\" rel=\"noopener\" class=\"a2t-link\" target=\"_blank\" aria-label=\"20260827 750x200_baner_Dni_Otwarte_dom100\"><img loading=\"lazy\" decoding=\"async\" src=\"https:\/\/www.24zabrze.pl\/wiadomosci\/wp-content\/uploads\/2025\/09\/20260827-750x200_baner_Dni_Otwarte_dom100.jpg\" alt=\"\"  srcset=\"https:\/\/www.24zabrze.pl\/wiadomosci\/wp-content\/uploads\/2025\/09\/20260827-750x200_baner_Dni_Otwarte_dom100.jpg 750w, https:\/\/www.24zabrze.pl\/wiadomosci\/wp-content\/uploads\/2025\/09\/20260827-750x200_baner_Dni_Otwarte_dom100-410x109.jpg 410w\" sizes=\"(max-width: 750px) 100vw, 750px\" class=\"no-lazyload\" width=\"750\" height=\"200\"  style=\"display: inline-block; max-width: 100%; height: auto;\" \/><\/a><\/div><\/div><h2>Kradzie\u017ce sklepowe w Zabrzu nie nale\u017c\u0105 do rzadko\u015bci &#8211; na stronie zabrza\u0144skiej policji co jaki\u015b czas publikowane s\u0105 wizerunki kolejnych podejrzanych, kt\u00f3rzy wynie\u015bli z market\u00f3w produkty bez uiszczenia nale\u017cno\u015bci. Tym razem chodzi o dwa takie zdarzenia w sklepach drogeryjnym i spo\u017cywczym. Mo\u017cna pom\u00f3c \u015bledczym w dotarciu do os\u00f3b widocznych na za\u0142\u0105czonych zdj\u0119ciach.<\/h2>\n<p>Do kradzie\u017cy produkt\u00f3w drogeryjnych dosz\u0142o w sklepie przy Alei Szcz\u0119\u015bcie Ludwika 2b oraz Miel\u017cy\u0144skiego, w toku post\u0119powania zosta\u0142 utrwalony wizerunek sprawcy. Po uzyskaniu zgody prokuratora na publikacj\u0119 wizerunku \u015bledczy d\u0105\u017c\u0105 do ustalenia to\u017csamo\u015bci widocznej na zdj\u0119ciach osoby. Dochodzenie w tej sprawie prowadzi Referat Kryminalny Komisariatu Policji IV w Zabrzu.<\/p><div class=\"zabrz-a3-z-w-tresci-artykulow zabrz-entity-placement\" id=\"zabrz-3259363156\"><div id=\"zabrz-1894364378\" style=\"margin-bottom: 40px;margin-left: auto;margin-right: auto;text-align: center;\"><a data-no-instant=\"1\" href=\"https:\/\/ogrodyandersa.pl\/\" rel=\"noopener\" class=\"a2t-link\" target=\"_blank\" aria-label=\"750-x-200-Box-Srodtekstowy-ADS-Ogrody-Andersa-v1\"><img loading=\"lazy\" decoding=\"async\" src=\"https:\/\/www.24zabrze.pl\/wiadomosci\/wp-content\/uploads\/2026\/02\/750-x-200-Box-Srodtekstowy-ADS-Ogrody-Andersa-v1.jpg\" alt=\"\"  srcset=\"https:\/\/www.24zabrze.pl\/wiadomosci\/wp-content\/uploads\/2026\/02\/750-x-200-Box-Srodtekstowy-ADS-Ogrody-Andersa-v1.jpg 750w, https:\/\/www.24zabrze.pl\/wiadomosci\/wp-content\/uploads\/2026\/02\/750-x-200-Box-Srodtekstowy-ADS-Ogrody-Andersa-v1-410x109.jpg 410w\" sizes=\"(max-width: 750px) 100vw, 750px\" class=\"no-lazyload\" width=\"750\" height=\"200\"  style=\"display: inline-block; max-width: 100%; height: auto;\" \/><\/a><\/div><\/div>\n<p><img loading=\"lazy\" decoding=\"async\" class=\"alignnone \" src=\"https:\/\/zabrze.policja.gov.pl\/dokumenty\/zalaczniki\/64\/64-954208.png\" width=\"1866\" height=\"1361\" \/><\/p>\n<p><img loading=\"lazy\" decoding=\"async\" class=\"alignnone \" src=\"https:\/\/zabrze.policja.gov.pl\/dokumenty\/zalaczniki\/64\/64-954209.png\" width=\"1404\" height=\"1327\" \/><\/p>\n<p>Kolejn\u0105 spraw\u0119 kradzie\u017cy, tym razem w sklepie spo\u017cywczym przy ulicy Bytomskiej 29 prowadzi Wydzia\u0142 Kryminalny II Komisariatu Policji w Zabrzu. W tym przypadku r\u00f3wnie\u017c sprawca zosta\u0142 nagrany przez kamery monitoringu, a prokurator wyrazi\u0142 zgod\u0119 na publikacj\u0119 kadr\u00f3w z tego nagrania. \u015aledczy d\u0105\u017c\u0105 do ustalenia to\u017csamo\u015bci widocznej na zdj\u0119ciach osoby.<\/p>\n<p><img loading=\"lazy\" decoding=\"async\" class=\"alignnone \" src=\"https:\/\/zabrze.policja.gov.pl\/dokumenty\/zalaczniki\/64\/64-953925.png\" width=\"1682\" height=\"946\" \/><\/p>\n<p>Ktokolwiek rozpoznaje osoby na zdj\u0119ciach, mo\u017ce przekaza\u0107 posiadane informacje kontaktuj\u0105c si\u0119 pod nr telefonu 47 8543610 lub 47 8543621 lub numerem alarmowym 112. Policja gwarantuje anonimowo\u015b\u0107.<\/p>\n<p>(\u017cms)\/KMP Zabrze<br \/>\nfot. KMP Zabrze<\/p>\n<div class=\"zabrz-a5-z-na-koncu-artykulow zabrz-entity-placement\" id=\"zabrz-537949750\"><div id=\"zabrz-1910083221\" style=\"margin-left: auto;margin-right: auto;text-align: center;\"><a data-no-instant=\"1\" href=\"https:\/\/www.jasek.pl\/\" rel=\"noopener\" class=\"a2t-link\" target=\"_blank\" aria-label=\"20200401-jasek 600\"><img loading=\"lazy\" decoding=\"async\" src=\"https:\/\/www.24zabrze.pl\/wiadomosci\/wp-content\/uploads\/2020\/04\/20200401-jasek-600.jpg\" alt=\"\"  srcset=\"https:\/\/www.24zabrze.pl\/wiadomosci\/wp-content\/uploads\/2020\/04\/20200401-jasek-600.jpg 600w, https:\/\/www.24zabrze.pl\/wiadomosci\/wp-content\/uploads\/2020\/04\/20200401-jasek-600-410x109.jpg 410w\" sizes=\"(max-width: 600px) 100vw, 600px\" class=\"no-lazyload\" width=\"600\" height=\"160\"  style=\"display: inline-block; max-width: 100%; height: auto;\" \/><\/a><\/div><\/div>","protected":false},"excerpt":{"rendered":"<p>Kradzie\u017ce sklepowe w Zabrzu nie nale\u017c\u0105 do rzadko\u015bci &#8211; na stronie zabrza\u0144skiej policji co jaki\u015b czas publikowane s\u0105 wizerunki kolejnych podejrzanych, kt\u00f3rzy wynie\u015bli z market\u00f3w produkty bez uiszczenia nale\u017cno\u015bci. Tym razem chodzi o dwa takie zdarzenia w sklepach drogeryjnym i spo\u017cywczym. Mo\u017cna pom\u00f3c \u015bledczym w dotarciu do os\u00f3b widocznych na za\u0142\u0105czonych zdj\u0119ciach. Do kradzie\u017cy produkt\u00f3w [&hellip;]<\/p>\n","protected":false},"author":17,"featured_media":118369,"comment_status":"closed","ping_status":"closed","sticky":false,"template":"","format":"standard","meta":{"_monsterinsights_skip_tracking":false,"footnotes":"","_links_to":"","_links_to_target":""},"categories":[5,1],"tags":[12864,12872],"class_list":["post-118368","post","type-post","status-publish","format-standard","has-post-thumbnail","hentry","category-prawo","category-wszystko","tag-kradziez","tag-wizerunek"],"_links":{"self":[{"href":"https:\/\/www.24zabrze.pl\/wiadomosci\/wp-json\/wp\/v2\/posts\/118368","targetHints":{"allow":["GET"]}}],"collection":[{"href":"https:\/\/www.24zabrze.pl\/wiadomosci\/wp-json\/wp\/v2\/posts"}],"about":[{"href":"https:\/\/www.24zabrze.pl\/wiadomosci\/wp-json\/wp\/v2\/types\/post"}],"author":[{"embeddable":true,"href":"https:\/\/www.24zabrze.pl\/wiadomosci\/wp-json\/wp\/v2\/users\/17"}],"replies":[{"embeddable":true,"href":"https:\/\/www.24zabrze.pl\/wiadomosci\/wp-json\/wp\/v2\/comments?post=118368"}],"version-history":[{"count":2,"href":"https:\/\/www.24zabrze.pl\/wiadomosci\/wp-json\/wp\/v2\/posts\/118368\/revisions"}],"predecessor-version":[{"id":118371,"href":"https:\/\/www.24zabrze.pl\/wiadomosci\/wp-json\/wp\/v2\/posts\/118368\/revisions\/118371"}],"wp:featuredmedia":[{"embeddable":true,"href":"https:\/\/www.24zabrze.pl\/wiadomosci\/wp-json\/wp\/v2\/media\/118369"}],"wp:attachment":[{"href":"https:\/\/www.24zabrze.pl\/wiadomosci\/wp-json\/wp\/v2\/media?parent=118368"}],"wp:term":[{"taxonomy":"category","embeddable":true,"href":"https:\/\/www.24zabrze.pl\/wiadomosci\/wp-json\/wp\/v2\/categories?post=118368"},{"taxonomy":"post_tag","embeddable":true,"href":"https:\/\/www.24zabrze.pl\/wiadomosci\/wp-json\/wp\/v2\/tags?post=118368"}],"curies":[{"name":"wp","href":"https:\/\/api.w.org\/{rel}","templated":true}]}}