{"id":118364,"date":"2026-09-04T17:39:19","date_gmt":"2026-09-04T15:39:19","guid":{"rendered":"https:\/\/www.24zabrze.pl\/wiadomosci\/?p=118364"},"modified":"2026-09-04T18:00:46","modified_gmt":"2026-09-04T16:00:46","slug":"skwer-wielowiekowej-przyjazni-polsko-ormianskiej-uroczyste-odsloniecie-tablicy-w-zabrzu","status":"publish","type":"post","link":"https:\/\/www.24zabrze.pl\/wiadomosci\/skwer-wielowiekowej-przyjazni-polsko-ormianskiej-uroczyste-odsloniecie-tablicy-w-zabrzu\/","title":{"rendered":"\u201eSkwer Wielowiekowej Przyja\u017ani Polsko-Ormia\u0144skiej\u201d. Uroczyste ods\u0142oni\u0119cie tablicy w Zabrzu"},"content":{"rendered":"<div class=\"zabrz-a6-z-nad-leadem-artykulow zabrz-entity-placement\" id=\"zabrz-2749000559\"><div class=\"zabrz-adlabel\"><span style=\"font-size: 9px\">REKLAMA<\/span><\/div><div id=\"zabrz-447915460\" style=\"margin-bottom: 30px;margin-left: auto;margin-right: auto;text-align: center;\"><a data-no-instant=\"1\" href=\"https:\/\/dom100.eu\/\" rel=\"noopener\" class=\"a2t-link\" target=\"_blank\" aria-label=\"20260827 750x200_baner_Dni_Otwarte_dom100\"><img loading=\"lazy\" decoding=\"async\" src=\"https:\/\/www.24zabrze.pl\/wiadomosci\/wp-content\/uploads\/2025\/09\/20260827-750x200_baner_Dni_Otwarte_dom100.jpg\" alt=\"\"  srcset=\"https:\/\/www.24zabrze.pl\/wiadomosci\/wp-content\/uploads\/2025\/09\/20260827-750x200_baner_Dni_Otwarte_dom100.jpg 750w, https:\/\/www.24zabrze.pl\/wiadomosci\/wp-content\/uploads\/2025\/09\/20260827-750x200_baner_Dni_Otwarte_dom100-410x109.jpg 410w\" sizes=\"(max-width: 750px) 100vw, 750px\" class=\"no-lazyload\" width=\"750\" height=\"200\"  style=\"display: inline-block; max-width: 100%; height: auto;\" \/><\/a><\/div><\/div><h2>W Zabrzu odby\u0142o si\u0119 uroczyste ods\u0142oni\u0119cie tablicy z nazw\u0105 Skweru Wielowiekowej Przyja\u017ani Polsko-Ormia\u0144skiej. To miejsce, znajduj\u0105ce si\u0119 w s\u0105siedztwie stoj\u0105cego tu od kilku lat ormia\u0144skiego chaczkara postawionego na pami\u0105tk\u0119 655-lecia utworzenia Archidiecezji Apostolskiego Ko\u015bcio\u0142a Ormia\u0144skiego w Polsce.<\/h2>\n<p>Przed uroczysto\u015bci\u0105 prezydent <strong>Kamil \u017bbikowski<\/strong> spotka\u0142 si\u0119 w zabrza\u0144skim ratuszu z go\u015b\u0107mi z Armenii. By\u0142a to okazja do rozmowy o wielowiekowej historii relacji polsko-ormia\u0144skich, a tak\u017ce o mo\u017cliwo\u015bciach dalszego rozwijania wsp\u00f3\u0142pracy i wzmacniania wi\u0119zi pomi\u0119dzy spo\u0142eczno\u015bciami obu kraj\u00f3w. W uroczysto\u015bci uczestniczyli m.in. Konsul Honorowy Armenii w Zabrzu <strong>Hraczja Bojad\u017cjan, ks. Minas Hachwerdjan <\/strong>\u2013 Duszpasterz Apostolskiego Ko\u015bcio\u0142a Ormia\u0144skiego w Polsce, a tak\u017ce Wysoki Komisarz ds. Diaspory Republiki Armenii <strong>Zareh Sinanyan <\/strong>.<\/p><div class=\"zabrz-a3-z-w-tresci-artykulow zabrz-entity-placement\" id=\"zabrz-2889620163\"><div id=\"zabrz-1088841987\" style=\"margin-bottom: 40px;margin-left: auto;margin-right: auto;text-align: center;\"><a data-no-instant=\"1\" href=\"https:\/\/ogrodyandersa.pl\/\" rel=\"noopener\" class=\"a2t-link\" target=\"_blank\" aria-label=\"750-x-200-Box-Srodtekstowy-ADS-Ogrody-Andersa-v1\"><img loading=\"lazy\" decoding=\"async\" src=\"https:\/\/www.24zabrze.pl\/wiadomosci\/wp-content\/uploads\/2026\/02\/750-x-200-Box-Srodtekstowy-ADS-Ogrody-Andersa-v1.jpg\" alt=\"\"  srcset=\"https:\/\/www.24zabrze.pl\/wiadomosci\/wp-content\/uploads\/2026\/02\/750-x-200-Box-Srodtekstowy-ADS-Ogrody-Andersa-v1.jpg 750w, https:\/\/www.24zabrze.pl\/wiadomosci\/wp-content\/uploads\/2026\/02\/750-x-200-Box-Srodtekstowy-ADS-Ogrody-Andersa-v1-410x109.jpg 410w\" sizes=\"(max-width: 750px) 100vw, 750px\" class=\"no-lazyload\" width=\"750\" height=\"200\"  style=\"display: inline-block; max-width: 100%; height: auto;\" \/><\/a><\/div><\/div>\n<h4>Ods\u0142oni\u0119cie tablicy by\u0142o okazj\u0105 do przypomnienia o bogatej historii wzajemnych relacji oraz podkre\u015blenia znaczenia inicjatyw podejmowanych na rzecz piel\u0119gnowania i rozwijania tej przyja\u017ani w Zabrzu i na \u015al\u0105sku.<\/h4>\n<p>\u2013 <em>Jest dla mnie wielkim zaszczytem i rado\u015bci\u0105, \u017ce mog\u0119 dzi\u015b ponownie by\u0107 w Zabrzu i uczestniczy\u0107 w otwarciu \u201eSkweru Wielowiekowej Przyja\u017ani Polsko-Ormia\u0144skiej\u201d. To miejsce ma dla mnie szczeg\u00f3lne znaczenie. W 2023 roku by\u0142em tutaj, aby uczestniczy\u0107 w obchodach 655-lecia arcybiskupstwa \u015awi\u0119tego Apostolskiego Ko\u015bcio\u0142a Ormia\u0144skiego w Polsce oraz w uroczysto\u015bci ods\u0142oni\u0119cia chaczkaru po\u015bwi\u0119conego wielowiekowej przyja\u017ani polsko-ormia\u0144skiej. Dzi\u015b, wraz z moimi dobrymi przyjaci\u00f3\u0142mi, ponownie stoimy w tym samym miejscu, jednak ju\u017c wok\u00f3\u0142 nowej idei \u2013 aby otworzy\u0107 skwer, kt\u00f3ry przez wiele lat b\u0119dzie \u017cywym symbolem przyja\u017ani narod\u00f3w polskiego i ormia\u0144skiego<\/em> \u2013 powiedzia\u0142 Zareh Sinanyan, Wysoki Komisarz ds. Diaspory Republiki Armenii.<\/p>\n<p><img loading=\"lazy\" decoding=\"async\" class=\"alignnone size-full\" src=\"https:\/\/miastozabrze.pl\/wp-content\/uploads\/2026\/09\/Otwarcie-Skweru-Przyjazni-Polsko-Ormianskiej-Zabrze-3-wrzesnia-2026-fot.-Pawel-JaNic-Janicki-047-1-scaled.jpg\" width=\"2560\" height=\"1707\" \/><\/p>\n<p>W swoim wyst\u0105pieniu Wysoki Komisarz podkre\u015bli\u0142 r\u00f3wnie\u017c, \u017ce chaczkar jest symbolem historii zachowanej w pami\u0119ci, natomiast skwer stanowi jej kontynuacj\u0119 \u2013 \u017cyw\u0105, rozwijaj\u0105c\u0105 si\u0119 i skierowan\u0105 ku przysz\u0142o\u015bci. Zwr\u00f3ci\u0142 uwag\u0119, \u017ce relacje polsko-ormia\u0144skie kszta\u0142towa\u0142y si\u0119 przez stulecia poprzez wzajemne wsparcie, wi\u0119zi kulturowe i silne relacje mi\u0119dzyludzkie. Podkre\u015bli\u0142 tak\u017ce wk\u0142ad spo\u0142eczno\u015bci ormia\u0144skiej w \u017cycie gospodarcze, kulturalne, spo\u0142eczne i duchowe Polski.<\/p>\n<blockquote><p>Ciesz\u0119 si\u0119, \u017ce Zabrze jest miejscem, w kt\u00f3rym przyja\u017a\u0144 polsko-ormia\u0144ska jest od lat piel\u0119gnowana i rozwijana. Chc\u0119 podzi\u0119kowa\u0107 wszystkim osobom i organizacjom, kt\u00f3re anga\u017cuj\u0105 si\u0119 w budowanie tych relacji oraz przybli\u017canie mieszka\u0144com naszego miasta bogatej kultury i tradycji Armenii<\/p><\/blockquote>\n<p>\u2013 podkre\u015bli\u0142 prezydent Zabrza Kamil \u017bbikowski.<\/p>\n<p>Szczeg\u00f3lne miejsce w budowaniu tych relacji zajmuj\u0105 coroczne Dni Kultury Ormia\u0144skiej na \u015al\u0105sku, kt\u00f3re s\u0105 okazj\u0105 do spotka\u0144, poznawania ormia\u0144skiej historii, sztuki, muzyki i tradycji, a tak\u017ce wzmacniania wi\u0119zi pomi\u0119dzy spo\u0142eczno\u015bci\u0105 polsk\u0105 i ormia\u0144sk\u0105. Wa\u017cnym symbolem obecno\u015bci i dziedzictwa Ormian w przestrzeni Zabrza pozostaje znajduj\u0105cy si\u0119 na skwerze chaczkar \u2013 tradycyjny ormia\u0144ski kamienny krzy\u017c, b\u0119d\u0105cy symbolem pami\u0119ci, wiary i kultury.<\/p>\n<p><img loading=\"lazy\" decoding=\"async\" class=\"alignnone size-full\" src=\"https:\/\/miastozabrze.pl\/wp-content\/uploads\/2026\/09\/Otwarcie-Skweru-Przyjazni-Polsko-Ormianskiej-Zabrze-3-wrzesnia-2026-fot.-Pawel-JaNic-Janicki-049-1-scaled.jpg\" width=\"2560\" height=\"1707\" \/><\/p>\n<p>Uroczysto\u015b\u0107 nada\u0142a temu miejscu nowe, symboliczne znaczenie. Skwer Wielowiekowej Przyja\u017ani Polsko-Ormia\u0144skiej b\u0119dzie przypomina\u0142 mieszka\u0144com Zabrza i odwiedzaj\u0105cym miasto o wielowiekowej historii wzajemnych relacji, szacunku i wsp\u00f3\u0142pracy obu narod\u00f3w.<\/p>\n<p>(\u017cms)\/UM Zabrze<br \/>\nfot. UM Zabrze\/Pawe\u0142 JaNic Janicki<\/p>\n<p><img loading=\"lazy\" decoding=\"async\" class=\"alignnone size-full\" src=\"https:\/\/miastozabrze.pl\/wp-content\/uploads\/2026\/09\/Otwarcie-Skweru-Przyjazni-Polsko-Ormianskiej-Zabrze-3-wrzesnia-2026-fot.-Pawel-JaNic-Janicki-059-1-scaled.jpg\" width=\"2560\" height=\"1707\" \/><\/p>\n<div class=\"zabrz-a5-z-na-koncu-artykulow zabrz-entity-placement\" id=\"zabrz-65538845\"><div id=\"zabrz-1542383283\" style=\"margin-left: auto;margin-right: auto;text-align: center;\"><a data-no-instant=\"1\" href=\"https:\/\/www.jasek.pl\/\" rel=\"noopener\" class=\"a2t-link\" target=\"_blank\" aria-label=\"20200401-jasek 600\"><img loading=\"lazy\" decoding=\"async\" src=\"https:\/\/www.24zabrze.pl\/wiadomosci\/wp-content\/uploads\/2020\/04\/20200401-jasek-600.jpg\" alt=\"\"  srcset=\"https:\/\/www.24zabrze.pl\/wiadomosci\/wp-content\/uploads\/2020\/04\/20200401-jasek-600.jpg 600w, https:\/\/www.24zabrze.pl\/wiadomosci\/wp-content\/uploads\/2020\/04\/20200401-jasek-600-410x109.jpg 410w\" sizes=\"(max-width: 600px) 100vw, 600px\" class=\"no-lazyload\" width=\"600\" height=\"160\"  style=\"display: inline-block; max-width: 100%; height: auto;\" \/><\/a><\/div><\/div>","protected":false},"excerpt":{"rendered":"<p>W Zabrzu odby\u0142o si\u0119 uroczyste ods\u0142oni\u0119cie tablicy z nazw\u0105 Skweru Wielowiekowej Przyja\u017ani Polsko-Ormia\u0144skiej. To miejsce, znajduj\u0105ce si\u0119 w s\u0105siedztwie stoj\u0105cego tu od kilku lat ormia\u0144skiego chaczkara postawionego na pami\u0105tk\u0119 655-lecia utworzenia Archidiecezji Apostolskiego Ko\u015bcio\u0142a Ormia\u0144skiego w Polsce. Przed uroczysto\u015bci\u0105 prezydent Kamil \u017bbikowski spotka\u0142 si\u0119 w zabrza\u0144skim ratuszu z go\u015b\u0107mi z Armenii. By\u0142a to okazja do [&hellip;]<\/p>\n","protected":false},"author":17,"featured_media":118366,"comment_status":"closed","ping_status":"closed","sticky":false,"template":"","format":"standard","meta":{"_monsterinsights_skip_tracking":false,"footnotes":"","_links_to":"","_links_to_target":""},"categories":[11756,9,1],"tags":[13341,12779],"class_list":["post-118364","post","type-post","status-publish","format-standard","has-post-thumbnail","hentry","category-kultura","category-stronaglowna","category-wszystko","tag-ormianie","tag-skwer"],"_links":{"self":[{"href":"https:\/\/www.24zabrze.pl\/wiadomosci\/wp-json\/wp\/v2\/posts\/118364","targetHints":{"allow":["GET"]}}],"collection":[{"href":"https:\/\/www.24zabrze.pl\/wiadomosci\/wp-json\/wp\/v2\/posts"}],"about":[{"href":"https:\/\/www.24zabrze.pl\/wiadomosci\/wp-json\/wp\/v2\/types\/post"}],"author":[{"embeddable":true,"href":"https:\/\/www.24zabrze.pl\/wiadomosci\/wp-json\/wp\/v2\/users\/17"}],"replies":[{"embeddable":true,"href":"https:\/\/www.24zabrze.pl\/wiadomosci\/wp-json\/wp\/v2\/comments?post=118364"}],"version-history":[{"count":4,"href":"https:\/\/www.24zabrze.pl\/wiadomosci\/wp-json\/wp\/v2\/posts\/118364\/revisions"}],"predecessor-version":[{"id":118373,"href":"https:\/\/www.24zabrze.pl\/wiadomosci\/wp-json\/wp\/v2\/posts\/118364\/revisions\/118373"}],"wp:featuredmedia":[{"embeddable":true,"href":"https:\/\/www.24zabrze.pl\/wiadomosci\/wp-json\/wp\/v2\/media\/118366"}],"wp:attachment":[{"href":"https:\/\/www.24zabrze.pl\/wiadomosci\/wp-json\/wp\/v2\/media?parent=118364"}],"wp:term":[{"taxonomy":"category","embeddable":true,"href":"https:\/\/www.24zabrze.pl\/wiadomosci\/wp-json\/wp\/v2\/categories?post=118364"},{"taxonomy":"post_tag","embeddable":true,"href":"https:\/\/www.24zabrze.pl\/wiadomosci\/wp-json\/wp\/v2\/tags?post=118364"}],"curies":[{"name":"wp","href":"https:\/\/api.w.org\/{rel}","templated":true}]}}