{"id":118335,"date":"2026-09-03T10:30:38","date_gmt":"2026-09-03T08:30:38","guid":{"rendered":"https:\/\/www.24zabrze.pl\/wiadomosci\/?p=118335"},"modified":"2026-09-03T10:30:38","modified_gmt":"2026-09-03T08:30:38","slug":"narodowe-czytanie-dziadow-mickiewicza-w-mob-o-oprawe-muzyczna-zadba-kwartet-smyczkowy","status":"publish","type":"post","link":"https:\/\/www.24zabrze.pl\/wiadomosci\/narodowe-czytanie-dziadow-mickiewicza-w-mob-o-oprawe-muzyczna-zadba-kwartet-smyczkowy\/","title":{"rendered":"Narodowe Czytanie &#8220;Dziad\u00f3w&#8221; Mickiewicza w MOB. O opraw\u0119 muzyczn\u0105 zadba kwartet smyczkowy"},"content":{"rendered":"<div class=\"zabrz-a6-z-nad-leadem-artykulow zabrz-entity-placement\" id=\"zabrz-296687648\"><div class=\"zabrz-adlabel\"><span style=\"font-size: 9px\">REKLAMA<\/span><\/div><div id=\"zabrz-2102928601\" style=\"margin-bottom: 30px;margin-left: auto;margin-right: auto;text-align: center;\"><a data-no-instant=\"1\" href=\"https:\/\/dom100.eu\/\" rel=\"noopener\" class=\"a2t-link\" target=\"_blank\" aria-label=\"20260827 750x200_baner_Dni_Otwarte_dom100\"><img loading=\"lazy\" decoding=\"async\" src=\"https:\/\/www.24zabrze.pl\/wiadomosci\/wp-content\/uploads\/2025\/09\/20260827-750x200_baner_Dni_Otwarte_dom100.jpg\" alt=\"\"  srcset=\"https:\/\/www.24zabrze.pl\/wiadomosci\/wp-content\/uploads\/2025\/09\/20260827-750x200_baner_Dni_Otwarte_dom100.jpg 750w, https:\/\/www.24zabrze.pl\/wiadomosci\/wp-content\/uploads\/2025\/09\/20260827-750x200_baner_Dni_Otwarte_dom100-410x109.jpg 410w\" sizes=\"(max-width: 750px) 100vw, 750px\" class=\"no-lazyload\" width=\"750\" height=\"200\"  style=\"display: inline-block; max-width: 100%; height: auto;\" \/><\/a><\/div><\/div><h2>Mi\u0142o\u015bnicy literatury, ca\u0142e rodziny i wszyscy, kt\u00f3rzy chc\u0105 sp\u0119dzi\u0107 sobotnie przedpo\u0142udnie w wyj\u0105tkowej atmosferze, s\u0105 zaproszeni na tegoroczn\u0105 ods\u0142on\u0119 Narodowego Czytania w Zabrzu. Tym razem uczestnicy pos\u0142uchaj\u0105 jednego z najs\u0142ynniejszych dzie\u0142 polskiej literatury &#8211; chodzi o &#8220;Dziady&#8221; Adama Mickiewicza.<\/h2>\n<p>Wydarzenie, kt\u00f3re odb\u0119dzie si\u0119 w sobot\u0119, 5 wrze\u015bnia o godz. 11:00, w Miejskim Ogrodzie Botanicznym w Zabrzu, b\u0119dzie okazj\u0105 nie tylko do wsp\u00f3lnego czytania, ale tak\u017ce do spotkania literatury z muzyk\u0105 i ta\u0144cem. Atmosfer\u0119 wydarzenia wzbogaci wyst\u0119p kwartetu smyczkowego AQuartet, a tak\u017ce pokaz ta\u0144c\u00f3w z epoki przygotowany przez uczni\u00f3w Og\u00f3lnokszta\u0142c\u0105cej Szko\u0142y Baletowej im. Ludomira R\u00f3\u017cyckiego w Bytomiu.<\/p><div class=\"zabrz-a3-z-w-tresci-artykulow zabrz-entity-placement\" id=\"zabrz-887506927\"><div id=\"zabrz-222546598\" style=\"margin-bottom: 40px;margin-left: auto;margin-right: auto;text-align: center;\"><a data-no-instant=\"1\" href=\"https:\/\/ogrodyandersa.pl\/\" rel=\"noopener\" class=\"a2t-link\" target=\"_blank\" aria-label=\"750-x-200-Box-Srodtekstowy-ADS-Ogrody-Andersa-v1\"><img loading=\"lazy\" decoding=\"async\" src=\"https:\/\/www.24zabrze.pl\/wiadomosci\/wp-content\/uploads\/2026\/02\/750-x-200-Box-Srodtekstowy-ADS-Ogrody-Andersa-v1.jpg\" alt=\"\"  srcset=\"https:\/\/www.24zabrze.pl\/wiadomosci\/wp-content\/uploads\/2026\/02\/750-x-200-Box-Srodtekstowy-ADS-Ogrody-Andersa-v1.jpg 750w, https:\/\/www.24zabrze.pl\/wiadomosci\/wp-content\/uploads\/2026\/02\/750-x-200-Box-Srodtekstowy-ADS-Ogrody-Andersa-v1-410x109.jpg 410w\" sizes=\"(max-width: 750px) 100vw, 750px\" class=\"no-lazyload\" width=\"750\" height=\"200\"  style=\"display: inline-block; max-width: 100%; height: auto;\" \/><\/a><\/div><\/div>\n<h4>Wybrane fragmenty \u201eDziad\u00f3w\u201d zaprezentuj\u0105 r\u00f3wnie\u017c osoby, kt\u00f3re na co dzie\u0144 znamy przede wszystkim z pierwszych stron gazet. Dzi\u0119ki temu klasyczne dzie\u0142o Mickiewicza zabrzmi w niecodziennych interpretacjach.<\/h4>\n<p>Organizatorzy przygotowali tak\u017ce wyj\u0105tkow\u0105 atrakcj\u0119 dla mi\u0142o\u015bnik\u00f3w ksi\u0105\u017cek. Uczestnicy s\u0105 zach\u0119cani do przyniesienia w\u0142asnego egzemplarza \u201eDziad\u00f3w\u201d. W\u0142a\u015bciciel najstarszego wydania otrzyma nagrod\u0119. Wszystkie przyniesione ksi\u0105\u017cki b\u0119dzie mo\u017cna r\u00f3wnie\u017c opiecz\u0119towa\u0107 okoliczno\u015bciow\u0105 piecz\u0119ci\u0105 Narodowego Czytania 2026.<\/p>\n<p>Wydarzenie ma charakter rodzinny \u2013 wiek uczestnik\u00f3w nie ma znaczenia. To doskona\u0142a okazja, aby wsp\u00f3lnie z dzie\u0107mi, rodzicami czy dziadkami odkrywa\u0107 pi\u0119kno polskiej literatury.<\/p>\n<p>5 wrze\u015bnia, godz. 11:00, Miejski Ogr\u00f3d Botaniczny w Zabrzu. Wst\u0119p p\u0142atny &#8211; zgodnie z cennikiem Miejskiego Ogrodu Botanicznego.<\/p>\n<p>(\u017cms)\/UM Zabrze<br \/>\nfot. pixabay.com\/zdj\u0119cie pogl\u0105dowe<\/p>\n<p><img loading=\"lazy\" decoding=\"async\" src=\"https:\/\/miastozabrze.pl\/wp-content\/uploads\/2026\/08\/Dziady-1086x1536.jpg\" width=\"1086\" height=\"1536\" class=\"alignnone size-full\" \/><\/p>\n<div class=\"zabrz-a5-z-na-koncu-artykulow zabrz-entity-placement\" id=\"zabrz-989156282\"><div id=\"zabrz-1719720852\" style=\"margin-left: auto;margin-right: auto;text-align: center;\"><a data-no-instant=\"1\" href=\"https:\/\/www.jasek.pl\/\" rel=\"noopener\" class=\"a2t-link\" target=\"_blank\" aria-label=\"20200401-jasek 600\"><img loading=\"lazy\" decoding=\"async\" src=\"https:\/\/www.24zabrze.pl\/wiadomosci\/wp-content\/uploads\/2020\/04\/20200401-jasek-600.jpg\" alt=\"\"  srcset=\"https:\/\/www.24zabrze.pl\/wiadomosci\/wp-content\/uploads\/2020\/04\/20200401-jasek-600.jpg 600w, https:\/\/www.24zabrze.pl\/wiadomosci\/wp-content\/uploads\/2020\/04\/20200401-jasek-600-410x109.jpg 410w\" sizes=\"(max-width: 600px) 100vw, 600px\" class=\"no-lazyload\" width=\"600\" height=\"160\"  style=\"display: inline-block; max-width: 100%; height: auto;\" \/><\/a><\/div><\/div>","protected":false},"excerpt":{"rendered":"<p>Mi\u0142o\u015bnicy literatury, ca\u0142e rodziny i wszyscy, kt\u00f3rzy chc\u0105 sp\u0119dzi\u0107 sobotnie przedpo\u0142udnie w wyj\u0105tkowej atmosferze, s\u0105 zaproszeni na tegoroczn\u0105 ods\u0142on\u0119 Narodowego Czytania w Zabrzu. Tym razem uczestnicy pos\u0142uchaj\u0105 jednego z najs\u0142ynniejszych dzie\u0142 polskiej literatury &#8211; chodzi o &#8220;Dziady&#8221; Adama Mickiewicza. Wydarzenie, kt\u00f3re odb\u0119dzie si\u0119 w sobot\u0119, 5 wrze\u015bnia o godz. 11:00, w Miejskim Ogrodzie Botanicznym w [&hellip;]<\/p>\n","protected":false},"author":17,"featured_media":109493,"comment_status":"closed","ping_status":"closed","sticky":false,"template":"","format":"standard","meta":{"_monsterinsights_skip_tracking":false,"footnotes":"","_links_to":"","_links_to_target":""},"categories":[11756,1],"tags":[13127,13335],"class_list":["post-118335","post","type-post","status-publish","format-standard","has-post-thumbnail","hentry","category-kultura","category-wszystko","tag-mob","tag-narodowe-czytanie"],"_links":{"self":[{"href":"https:\/\/www.24zabrze.pl\/wiadomosci\/wp-json\/wp\/v2\/posts\/118335","targetHints":{"allow":["GET"]}}],"collection":[{"href":"https:\/\/www.24zabrze.pl\/wiadomosci\/wp-json\/wp\/v2\/posts"}],"about":[{"href":"https:\/\/www.24zabrze.pl\/wiadomosci\/wp-json\/wp\/v2\/types\/post"}],"author":[{"embeddable":true,"href":"https:\/\/www.24zabrze.pl\/wiadomosci\/wp-json\/wp\/v2\/users\/17"}],"replies":[{"embeddable":true,"href":"https:\/\/www.24zabrze.pl\/wiadomosci\/wp-json\/wp\/v2\/comments?post=118335"}],"version-history":[{"count":10,"href":"https:\/\/www.24zabrze.pl\/wiadomosci\/wp-json\/wp\/v2\/posts\/118335\/revisions"}],"predecessor-version":[{"id":118345,"href":"https:\/\/www.24zabrze.pl\/wiadomosci\/wp-json\/wp\/v2\/posts\/118335\/revisions\/118345"}],"wp:featuredmedia":[{"embeddable":true,"href":"https:\/\/www.24zabrze.pl\/wiadomosci\/wp-json\/wp\/v2\/media\/109493"}],"wp:attachment":[{"href":"https:\/\/www.24zabrze.pl\/wiadomosci\/wp-json\/wp\/v2\/media?parent=118335"}],"wp:term":[{"taxonomy":"category","embeddable":true,"href":"https:\/\/www.24zabrze.pl\/wiadomosci\/wp-json\/wp\/v2\/categories?post=118335"},{"taxonomy":"post_tag","embeddable":true,"href":"https:\/\/www.24zabrze.pl\/wiadomosci\/wp-json\/wp\/v2\/tags?post=118335"}],"curies":[{"name":"wp","href":"https:\/\/api.w.org\/{rel}","templated":true}]}}