{"id":118328,"date":"2026-09-02T10:45:25","date_gmt":"2026-09-02T08:45:25","guid":{"rendered":"https:\/\/www.24zabrze.pl\/wiadomosci\/?p=118328"},"modified":"2026-09-02T10:45:25","modified_gmt":"2026-09-02T08:45:25","slug":"spotkanie-poswiecone-prof-witoldowi-zdanowiczowi-i-zolnierzom-2-korpusu-polskiego","status":"publish","type":"post","link":"https:\/\/www.24zabrze.pl\/wiadomosci\/spotkanie-poswiecone-prof-witoldowi-zdanowiczowi-i-zolnierzom-2-korpusu-polskiego\/","title":{"rendered":"Spotkanie po\u015bwi\u0119cone prof. Witoldowi \u017bdanowiczowi i \u017co\u0142nierzom 2. Korpusu Polskiego"},"content":{"rendered":"<div class=\"zabrz-a6-z-nad-leadem-artykulow zabrz-entity-placement\" id=\"zabrz-1926059951\"><div class=\"zabrz-adlabel\"><span style=\"font-size: 9px\">REKLAMA<\/span><\/div><div id=\"zabrz-4143468361\" style=\"margin-bottom: 30px;margin-left: auto;margin-right: auto;text-align: center;\"><a data-no-instant=\"1\" href=\"https:\/\/dom100.eu\/\" rel=\"noopener\" class=\"a2t-link\" target=\"_blank\" aria-label=\"20260827 750x200_baner_Dni_Otwarte_dom100\"><img loading=\"lazy\" decoding=\"async\" src=\"https:\/\/www.24zabrze.pl\/wiadomosci\/wp-content\/uploads\/2025\/09\/20260827-750x200_baner_Dni_Otwarte_dom100.jpg\" alt=\"\"  srcset=\"https:\/\/www.24zabrze.pl\/wiadomosci\/wp-content\/uploads\/2025\/09\/20260827-750x200_baner_Dni_Otwarte_dom100.jpg 750w, https:\/\/www.24zabrze.pl\/wiadomosci\/wp-content\/uploads\/2025\/09\/20260827-750x200_baner_Dni_Otwarte_dom100-410x109.jpg 410w\" sizes=\"(max-width: 750px) 100vw, 750px\" class=\"no-lazyload\" width=\"750\" height=\"200\"  style=\"display: inline-block; max-width: 100%; height: auto;\" \/><\/a><\/div><\/div><h2>W Miejskiej Bibliotece Publicznej w Zabrzu odb\u0119dzie si\u0119 wyj\u0105tkowe spotkanie po\u015bwi\u0119cone prof. Witoldowi \u017bdanowiczowi oraz innym \u017co\u0142nierzom 2. Korpusu Polskiego, kt\u00f3rych powojenne losy zwi\u0105za\u0142y z naszym miastem. Go\u015bciem wydarzenia, kt\u00f3re zaplanowano na czwartek, 3 wrze\u015bnia, b\u0119dzie Tadeusz \u017bdanowicz, syn Profesora.<\/h2>\n<p>Prof. <strong>Witold \u017bdanowicz<\/strong> by\u0142 \u017co\u0142nierzem 2. Korpusu Polskiego dowodzonego przez gen. W\u0142adys\u0142awa Andersa, profesorem fizyki, a tak\u017ce wieloletnim mieszka\u0144cem i dzia\u0142aczem zwi\u0105zanym z Zabrzem. Szczeg\u00f3lne miejsce w jego dzia\u0142alno\u015bci zajmowa\u0142o dokumentowanie los\u00f3w \u015al\u0105zak\u00f3w walcz\u0105cych podczas II wojny \u015bwiatowej oraz piel\u0119gnowanie pami\u0119ci o \u017co\u0142nierzach walcz\u0105cych pod Monte Cassino.<\/p><div class=\"zabrz-a3-z-w-tresci-artykulow zabrz-entity-placement\" id=\"zabrz-775538984\"><div id=\"zabrz-336856085\" style=\"margin-bottom: 40px;margin-left: auto;margin-right: auto;text-align: center;\"><a data-no-instant=\"1\" href=\"https:\/\/ogrodyandersa.pl\/\" rel=\"noopener\" class=\"a2t-link\" target=\"_blank\" aria-label=\"750-x-200-Box-Srodtekstowy-ADS-Ogrody-Andersa-v1\"><img loading=\"lazy\" decoding=\"async\" src=\"https:\/\/www.24zabrze.pl\/wiadomosci\/wp-content\/uploads\/2026\/02\/750-x-200-Box-Srodtekstowy-ADS-Ogrody-Andersa-v1.jpg\" alt=\"\"  srcset=\"https:\/\/www.24zabrze.pl\/wiadomosci\/wp-content\/uploads\/2026\/02\/750-x-200-Box-Srodtekstowy-ADS-Ogrody-Andersa-v1.jpg 750w, https:\/\/www.24zabrze.pl\/wiadomosci\/wp-content\/uploads\/2026\/02\/750-x-200-Box-Srodtekstowy-ADS-Ogrody-Andersa-v1-410x109.jpg 410w\" sizes=\"(max-width: 750px) 100vw, 750px\" class=\"no-lazyload\" width=\"750\" height=\"200\"  style=\"display: inline-block; max-width: 100%; height: auto;\" \/><\/a><\/div><\/div>\n<p>2 wrze\u015bnia przypada 18. rocznica \u015bmierci Profesora. Z tej okazji zabrza\u0144ska biblioteka organizuje spotkanie wspomnieniowe, podczas kt\u00f3rego przybli\u017cona zostanie jego niezwyk\u0142a biografia, dorobek naukowy oraz dzia\u0142alno\u015b\u0107 na rzecz zachowania pami\u0119ci o uczestnikach walk.<\/p>\n<blockquote><p><em>Jednym z najwa\u017cniejszych obszar\u00f3w jego dzia\u0142alno\u015bci by\u0142o dokumentowanie los\u00f3w \u017co\u0142nierzy bitwy o Monte Cassino. Prof. \u017bdanowicz jest autorem monumentalnej publikacji po\u015bwi\u0119conej uczestnikom tej bitwy. By\u0142 tak\u017ce inicjatorem powstania w Zabrzu pomnika upami\u0119tniaj\u0105cego \u017co\u0142nierzy 2. Korpusu Polskiego<\/em> <\/p><\/blockquote>\n<p>&#8211; informuj\u0105 organizatorzy. <\/p>\n<p>Podczas wydarzenia przypomniane zostan\u0105 r\u00f3wnie\u017c sylwetki innych \u017co\u0142nierzy 2. Korpusu, kt\u00f3rych powojenne losy zwi\u0105za\u0142y si\u0119 z Zabrzem. Ich historie pokazuj\u0105, \u017ce wielka historia II wojny \u015bwiatowej mia\u0142a r\u00f3wnie\u017c sw\u00f3j zabrza\u0144ski wymiar, a do\u015bwiadczenia i losy jej uczestnik\u00f3w na trwa\u0142e wpisa\u0142y si\u0119 w histori\u0119 naszego miasta.<\/p>\n<p>Szczeg\u00f3lnym go\u015bciem spotkania b\u0119dzie <strong>Tadeusz \u017bdanowicz,<\/strong> syn prof. Witolda \u017bdanowicza. Rozmow\u0119 poprowadzi <strong>Aneta Hoffmann <\/strong>z Fundacji Znaki Pami\u0119ci w Warszawie.<\/p>\n<p>B\u0119dzie to nie tylko okazja do przypomnienia postaci prof. \u017bdanowicza, ale tak\u017ce do poznania historii ludzi, kt\u00f3rych wojenne do\u015bwiadczenia, s\u0142u\u017cba w 2. Korpusie Polskim i powojenne \u017cycie po\u0142\u0105czy\u0142y z Zabrzem. Spotkanie b\u0119dzie r\u00f3wnie\u017c przestrzeni\u0105 do rozmowy o historii, pami\u0119ci i potrzebie zachowania \u015bwiadectw dla kolejnych pokole\u0144.<\/p>\n<p><strong>3 wrze\u015bnia 2026 r. (czwartek)<br \/>\ngodz. 18.00<br \/>\nWypo\u017cyczalnia Popularnonaukowa MBP w Zabrzu, ul. Wyzwolenia 4<br \/>\nWst\u0119p wolny<\/strong><\/p>\n<p>Wydarzenie wpisuje si\u0119 w obchody \u201eZabrza\u0144skiego Wrze\u015bnia\u201d, organizowane z okazji 104. rocznicy nadania Zabrzu praw miejskich.<\/p>\n<p>(\u017cms)\/UM Zabrze<br \/>\nfot. mat. organizatora<\/p>\n<p><img loading=\"lazy\" decoding=\"async\" src=\"https:\/\/miastozabrze.pl\/wp-content\/uploads\/2026\/08\/zdanowicz-wydarzenie.png\" width=\"1640\" height=\"924\" class=\"alignnone size-full\" \/><\/p>\n<div class=\"zabrz-a5-z-na-koncu-artykulow zabrz-entity-placement\" id=\"zabrz-3212479806\"><div id=\"zabrz-224556560\" style=\"margin-left: auto;margin-right: auto;text-align: center;\"><a data-no-instant=\"1\" href=\"https:\/\/www.jasek.pl\/\" rel=\"noopener\" class=\"a2t-link\" target=\"_blank\" aria-label=\"20200401-jasek 600\"><img loading=\"lazy\" decoding=\"async\" src=\"https:\/\/www.24zabrze.pl\/wiadomosci\/wp-content\/uploads\/2020\/04\/20200401-jasek-600.jpg\" alt=\"\"  srcset=\"https:\/\/www.24zabrze.pl\/wiadomosci\/wp-content\/uploads\/2020\/04\/20200401-jasek-600.jpg 600w, https:\/\/www.24zabrze.pl\/wiadomosci\/wp-content\/uploads\/2020\/04\/20200401-jasek-600-410x109.jpg 410w\" sizes=\"(max-width: 600px) 100vw, 600px\" class=\"no-lazyload\" width=\"600\" height=\"160\"  style=\"display: inline-block; max-width: 100%; height: auto;\" \/><\/a><\/div><\/div>","protected":false},"excerpt":{"rendered":"<p>W Miejskiej Bibliotece Publicznej w Zabrzu odb\u0119dzie si\u0119 wyj\u0105tkowe spotkanie po\u015bwi\u0119cone prof. Witoldowi \u017bdanowiczowi oraz innym \u017co\u0142nierzom 2. Korpusu Polskiego, kt\u00f3rych powojenne losy zwi\u0105za\u0142y z naszym miastem. Go\u015bciem wydarzenia, kt\u00f3re zaplanowano na czwartek, 3 wrze\u015bnia, b\u0119dzie Tadeusz \u017bdanowicz, syn Profesora. Prof. Witold \u017bdanowicz by\u0142 \u017co\u0142nierzem 2. Korpusu Polskiego dowodzonego przez gen. W\u0142adys\u0142awa Andersa, profesorem fizyki, [&hellip;]<\/p>\n","protected":false},"author":17,"featured_media":118329,"comment_status":"closed","ping_status":"closed","sticky":false,"template":"","format":"standard","meta":{"_monsterinsights_skip_tracking":false,"footnotes":"","_links_to":"","_links_to_target":""},"categories":[11756,1],"tags":[13334,13017],"class_list":["post-118328","post","type-post","status-publish","format-standard","has-post-thumbnail","hentry","category-kultura","category-wszystko","tag-biblioteka","tag-spotkanie"],"_links":{"self":[{"href":"https:\/\/www.24zabrze.pl\/wiadomosci\/wp-json\/wp\/v2\/posts\/118328","targetHints":{"allow":["GET"]}}],"collection":[{"href":"https:\/\/www.24zabrze.pl\/wiadomosci\/wp-json\/wp\/v2\/posts"}],"about":[{"href":"https:\/\/www.24zabrze.pl\/wiadomosci\/wp-json\/wp\/v2\/types\/post"}],"author":[{"embeddable":true,"href":"https:\/\/www.24zabrze.pl\/wiadomosci\/wp-json\/wp\/v2\/users\/17"}],"replies":[{"embeddable":true,"href":"https:\/\/www.24zabrze.pl\/wiadomosci\/wp-json\/wp\/v2\/comments?post=118328"}],"version-history":[{"count":2,"href":"https:\/\/www.24zabrze.pl\/wiadomosci\/wp-json\/wp\/v2\/posts\/118328\/revisions"}],"predecessor-version":[{"id":118331,"href":"https:\/\/www.24zabrze.pl\/wiadomosci\/wp-json\/wp\/v2\/posts\/118328\/revisions\/118331"}],"wp:featuredmedia":[{"embeddable":true,"href":"https:\/\/www.24zabrze.pl\/wiadomosci\/wp-json\/wp\/v2\/media\/118329"}],"wp:attachment":[{"href":"https:\/\/www.24zabrze.pl\/wiadomosci\/wp-json\/wp\/v2\/media?parent=118328"}],"wp:term":[{"taxonomy":"category","embeddable":true,"href":"https:\/\/www.24zabrze.pl\/wiadomosci\/wp-json\/wp\/v2\/categories?post=118328"},{"taxonomy":"post_tag","embeddable":true,"href":"https:\/\/www.24zabrze.pl\/wiadomosci\/wp-json\/wp\/v2\/tags?post=118328"}],"curies":[{"name":"wp","href":"https:\/\/api.w.org\/{rel}","templated":true}]}}