{"id":118313,"date":"2026-09-01T15:01:28","date_gmt":"2026-09-01T13:01:28","guid":{"rendered":"https:\/\/www.24zabrze.pl\/wiadomosci\/?p=118313"},"modified":"2026-09-01T15:01:28","modified_gmt":"2026-09-01T13:01:28","slug":"rozpoczyna-sie-zabrzanski-wrzesien-miesiac-wydarzen-organizowanych-w-roznych-czesciach-miasta","status":"publish","type":"post","link":"https:\/\/www.24zabrze.pl\/wiadomosci\/rozpoczyna-sie-zabrzanski-wrzesien-miesiac-wydarzen-organizowanych-w-roznych-czesciach-miasta\/","title":{"rendered":"Rozpoczyna si\u0119 Zabrza\u0144ski Wrzesie\u0144. Miesi\u0105c wydarze\u0144 organizowanych w r\u00f3\u017cnych cz\u0119\u015bciach miasta"},"content":{"rendered":"<div class=\"zabrz-a6-z-nad-leadem-artykulow zabrz-entity-placement\" id=\"zabrz-3680592471\"><div class=\"zabrz-adlabel\"><span style=\"font-size: 9px\">REKLAMA<\/span><\/div><div id=\"zabrz-1080924701\" style=\"margin-bottom: 30px;margin-left: auto;margin-right: auto;text-align: center;\"><a data-no-instant=\"1\" href=\"https:\/\/dom100.eu\/\" rel=\"noopener\" class=\"a2t-link\" target=\"_blank\" aria-label=\"20260827 750x200_baner_Dni_Otwarte_dom100\"><img loading=\"lazy\" decoding=\"async\" src=\"https:\/\/www.24zabrze.pl\/wiadomosci\/wp-content\/uploads\/2025\/09\/20260827-750x200_baner_Dni_Otwarte_dom100.jpg\" alt=\"\"  srcset=\"https:\/\/www.24zabrze.pl\/wiadomosci\/wp-content\/uploads\/2025\/09\/20260827-750x200_baner_Dni_Otwarte_dom100.jpg 750w, https:\/\/www.24zabrze.pl\/wiadomosci\/wp-content\/uploads\/2025\/09\/20260827-750x200_baner_Dni_Otwarte_dom100-410x109.jpg 410w\" sizes=\"(max-width: 750px) 100vw, 750px\" class=\"no-lazyload\" width=\"750\" height=\"200\"  style=\"display: inline-block; max-width: 100%; height: auto;\" \/><\/a><\/div><\/div><h2>1 wrze\u015bnia startuje Zabrza\u0144ski Wrzesie\u0144 \u2013 cykl wydarze\u0144 przygotowanych z okazji 104. rocznicy nadania Zabrzu praw miejskich. Przez ca\u0142y miesi\u0105c mieszka\u0144cy b\u0119d\u0105 mogli uczestniczy\u0107 w koncertach, wystawach, spotkaniach, wydarzeniach sportowych, rodzinnych i kulturalnych. Kulminacja obchod\u00f3w nast\u0105pi w weekend 26\u201327 wrze\u015bnia.<\/h2>\n<p>Zabrzanie we wrze\u015bniu b\u0119d\u0105 mieli wiele powod\u00f3w do spotka\u0144. Z okazji 104. rocznicy nadania praw miejskich rozpoczyna si\u0119 Zabrza\u0144ski Wrzesie\u0144 \u2013 miesi\u0105c wydarze\u0144 organizowanych w r\u00f3\u017cnych cz\u0119\u015bciach miasta. To nie b\u0119dzie jedno wydarzenie zamkni\u0119te w jednym dniu. Wr\u0119cz przeciwnie. \u015awi\u0119towanie roz\u0142o\u017cone zosta\u0142o na ca\u0142y wrzesie\u0144, tak aby ka\u017cdy m\u00f3g\u0142 znale\u017a\u0107 co\u015b dla siebie.<\/p><div class=\"zabrz-a3-z-w-tresci-artykulow zabrz-entity-placement\" id=\"zabrz-2037295004\"><div id=\"zabrz-1905047381\" style=\"margin-bottom: 40px;margin-left: auto;margin-right: auto;text-align: center;\"><a data-no-instant=\"1\" href=\"https:\/\/ogrodyandersa.pl\/\" rel=\"noopener\" class=\"a2t-link\" target=\"_blank\" aria-label=\"750-x-200-Box-Srodtekstowy-ADS-Ogrody-Andersa-v1\"><img loading=\"lazy\" decoding=\"async\" src=\"https:\/\/www.24zabrze.pl\/wiadomosci\/wp-content\/uploads\/2026\/02\/750-x-200-Box-Srodtekstowy-ADS-Ogrody-Andersa-v1.jpg\" alt=\"\"  srcset=\"https:\/\/www.24zabrze.pl\/wiadomosci\/wp-content\/uploads\/2026\/02\/750-x-200-Box-Srodtekstowy-ADS-Ogrody-Andersa-v1.jpg 750w, https:\/\/www.24zabrze.pl\/wiadomosci\/wp-content\/uploads\/2026\/02\/750-x-200-Box-Srodtekstowy-ADS-Ogrody-Andersa-v1-410x109.jpg 410w\" sizes=\"(max-width: 750px) 100vw, 750px\" class=\"no-lazyload\" width=\"750\" height=\"200\"  style=\"display: inline-block; max-width: 100%; height: auto;\" \/><\/a><\/div><\/div>\n<h4>Wrzesie\u0144 pe\u0142en wydarze\u0144<\/h4>\n<p>Ju\u017c w pierwszym tygodniu Zabrza\u0144ski Wrzesie\u0144 poka\u017ce, \u017ce miejskie \u015bwi\u0119towanie mo\u017ce mie\u0107 wiele r\u00f3\u017cnych ods\u0142on. 1 wrze\u015bnia w Kinie Roma rozpoczn\u0105 si\u0119 obchody 25. rocznicy kinowej premiery filmu \u201eHarry Potter i Kamie\u0144 Filozoficzny\u201d. Tego samego dnia w Filii nr 2 Miejskiej Biblioteki Publicznej b\u0119dzie mo\u017cna zobaczy\u0107 wystaw\u0119 \u201eSploty\u201d \u2013 prezentuj\u0105c\u0105 prace Ma\u0142gorzaty Mazurkiewicz z zabrza\u0144skiej Grupy Artystycznej Obsydian.<\/p>\n<p>3 wrze\u015bnia w Galerii Caf\u00e9 Silesia zaplanowano otwarcie dodatkowej wystawy plakat\u00f3w i projekt\u00f3w Kazimiery Moska\u0142y, przygotowanych na potrzeby Zabrza\u0144skiego Wrze\u015bnia. Tego samego dnia odb\u0119dzie si\u0119 r\u00f3wnie\u017c spotkanie po\u015bwi\u0119cone pami\u0119ci prof. Witolda \u017bdanowicza, mieszka\u0144ca Zabrza, \u017co\u0142nierza 2 Korpusu Polskiego i uczestnika bitwy o Monte Cassino.<\/p>\n<h5>Weekend przyniesie kolejne propozycje. 5 i 6 wrze\u015bnia w Miejskim O\u015brodku Kultury odb\u0119dzie si\u0119 \u015al\u0105ski Weekend Akwarystyczny \u2013 14. edycja wydarzenia dla mi\u0142o\u015bnik\u00f3w akwarystyki, z ponad 60 akwariami, spotkaniami z wystawcami i wyk\u0142adami specjalist\u00f3w.<\/h5>\n<p>W sobot\u0119 odb\u0119dzie si\u0119 r\u00f3wnie\u017c Narodowe Czytanie 2026 w Miejskim Ogrodzie Botanicznym po\u015bwi\u0119cone \u201eDziadom\u201d Adama Mickiewicza oraz podczas Do\u017cynek Miejskich w Grzybowicach. 6 wrze\u015bnia rozpocznie si\u0119 tak\u017ce 31. edycja Zabrza\u0144skiego Mi\u0119dzynarodowego Festiwalu Organowego im. ks. Antoniego Chlondowskiego.<\/p>\n<p>Nie zapominajmy tak\u017ce o pierwszym Zabrza\u0144skim Festiwalu Smak\u00f3w, kt\u00f3rego menu zosta\u0142o ju\u017c opublikowane. Wydarzenie potrwa od 7 do 25 wrze\u015bnia, za\u015b fina\u0142 przewidziano 26 wrze\u015bnia podczas pikniku pikniku \u201eZabrza\u0144ski Wrzesie\u0144\u201d.<\/p>\n<p><img loading=\"lazy\" decoding=\"async\" class=\"alignnone \" src=\"https:\/\/miastozabrze.pl\/wp-content\/uploads\/2026\/08\/MENU-DAN-FESTIWALOWYCH-1086x1536.jpg\" width=\"1562\" height=\"2209\" \/><\/p>\n<h4>Wielki fina\u0142 26 i 27 wrze\u015bnia<\/h4>\n<p>Najwa\u017cniejszym momentem Zabrza\u0144skiego Wrze\u015bnia b\u0119dzie weekend 26\u201327 wrze\u015bnia. To w\u0142a\u015bnie wtedy odb\u0119d\u0105 si\u0119 g\u0142\u00f3wne wydarzenia zwi\u0105zane ze \u015bwi\u0119tem miasta. Fina\u0142 b\u0119dzie okazj\u0105 do wsp\u00f3lnego spotkania mieszka\u0144c\u00f3w i wsp\u00f3lnego \u015bwi\u0119towania kolejnego rozdzia\u0142u historii Zabrza.<\/p>\n<h5>104 lata praw miejskich to nie tylko data w kalendarzu. To historia miasta tworzonego przez kolejne pokolenia mieszka\u0144c\u00f3w.<\/h5>\n<p>Dlatego tegoroczne \u015bwi\u0119towanie ma by\u0107 przede wszystkim blisko ludzi \u2013 w miejscach, kt\u00f3re na co dzie\u0144 tworz\u0105 Zabrze i w\u015br\u00f3d mieszka\u0144c\u00f3w, kt\u00f3rzy s\u0105 jego najwa\u017cniejsz\u0105 cz\u0119\u015bci\u0105. Program Zabrza\u0144skiego Wrze\u015bnia b\u0119dzie dost\u0119pny na stronie internetowej wydarzenia. Znajdzie si\u0119 tam zar\u00f3wno pe\u0142na lista imprez, jak i aktualno\u015bci po\u015bwi\u0119cone poszczeg\u00f3lnym wydarzeniom.<\/p>\n<p>(\u017cms)\/UM Zabrze<br \/>\ngrafika UM Zabrze<\/p>\n<div class=\"zabrz-a5-z-na-koncu-artykulow zabrz-entity-placement\" id=\"zabrz-3857069235\"><div id=\"zabrz-685403440\" style=\"margin-left: auto;margin-right: auto;text-align: center;\"><a data-no-instant=\"1\" href=\"https:\/\/www.jasek.pl\/\" rel=\"noopener\" class=\"a2t-link\" target=\"_blank\" aria-label=\"20200401-jasek 600\"><img loading=\"lazy\" decoding=\"async\" src=\"https:\/\/www.24zabrze.pl\/wiadomosci\/wp-content\/uploads\/2020\/04\/20200401-jasek-600.jpg\" alt=\"\"  srcset=\"https:\/\/www.24zabrze.pl\/wiadomosci\/wp-content\/uploads\/2020\/04\/20200401-jasek-600.jpg 600w, https:\/\/www.24zabrze.pl\/wiadomosci\/wp-content\/uploads\/2020\/04\/20200401-jasek-600-410x109.jpg 410w\" sizes=\"(max-width: 600px) 100vw, 600px\" class=\"no-lazyload\" width=\"600\" height=\"160\"  style=\"display: inline-block; max-width: 100%; height: auto;\" \/><\/a><\/div><\/div>","protected":false},"excerpt":{"rendered":"<p>1 wrze\u015bnia startuje Zabrza\u0144ski Wrzesie\u0144 \u2013 cykl wydarze\u0144 przygotowanych z okazji 104. rocznicy nadania Zabrzu praw miejskich. Przez ca\u0142y miesi\u0105c mieszka\u0144cy b\u0119d\u0105 mogli uczestniczy\u0107 w koncertach, wystawach, spotkaniach, wydarzeniach sportowych, rodzinnych i kulturalnych. Kulminacja obchod\u00f3w nast\u0105pi w weekend 26\u201327 wrze\u015bnia. Zabrzanie we wrze\u015bniu b\u0119d\u0105 mieli wiele powod\u00f3w do spotka\u0144. Z okazji 104. rocznicy nadania praw [&hellip;]<\/p>\n","protected":false},"author":17,"featured_media":118196,"comment_status":"closed","ping_status":"closed","sticky":false,"template":"","format":"standard","meta":{"_monsterinsights_skip_tracking":false,"footnotes":"","_links_to":"","_links_to_target":""},"categories":[11756,9,1],"tags":[13306,13307],"class_list":["post-118313","post","type-post","status-publish","format-standard","has-post-thumbnail","hentry","category-kultura","category-stronaglowna","category-wszystko","tag-swieto-miasta","tag-zabrzanski-wrzesien"],"_links":{"self":[{"href":"https:\/\/www.24zabrze.pl\/wiadomosci\/wp-json\/wp\/v2\/posts\/118313","targetHints":{"allow":["GET"]}}],"collection":[{"href":"https:\/\/www.24zabrze.pl\/wiadomosci\/wp-json\/wp\/v2\/posts"}],"about":[{"href":"https:\/\/www.24zabrze.pl\/wiadomosci\/wp-json\/wp\/v2\/types\/post"}],"author":[{"embeddable":true,"href":"https:\/\/www.24zabrze.pl\/wiadomosci\/wp-json\/wp\/v2\/users\/17"}],"replies":[{"embeddable":true,"href":"https:\/\/www.24zabrze.pl\/wiadomosci\/wp-json\/wp\/v2\/comments?post=118313"}],"version-history":[{"count":3,"href":"https:\/\/www.24zabrze.pl\/wiadomosci\/wp-json\/wp\/v2\/posts\/118313\/revisions"}],"predecessor-version":[{"id":118317,"href":"https:\/\/www.24zabrze.pl\/wiadomosci\/wp-json\/wp\/v2\/posts\/118313\/revisions\/118317"}],"wp:featuredmedia":[{"embeddable":true,"href":"https:\/\/www.24zabrze.pl\/wiadomosci\/wp-json\/wp\/v2\/media\/118196"}],"wp:attachment":[{"href":"https:\/\/www.24zabrze.pl\/wiadomosci\/wp-json\/wp\/v2\/media?parent=118313"}],"wp:term":[{"taxonomy":"category","embeddable":true,"href":"https:\/\/www.24zabrze.pl\/wiadomosci\/wp-json\/wp\/v2\/categories?post=118313"},{"taxonomy":"post_tag","embeddable":true,"href":"https:\/\/www.24zabrze.pl\/wiadomosci\/wp-json\/wp\/v2\/tags?post=118313"}],"curies":[{"name":"wp","href":"https:\/\/api.w.org\/{rel}","templated":true}]}}