{"id":118305,"date":"2026-09-01T14:50:10","date_gmt":"2026-09-01T12:50:10","guid":{"rendered":"https:\/\/www.24zabrze.pl\/wiadomosci\/?p=118305"},"modified":"2026-09-01T14:50:32","modified_gmt":"2026-09-01T12:50:32","slug":"nowy-rok-szkolny-i-zmienione-zasady-w-szkolach-wraca-przyroda-zakaz-telefonow-w-podstawowkach","status":"publish","type":"post","link":"https:\/\/www.24zabrze.pl\/wiadomosci\/nowy-rok-szkolny-i-zmienione-zasady-w-szkolach-wraca-przyroda-zakaz-telefonow-w-podstawowkach\/","title":{"rendered":"Nowy rok szkolny i zmienione zasady w szko\u0142ach. Wraca przyroda, zakaz telefon\u00f3w w podstaw\u00f3wkach"},"content":{"rendered":"<div class=\"zabrz-a6-z-nad-leadem-artykulow zabrz-entity-placement\" id=\"zabrz-2572004795\"><div class=\"zabrz-adlabel\"><span style=\"font-size: 9px\">REKLAMA<\/span><\/div><div id=\"zabrz-3089398212\" style=\"margin-bottom: 30px;margin-left: auto;margin-right: auto;text-align: center;\"><a data-no-instant=\"1\" href=\"https:\/\/dom100.eu\/\" rel=\"noopener\" class=\"a2t-link\" target=\"_blank\" aria-label=\"20260827 750x200_baner_Dni_Otwarte_dom100\"><img loading=\"lazy\" decoding=\"async\" src=\"https:\/\/www.24zabrze.pl\/wiadomosci\/wp-content\/uploads\/2025\/09\/20260827-750x200_baner_Dni_Otwarte_dom100.jpg\" alt=\"\"  srcset=\"https:\/\/www.24zabrze.pl\/wiadomosci\/wp-content\/uploads\/2025\/09\/20260827-750x200_baner_Dni_Otwarte_dom100.jpg 750w, https:\/\/www.24zabrze.pl\/wiadomosci\/wp-content\/uploads\/2025\/09\/20260827-750x200_baner_Dni_Otwarte_dom100-410x109.jpg 410w\" sizes=\"(max-width: 750px) 100vw, 750px\" class=\"no-lazyload\" width=\"750\" height=\"200\"  style=\"display: inline-block; max-width: 100%; height: auto;\" \/><\/a><\/div><\/div><h2>Oko\u0142o 16,5 tys. uczni\u00f3w oraz 3,7 tys. wychowank\u00f3w rozpoczyna nowy rok szkolny. Dla cz\u0119\u015bci z nich b\u0119dzie to tak\u017ce pocz\u0105tek nauki wed\u0142ug nowych zasad &#8211; rozpoczyna si\u0119 bowiem stopniowe wprowadzanie zmienionych rozwi\u0105za\u0144 w polskiej edukacji. Nie wszystkie obejm\u0105 ka\u017cdego ucznia od razu. Najm\u0142odsi i uczniowie rozpoczynaj\u0105cy klas\u0119 IV b\u0119d\u0105 jednymi z pierwszych, kt\u00f3rzy zetkn\u0105 si\u0119 ze zmianami programowymi.<\/h2>\n<p>Jedn\u0105 z najbardziej zauwa\u017calnych zmian b\u0119dzie ograniczenie korzystania z telefon\u00f3w w szko\u0142ach podstawowych. Od 1 wrze\u015bnia uczniowie szk\u00f3\u0142 podstawowych nie mog\u0105 korzysta\u0107 na terenie szko\u0142y z telefon\u00f3w kom\u00f3rkowych oraz innych urz\u0105dze\u0144 s\u0142u\u017c\u0105cych m.in. do komunikowania si\u0119 czy rejestrowania obrazu i d\u017awi\u0119ku. Zasada dotyczy r\u00f3wnie\u017c przerw. Nie oznacza to jednak, \u017ce telefon trzeba zostawi\u0107 w domu. Przepisy przewiduj\u0105 sytuacje, w kt\u00f3rych ucze\u0144 b\u0119dzie m\u00f3g\u0142 z niego skorzysta\u0107 \u2013 np. gdy urz\u0105dzenie jest potrzebne podczas zaj\u0119\u0107, konieczny jest pilny kontakt z rodzicem albo przemawiaj\u0105 za tym wzgl\u0119dy zdrowotne czy szczeg\u00f3lne potrzeby ucznia. <\/p><div class=\"zabrz-a3-z-w-tresci-artykulow zabrz-entity-placement\" id=\"zabrz-3612742716\"><div id=\"zabrz-4132609938\" style=\"margin-bottom: 40px;margin-left: auto;margin-right: auto;text-align: center;\"><a data-no-instant=\"1\" href=\"https:\/\/ogrodyandersa.pl\/\" rel=\"noopener\" class=\"a2t-link\" target=\"_blank\" aria-label=\"750-x-200-Box-Srodtekstowy-ADS-Ogrody-Andersa-v1\"><img loading=\"lazy\" decoding=\"async\" src=\"https:\/\/www.24zabrze.pl\/wiadomosci\/wp-content\/uploads\/2026\/02\/750-x-200-Box-Srodtekstowy-ADS-Ogrody-Andersa-v1.jpg\" alt=\"\"  srcset=\"https:\/\/www.24zabrze.pl\/wiadomosci\/wp-content\/uploads\/2026\/02\/750-x-200-Box-Srodtekstowy-ADS-Ogrody-Andersa-v1.jpg 750w, https:\/\/www.24zabrze.pl\/wiadomosci\/wp-content\/uploads\/2026\/02\/750-x-200-Box-Srodtekstowy-ADS-Ogrody-Andersa-v1-410x109.jpg 410w\" sizes=\"(max-width: 750px) 100vw, 750px\" class=\"no-lazyload\" width=\"750\" height=\"200\"  style=\"display: inline-block; max-width: 100%; height: auto;\" \/><\/a><\/div><\/div>\n<p>W szko\u0142ach ponadpodstawowych zasady korzystania z telefon\u00f3w ustalaj\u0105 natomiast same plac\u00f3wki. Dla uczni\u00f3w oznacza to przede wszystkim zmian\u0119 szkolnej codzienno\u015bci. Mniej czasu ze smartfonem, wi\u0119cej przestrzeni na rozmow\u0119, wsp\u00f3ln\u0105 zabaw\u0119 i kontakt z r\u00f3wie\u015bnikami.<\/p>\n<h4>Przyroda wraca do klas IV\u2013VI<\/h4>\n<p>Uczniowie klas IV\u2013VI b\u0119d\u0105 poznawa\u0107 przyrod\u0119 jako osobny przedmiot. Zaj\u0119cia maj\u0105 pom\u00f3c m\u0142odym ludziom lepiej zrozumie\u0107 otaczaj\u0105cy ich \u015bwiat \u2013 zanim w starszych klasach nauka biologii, chemii, fizyki i geografii zostanie podzielona na odr\u0119bne przedmioty. Nowy program nauczania ma te\u017c mocniej stawia\u0107 na praktyczne wykorzystanie wiedzy, samodzielne my\u015blenie i rozwijanie kompetencji. Zmiany b\u0119d\u0105 pojawia\u0107 si\u0119 stopniowo, wraz z kolejnymi rocznikami. To oznacza, \u017ce przez najbli\u017csze lata w szko\u0142ach b\u0119d\u0105 spotyka\u0107 si\u0119 uczniowie ucz\u0105cy si\u0119 wed\u0142ug r\u00f3\u017cnych program\u00f3w.<\/p>\n<h4>Prace domowe \u2013 troch\u0119 inaczej<\/h4>\n<p>Zmieniaj\u0105 si\u0119 tak\u017ce zasady dotycz\u0105ce zada\u0144 wykonywanych po lekcjach. W klasach IV\u2013VIII nie b\u0119d\u0105 zadawane obowi\u0105zkowe prace praktyczno-techniczne do wykonania w domu. Tego typu zadania maj\u0105 by\u0107 realizowane podczas zaj\u0119\u0107 szkolnych. Nadal mo\u017cliwe b\u0119d\u0105 pisemne prace domowe, ale ich wykonanie b\u0119dzie dobrowolne. Ucze\u0144, kt\u00f3ry zdecyduje si\u0119 je zrobi\u0107, mo\u017ce liczy\u0107 na sprawdzenie pracy i informacj\u0119 zwrotn\u0105 od nauczyciela.<\/p>\n<p>Nowym obowi\u0105zkowym przedmiotem b\u0119dzie edukacja zdrowotna. Podczas zaj\u0119\u0107 uczniowie b\u0119d\u0105 rozmawia\u0107 m.in. o zdrowiu fizycznym i psychicznym, aktywno\u015bci, prawid\u0142owym od\u017cywianiu, bezpiecze\u0144stwie w \u015bwiecie cyfrowym oraz zapobieganiu uzale\u017cnieniom.<\/p>\n<h4>Zmiany pojawi\u0105 si\u0119 tak\u017ce na szkolnym talerzu<\/h4>\n<p>Nowe zasady obejm\u0105 r\u00f3wnie\u017c \u017cywienie dzieci i m\u0142odzie\u017cy. W szkolnych posi\u0142kach ma by\u0107 wi\u0119cej warzyw, owoc\u00f3w, produkt\u00f3w pe\u0142noziarnistych i da\u0144 opartych na produktach ro\u015blinnych. Zmieni si\u0119 r\u00f3wnie\u017c spos\u00f3b przygotowywania cz\u0119\u015bci posi\u0142k\u00f3w, a woda ma by\u0107 podstawowym napojem dost\u0119pnym dla uczni\u00f3w.<\/p>\n<p>(\u017cms)\/UM Zabrze<br \/>\nfot. UM Zabrze<\/p>\n<div class=\"zabrz-a5-z-na-koncu-artykulow zabrz-entity-placement\" id=\"zabrz-2122253899\"><div id=\"zabrz-3393917721\" style=\"margin-left: auto;margin-right: auto;text-align: center;\"><a data-no-instant=\"1\" href=\"https:\/\/www.jasek.pl\/\" rel=\"noopener\" class=\"a2t-link\" target=\"_blank\" aria-label=\"20200401-jasek 600\"><img loading=\"lazy\" decoding=\"async\" src=\"https:\/\/www.24zabrze.pl\/wiadomosci\/wp-content\/uploads\/2020\/04\/20200401-jasek-600.jpg\" alt=\"\"  srcset=\"https:\/\/www.24zabrze.pl\/wiadomosci\/wp-content\/uploads\/2020\/04\/20200401-jasek-600.jpg 600w, https:\/\/www.24zabrze.pl\/wiadomosci\/wp-content\/uploads\/2020\/04\/20200401-jasek-600-410x109.jpg 410w\" sizes=\"(max-width: 600px) 100vw, 600px\" class=\"no-lazyload\" width=\"600\" height=\"160\"  style=\"display: inline-block; max-width: 100%; height: auto;\" \/><\/a><\/div><\/div>","protected":false},"excerpt":{"rendered":"<p>Oko\u0142o 16,5 tys. uczni\u00f3w oraz 3,7 tys. wychowank\u00f3w rozpoczyna nowy rok szkolny. Dla cz\u0119\u015bci z nich b\u0119dzie to tak\u017ce pocz\u0105tek nauki wed\u0142ug nowych zasad &#8211; rozpoczyna si\u0119 bowiem stopniowe wprowadzanie zmienionych rozwi\u0105za\u0144 w polskiej edukacji. Nie wszystkie obejm\u0105 ka\u017cdego ucznia od razu. Najm\u0142odsi i uczniowie rozpoczynaj\u0105cy klas\u0119 IV b\u0119d\u0105 jednymi z pierwszych, kt\u00f3rzy zetkn\u0105 si\u0119 [&hellip;]<\/p>\n","protected":false},"author":17,"featured_media":118311,"comment_status":"closed","ping_status":"closed","sticky":false,"template":"","format":"standard","meta":{"_monsterinsights_skip_tracking":false,"footnotes":"","_links_to":"","_links_to_target":""},"categories":[5,1],"tags":[13331,13332],"class_list":["post-118305","post","type-post","status-publish","format-standard","has-post-thumbnail","hentry","category-prawo","category-wszystko","tag-nowy-rok-szkolny","tag-zmiany"],"_links":{"self":[{"href":"https:\/\/www.24zabrze.pl\/wiadomosci\/wp-json\/wp\/v2\/posts\/118305","targetHints":{"allow":["GET"]}}],"collection":[{"href":"https:\/\/www.24zabrze.pl\/wiadomosci\/wp-json\/wp\/v2\/posts"}],"about":[{"href":"https:\/\/www.24zabrze.pl\/wiadomosci\/wp-json\/wp\/v2\/types\/post"}],"author":[{"embeddable":true,"href":"https:\/\/www.24zabrze.pl\/wiadomosci\/wp-json\/wp\/v2\/users\/17"}],"replies":[{"embeddable":true,"href":"https:\/\/www.24zabrze.pl\/wiadomosci\/wp-json\/wp\/v2\/comments?post=118305"}],"version-history":[{"count":6,"href":"https:\/\/www.24zabrze.pl\/wiadomosci\/wp-json\/wp\/v2\/posts\/118305\/revisions"}],"predecessor-version":[{"id":118312,"href":"https:\/\/www.24zabrze.pl\/wiadomosci\/wp-json\/wp\/v2\/posts\/118305\/revisions\/118312"}],"wp:featuredmedia":[{"embeddable":true,"href":"https:\/\/www.24zabrze.pl\/wiadomosci\/wp-json\/wp\/v2\/media\/118311"}],"wp:attachment":[{"href":"https:\/\/www.24zabrze.pl\/wiadomosci\/wp-json\/wp\/v2\/media?parent=118305"}],"wp:term":[{"taxonomy":"category","embeddable":true,"href":"https:\/\/www.24zabrze.pl\/wiadomosci\/wp-json\/wp\/v2\/categories?post=118305"},{"taxonomy":"post_tag","embeddable":true,"href":"https:\/\/www.24zabrze.pl\/wiadomosci\/wp-json\/wp\/v2\/tags?post=118305"}],"curies":[{"name":"wp","href":"https:\/\/api.w.org\/{rel}","templated":true}]}}