{"id":117056,"date":"2026-04-30T17:49:13","date_gmt":"2026-04-30T15:49:13","guid":{"rendered":"https:\/\/www.24zabrze.pl\/wiadomosci\/?p=117056"},"modified":"2026-04-30T17:49:13","modified_gmt":"2026-04-30T15:49:13","slug":"wiosenne-ogrody-andersa-od-atal-z-rabatami-i-rodzinnym-kredytem-mieszkaniowym","status":"publish","type":"post","link":"https:\/\/www.24zabrze.pl\/wiadomosci\/wiosenne-ogrody-andersa-od-atal-z-rabatami-i-rodzinnym-kredytem-mieszkaniowym\/","title":{"rendered":"Wiosenne Ogrody Andersa od ATAL \u2013 z rabatami i Rodzinnym Kredytem Mieszkaniowym"},"content":{"rendered":"<h2>W Gliwicach rozkwitaj\u0105 \u2013 dos\u0142ownie i w przeno\u015bni \u2013 Ogrody Andersa. Zdecydowanie warto teraz skorzysta\u0107 z wiosennych rabat\u00f3w na wybrane mieszkania I etapu osiedla. S\u0105 one dost\u0119pne ju\u017c w cenie poni\u017cej 8000 z\u0142 za mkw., a oszcz\u0119dno\u015bci si\u0119gaj\u0105 ok. 65 tys. z\u0142 na ca\u0142ym mieszkaniu.<\/h2>\n<p><!--more--><\/p>\n<p>Ogrody Andersa to inwestycja ATAL, renomowanego og\u00f3lnopolskiego dewelopera. Nowoczesne osiedle wyr\u00f3\u017cnia bardzo dobra lokalizacja w pobli\u017cu centrum i teren\u00f3w rekreacyjnych, ciekawa architektura, a tak\u017ce efektownie zaaran\u017cowane przestrzenie wsp\u00f3lne oraz ziele\u0144.<\/p>\n<p>Osoby rozwa\u017caj\u0105ce wzi\u0119cie na zakup kredytu, mog\u0105 ubiega\u0107 si\u0119 o sfinansowanie wk\u0142adu w\u0142asnego z pomoc\u0105 rz\u0105dowego programu Rodzinny Kredyt Mieszkaniowy (RKM). To forma zabezpieczenia wk\u0142adu do wysoko\u015bci 100 tys. z\u0142, udzielana przez Bank Gospodarstwa Krajowego.<\/p>\n<h4>Rodzinny Kredyt Mieszkaniowy jest troch\u0119 niedocenianym programem wsparcia\u2026 nie tylko rodzin. Cho\u0107 przewa\u017cnie korzystaj\u0105 z niego pary kupuj\u0105ce pierwsze mieszkanie lub planuj\u0105ce powi\u0119kszenie rodziny, to jego beneficjentem mog\u0105 by\u0107 tak\u017ce single.<\/h4>\n<p>Najog\u00f3lniej m\u00f3wi\u0105c ci, kt\u00f3rych zarobki umo\u017cliwiaj\u0105 sp\u0142at\u0119 kredytu, ale nie dysponuj\u0105 oni oszcz\u0119dno\u015bciami na pokrycie\u00a0wk\u0142adu w\u0142asnego. Jednym z warunk\u00f3w jest tak\u017ce nieposiadanie innej nieruchomo\u015bci, lecz ograniczenie to nie dotyczy rodzin wielodzietnych. <a href=\"https:\/\/www.gov.pl\/web\/rozwoj-technologia\/mieszkanie-bez-wkladu-wlasnego2\" target=\"_blank\" rel=\"noopener\">Szczeg\u00f3\u0142owe informacje na ten temat mo\u017cna znale\u017a\u0107 tu.<\/a><\/p>\n<p><a href=\"https:\/\/www.24gliwice.pl\/wiadomosci\/wp-content\/uploads\/2026\/02\/atal.jpg\"><img loading=\"lazy\" decoding=\"async\" class=\"alignnone wp-image-266452\" src=\"https:\/\/www.24gliwice.pl\/wiadomosci\/wp-content\/uploads\/2026\/02\/atal.jpg\" alt=\"\" width=\"1407\" height=\"792\" \/><\/a><\/p>\n<p>Co wa\u017cne, ceny metra kw. wielu mieszka\u0144 na Osiedlu Andersa nie tylko wypadaj\u0105 atrakcyjnie pod wzgl\u0119dem oferowanej w inwestycji jako\u015bci, lecz tak\u017ce mieszcz\u0105 si\u0119 w limicie, jaki obowi\u0105zuje dla Gliwic przy wnioskowaniu o RKM. Limit co kwarta\u0142 okre\u015bla Bank Gospodarstwa Krajowego (BGK) i aktualnie wynosi on 9 644,60 z\u0142 za mkw.<\/p>\n<p><a href=\"https:\/\/www.24gliwice.pl\/wiadomosci\/wp-content\/uploads\/2026\/04\/atal4.jpg\"><img loading=\"lazy\" decoding=\"async\" class=\"alignnone  wp-image-269307\" src=\"https:\/\/www.24gliwice.pl\/wiadomosci\/wp-content\/uploads\/2026\/04\/atal4.jpg\" alt=\"\" width=\"1319\" height=\"1979\" \/><\/a><\/p>\n<p>W programie przewidziano jeszcze tzw. sp\u0142at\u0119 rodzinn\u0105, kt\u00f3ra premiuje powi\u0119kszenie si\u0119 gospodarstwa domowego o drugie i kolejne dzieci. Pa\u0144stwo jednorazowo sp\u0142aca w\u00f3wczas za kredytobiorc\u0119 cz\u0119\u015b\u0107 kapita\u0142u (w wysoko\u015bci 20 lub 60 tys. z\u0142).<\/p>\n<h4>CZTERY ETAPY OGROD\u00d3W ANDERSA<\/h4>\n<p>Docelowo na osiedlu Ogrody Andersa b\u0119dzie osiem 4-pi\u0119trowych budynk\u00f3w. Realizacja inwestycji rozpocz\u0119\u0142a si\u0119 w 2022 roku, a dwa pierwsze etapy uko\u0144czono w ub. roku. Ostatni z zaplanowanych, kt\u00f3rego sprzeda\u017c mieszka\u0144 rozpocz\u0119\u0142a si\u0119 w lutym br., dobiegnie ko\u0144ca w II kwartale 2027 r.<\/p>\n<blockquote><p><em>Do\u0142o\u017cyli\u015bmy stara\u0144, aby architektura osiedla, design, u\u017cyte materia\u0142y oraz elementy ma\u0142ej architektury skomponowa\u0142y si\u0119 w ciekaw\u0105 wizualnie i sp\u00f3jn\u0105 ca\u0142o\u015b\u0107, tworz\u0105c dobrze zaplanowan\u0105 przestrze\u0144 do \u017cycia<\/em><\/p><\/blockquote>\n<p>\u2013 m\u00f3wi <strong>Marek Thorz,<\/strong> PR manager ATAL.<\/p>\n<p>Najlepiej to sprawdzi\u0107 odwiedzaj\u0105c gotowe ju\u017c etapy osiedla. Od pierwszego kontaktu wizualnego sprawia ono wra\u017cenie eleganckiego i nowoczesnego, a zarazem nie przyt\u0142aczaj\u0105cego skal\u0105, pomimo sporego rozmachu tej czteroetapowej inwestycji.<\/p>\n<p><a href=\"https:\/\/www.24gliwice.pl\/wiadomosci\/wp-content\/uploads\/2026\/04\/atal2.jpg\"><img loading=\"lazy\" decoding=\"async\" class=\"alignnone  wp-image-269305\" src=\"https:\/\/www.24gliwice.pl\/wiadomosci\/wp-content\/uploads\/2026\/04\/atal2.jpg\" alt=\"\" width=\"1342\" height=\"2013\" \/><\/a><\/p>\n<p>Aktualna oferta mieszka\u0144 daje klientom bardzo du\u017cy wyb\u00f3r: od funkcjonalnych kawalerek o pow. ok. 25 mkw., do nawet 5-pokojowego apartamentu o pow. 125 mkw.<\/p>\n<p>Wchodz\u0105c na stron\u0119 inwestycji mo\u017cna znale\u017a\u0107 wiele promocyjnych ofert, w kt\u00f3rych ceny mieszka\u0144 s\u0105 ni\u017csze o kilkaset z\u0142 za metr kw. Najta\u0144sze z nich, w przeliczeniu na metr kw., kosztuj\u0105 teraz ok. 7850 z\u0142, co daje oszcz\u0119dno\u015b\u0107 nawet ponad 65\u00a0000 z\u0142 na oko\u0142o 70-metrowym \u201eM\u201d.<\/p>\n<p><a href=\"https:\/\/www.24gliwice.pl\/wiadomosci\/wp-content\/uploads\/2026\/02\/atal4.jpg\"><img loading=\"lazy\" decoding=\"async\" class=\"alignnone wp-image-266455\" src=\"https:\/\/www.24gliwice.pl\/wiadomosci\/wp-content\/uploads\/2026\/02\/atal4.jpg\" alt=\"\" width=\"1575\" height=\"2363\" \/><\/a><\/p>\n<h4>WYGODNIE I \u201ePOD KLUCZ\u201d<\/h4>\n<p>Warto te\u017c zdecydowa\u0107 si\u0119 na wyko\u0144czenie mieszkania \u201epod klucz\u201d. W programie ATAL Design s\u0105 do wyboru trzy pakiety: Classic, Comfort oraz Premium, w cenach: 950 z\u0142, 1150 z\u0142 oraz 1650 z\u0142 za mkw. Niezale\u017cnie od wybranego pakietu, specjali\u015bci ATAL pomog\u0105 stworzy\u0107 modne i\u00a0funkcjonalne wn\u0119trze. Cena us\u0142ugi zawiera nie tylko doradztwo i koszt wybranych materia\u0142\u00f3w, lecz tak\u017ce wykonawstwo profesjonalnej ekipy. Wszystko zgodnie z planem, bez niespodzianek i ukrytych kosz\u00f3w, konieczno\u015bci ci\u0105g\u0142ego dogl\u0105dania prac, w dodatku z blisk\u0105 perspektyw\u0105 wprowadzenia si\u0119.<\/p>\n<p><a href=\"https:\/\/www.24gliwice.pl\/wiadomosci\/wp-content\/uploads\/2026\/02\/atal3.jpg\"><img loading=\"lazy\" decoding=\"async\" class=\"alignnone wp-image-266454\" src=\"https:\/\/www.24gliwice.pl\/wiadomosci\/wp-content\/uploads\/2026\/02\/atal3.jpg\" alt=\"\" width=\"1488\" height=\"2232\" \/><\/a><\/p>\n<h4>KOMFORT I ESTETYKA<\/h4>\n<p>Na Ogrodach Andersa w mieszkaniach po\u0142o\u017conych na wy\u017cszych kondygnacjach znajd\u0105 si\u0119 przestronne loggie, a na parterze \u2013 prywatne ogr\u00f3dki. W budynkach zaplanowano podziemne hale gara\u017cowe, rowerownie oraz kom\u00f3rki lokatorskie pomieszczenia na akcesoria. Na terenie osiedla zaprojektowano tak\u017ce strefy integracji dla mieszka\u0144c\u00f3w &#8211; ze sto\u0142ami piknikowymi, le\u017cakami, hamakami i siedziskami, wkomponowanymi w r\u00f3\u017cnorodn\u0105 ziele\u0144. Elementy te b\u0119d\u0105 zach\u0119ca\u0107 do korzystania z przestrzeni mi\u0119dzy budynkami.<\/p>\n<h4>BLISKO CENTRUM I PO\u015aR\u00d3D ZIELENI<\/h4>\n<p>Bardzo dobra lokalizacja osiedla pozwala jego mieszka\u0144com w pe\u0142ni korzysta\u0107 z bogatej oferty kulturalno-rozrywkowej Gliwic oraz regionu. \u0141atwo dost\u0119pne s\u0105 tak\u017ce miejskie udogodnienia, w tym liczne plac\u00f3wki edukacyjne, sportowe i rekreacyjne oraz restauracje i kawiarnie. Przy inwestycji powstaje ponadto nowy obiekt handlowo-us\u0142ugowy, kt\u00f3ry wzbogaci istniej\u0105c\u0105 ofert\u0119 w tym miejscu.<\/p>\n<p><a href=\"https:\/\/www.24gliwice.pl\/wiadomosci\/wp-content\/uploads\/2026\/02\/atal2.jpg\"><img loading=\"lazy\" decoding=\"async\" class=\"alignnone wp-image-266453\" src=\"https:\/\/www.24gliwice.pl\/wiadomosci\/wp-content\/uploads\/2026\/02\/atal2.jpg\" alt=\"\" width=\"1442\" height=\"961\" \/><\/a><\/p>\n<p>Otoczenie inwestycji Ogrody Andersa, w tym liczne tereny zielone oraz biegn\u0105ca obok \u015bcie\u017cka rowerowa, umo\u017cliwi\u0105 aktywne sp\u0119dzanie czasu i odkrywanie przyrody tej cz\u0119\u015bci regionu \u2013 np. rezerwatu przyrody Las D\u0105browa, czy kt\u00f3rego\u015b z gliwickich park\u00f3w, np. Parku Starokozielskiego lub Parku Szwajcaria.<\/p>\n<p>Osiedle Ogrody Andersa jest bardzo dobrze skomunikowane. Nieopodal znajduj\u0105 si\u0119 przystanki, z kt\u00f3rych szybko mo\u017cna dosta\u0107 si\u0119 autobusem w inne cz\u0119\u015bci Gliwic. Obok osiedla biegnie obwodnica Gliwic i niedaleko st\u0105d tak\u017ce do drogi nr 88, \u0142\u0105cz\u0105cej si\u0119 z najwa\u017cniejszymi arteriami komunikacyjnymi G\u00f3rnego \u015al\u0105ska, tj. Drogow\u0105 Tras\u0105 \u015arednicow\u0105 oraz autostradami A1 i A4.<\/p>\n<p><a href=\"https:\/\/www.24gliwice.pl\/wiadomosci\/wp-content\/uploads\/2025\/11\/ogrody-andersa-glowne-3-001.jpg\"><img loading=\"lazy\" decoding=\"async\" class=\"alignnone wp-image-262991\" src=\"https:\/\/www.24gliwice.pl\/wiadomosci\/wp-content\/uploads\/2025\/11\/ogrody-andersa-glowne-3-001.jpg\" alt=\"\" width=\"1535\" height=\"866\" \/><\/a><\/p>\n<h4>Biuro sprzeda\u017cy ATAL na terenie inwestycji:<\/h4>\n<ul>\n<li>ul. J. Sowi\u0144skiego 104B\/U01, Gliwice<\/li>\n<li>e-mail:\u00a0<a href=\"mailto:dokgliwice@atal.pl\" target=\"_blank\" rel=\"noopener\">dokgliwice@atal.pl<\/a><\/li>\n<li>Strona inwestycji: <a href=\"http:\/\/ogrodyandersa.pl\" target=\"_blank\" rel=\"noopener\">ogrodyandersa.pl<\/a><\/li>\n<\/ul>\n<h4>KOMENTARZ EKSPERTA FINANSOWEGO<\/h4>\n<p><strong>ANNA GARCZARCZYK<\/strong>, dyrektor \u015bl\u0105skiego oddzia\u0142u NOTUS<\/p>\n<p><em>Nieruchomo\u015bci w ostatnich latach dro\u017ca\u0142y w Polsce w bardzo szybkim tempie. Od 2010 roku ich ceny niemal si\u0119 podwoi\u0142y. Zatem zwlekanie z zaci\u0105gni\u0119ciem kredytu, aby zgromadzi\u0107 wk\u0142ad w\u0142asny, po prostu si\u0119 nie op\u0142aci\u0142o. Kupuj\u0105cy dysponowali coraz wi\u0119kszymi \u015brodkami, ale jednocze\u015bnie musieli \u201egoni\u0107\u201d ceny. Aby zapobiec \u201ewpadni\u0119ciu\u201d w taki scenariusz, warto teraz zdecydowa\u0107 si\u0119 na wsparcie z Rodzinnego Kredytu Mieszkaniowego, co znacznie u\u0142atwi realizacj\u0119 plan\u00f3w zakupu w\u0142asnego \u201eM\u201d. <\/em><\/p>\n<p><em>Osoby zainteresowane rynkiem pierwotnym w Gliwicach s\u0105 o tyle w dobrej sytuacji, \u017ce ustalone limity cenowe dla tego miasta daj\u0105 sporo mo\u017cliwo\u015bci przy zakupie mieszkania w osiedlu Ogrody Andersa. To zupe\u0142nie inna sytuacja ni\u017c np. w Krakowie, w kt\u00f3rym ma\u0142o kt\u00f3re lokum \u201e\u0142apie si\u0119\u201d na tamtejszy limit.<\/em><\/p>\n<p><em>W szczeg\u00f3\u0142owych kwestiach zach\u0119cam do skonsultowania si\u0119 z naszym Ekspertem Finansowym, kt\u00f3ry przygotuje kalkulacj\u0119 koszt\u00f3w i om\u00f3wi oferty r\u00f3\u017cnych bank\u00f3w bior\u0105cych udzia\u0142 w programie. Przeprowadzi r\u00f3wnie\u017c przez ca\u0142y proces ubiegania si\u0119 o Rodzinny Kredyt Mieszkaniowy. Nie wi\u0105\u017ce si\u0119 to z \u017cadnymi dodatkowymi kosztami, a klient zyskuje pewno\u015b\u0107, \u017ce rozwa\u017cy\u0142 wszystkie mo\u017cliwe oferty kredytowe.<\/em><\/p>\n<h5>Kontakt z\u00a0Ekspertami:<\/h5>\n<ul>\n<li>Kamil Hodorowicz \/ tel.:\u00a0785\u00a0851\u00a0717 \/ kamil.hodorowicz@notus.pl<\/li>\n<li>Olimpia Siedlaczek \/ tel.:\u00a0725\u00a0994\u00a0848 \/ olimpia.siedlaczek@notus.pl<\/li>\n<li>Barbara Sikora \/ tel.:\u00a0785\u00a0558\u00a0627 \/ barbara.sikora@notus.pl<\/li>\n<\/ul>\n<p>Wi\u0119cej informacji: <a href=\"https:\/\/ogrodyandersa.pl\/finansowanie\" target=\"_blank\" rel=\"noopener\">https:\/\/ogrodyandersa.pl\/finansowanie<\/a><\/p>\n<p><small>materia\u0142 partnera<\/small><\/p>\n","protected":false},"excerpt":{"rendered":"<p>W Gliwicach rozkwitaj\u0105 \u2013 dos\u0142ownie i w przeno\u015bni \u2013 Ogrody Andersa. Zdecydowanie warto teraz skorzysta\u0107 z wiosennych rabat\u00f3w na wybrane mieszkania I etapu osiedla. S\u0105 one dost\u0119pne ju\u017c w cenie poni\u017cej 8000 z\u0142 za mkw., a oszcz\u0119dno\u015bci si\u0119gaj\u0105 ok. 65 tys. z\u0142 na ca\u0142ym mieszkaniu.<\/p>\n","protected":false},"author":4,"featured_media":117057,"comment_status":"closed","ping_status":"closed","sticky":false,"template":"","format":"standard","meta":{"_monsterinsights_skip_tracking":false,"_monsterinsights_sitenote_active":false,"_monsterinsights_sitenote_note":"","_monsterinsights_sitenote_category":0,"footnotes":"","_links_to":"","_links_to_target":""},"categories":[1129],"tags":[12971,12646],"class_list":["post-117056","post","type-post","status-publish","format-standard","has-post-thumbnail","hentry","category-polecamy","tag-atal","tag-ogrody-andersa"],"_links":{"self":[{"href":"https:\/\/www.24zabrze.pl\/wiadomosci\/wp-json\/wp\/v2\/posts\/117056","targetHints":{"allow":["GET"]}}],"collection":[{"href":"https:\/\/www.24zabrze.pl\/wiadomosci\/wp-json\/wp\/v2\/posts"}],"about":[{"href":"https:\/\/www.24zabrze.pl\/wiadomosci\/wp-json\/wp\/v2\/types\/post"}],"author":[{"embeddable":true,"href":"https:\/\/www.24zabrze.pl\/wiadomosci\/wp-json\/wp\/v2\/users\/4"}],"replies":[{"embeddable":true,"href":"https:\/\/www.24zabrze.pl\/wiadomosci\/wp-json\/wp\/v2\/comments?post=117056"}],"version-history":[{"count":1,"href":"https:\/\/www.24zabrze.pl\/wiadomosci\/wp-json\/wp\/v2\/posts\/117056\/revisions"}],"predecessor-version":[{"id":117058,"href":"https:\/\/www.24zabrze.pl\/wiadomosci\/wp-json\/wp\/v2\/posts\/117056\/revisions\/117058"}],"wp:featuredmedia":[{"embeddable":true,"href":"https:\/\/www.24zabrze.pl\/wiadomosci\/wp-json\/wp\/v2\/media\/117057"}],"wp:attachment":[{"href":"https:\/\/www.24zabrze.pl\/wiadomosci\/wp-json\/wp\/v2\/media?parent=117056"}],"wp:term":[{"taxonomy":"category","embeddable":true,"href":"https:\/\/www.24zabrze.pl\/wiadomosci\/wp-json\/wp\/v2\/categories?post=117056"},{"taxonomy":"post_tag","embeddable":true,"href":"https:\/\/www.24zabrze.pl\/wiadomosci\/wp-json\/wp\/v2\/tags?post=117056"}],"curies":[{"name":"wp","href":"https:\/\/api.w.org\/{rel}","templated":true}]}}