{"id":117047,"date":"2026-04-30T15:11:38","date_gmt":"2026-04-30T13:11:38","guid":{"rendered":"https:\/\/www.24zabrze.pl\/wiadomosci\/?p=117047"},"modified":"2026-04-30T15:11:51","modified_gmt":"2026-04-30T13:11:51","slug":"koncert-zespolu-male-tgd-w-domu-muzyki-i-tanca-bezplatne-bilety-mozna-juz-odbierac-w-kasie-dmit","status":"publish","type":"post","link":"https:\/\/www.24zabrze.pl\/wiadomosci\/koncert-zespolu-male-tgd-w-domu-muzyki-i-tanca-bezplatne-bilety-mozna-juz-odbierac-w-kasie-dmit\/","title":{"rendered":"Koncert zespo\u0142u Ma\u0142e TGD w Domu Muzyki i Ta\u0144ca. Bezp\u0142atne bilety mo\u017cna ju\u017c odbiera\u0107 w kasie DMiT"},"content":{"rendered":"<div class=\"zabrz-a6-z-nad-leadem-artykulow zabrz-entity-placement\" id=\"zabrz-1814735866\"><div class=\"zabrz-adlabel\"><span style=\"font-size: 9px\">REKLAMA<\/span><\/div><div id=\"zabrz-4291071855\" style=\"margin-bottom: 30px;margin-left: auto;margin-right: auto;text-align: center;\"><a data-no-instant=\"1\" href=\"https:\/\/dom100.eu\/\" rel=\"noopener\" class=\"a2t-link\" target=\"_blank\" aria-label=\"20260415 DOM100 D\"><img loading=\"lazy\" decoding=\"async\" src=\"https:\/\/www.24zabrze.pl\/wiadomosci\/wp-content\/uploads\/2026\/02\/20260415-DOM100-D.jpg\" alt=\"\"  srcset=\"https:\/\/www.24zabrze.pl\/wiadomosci\/wp-content\/uploads\/2026\/02\/20260415-DOM100-D.jpg 750w, https:\/\/www.24zabrze.pl\/wiadomosci\/wp-content\/uploads\/2026\/02\/20260415-DOM100-D-410x109.jpg 410w\" sizes=\"(max-width: 750px) 100vw, 750px\" class=\"no-lazyload\" width=\"750\" height=\"200\"  style=\"display: inline-block; max-width: 100%; height: auto;\" \/><\/a><\/div><\/div><h2>Mo\u017cna ju\u017c odbiera\u0107 bezp\u0142atne wej\u015bci\u00f3wki na koncert, kt\u00f3ry w ramach Metropolitalnego \u015awi\u0119ta Rodziny, odb\u0119dzie si\u0119 16 maja 2026 roku o godzinie 17:00 w Dom Muzyki i Ta\u0144ca w Zabrzu. Na scenie wyst\u0105pi popularny zesp\u00f3\u0142 dzieci\u0119cy Ma\u0142e TGD, znany z energetycznych, radosnych utwor\u00f3w, kt\u00f3re od lat \u0142\u0105cz\u0105 pokolenia i tworz\u0105 wyj\u0105tkow\u0105 atmosfer\u0119.<\/h2>\n<p>Ich koncerty to gwarancja dobrej zabawy i wsp\u00f3lnego \u015bwi\u0119towania. Organizatorem wydarzenia jest Ruda \u015al\u0105ska, a w jego przygotowanie zaanga\u017cowa\u0142o si\u0119 r\u00f3wnie\u017c Zabrze wraz z Domem Muzyki i Ta\u0144ca. Bezp\u0142atne zaproszenia na koncert s\u0105 dost\u0119pne od 29 kwietnia w kasie DMiT. Godziny odbioru: 10:00 \u2013 18:00. Warto si\u0119 pospieszy\u0107, bo liczba miejsc jest ograniczona.<\/p><div class=\"zabrz-a3-z-w-tresci-artykulow zabrz-entity-placement\" id=\"zabrz-3601344285\"><div class=\"zabrz-adlabel\"><span style=\"font-size: 9px\">REKLAMA<\/span><\/div><div id=\"zabrz-2947343900\" style=\"margin-bottom: 40px;margin-left: auto;margin-right: auto;text-align: center;\"><a data-no-instant=\"1\" href=\"https:\/\/ogrodyandersa.pl\/\" rel=\"noopener\" class=\"a2t-link\" target=\"_blank\" aria-label=\"20260415 Ogrody Andersa WYBIERZ MIESZKANIE D\"><img loading=\"lazy\" decoding=\"async\" src=\"https:\/\/www.24zabrze.pl\/wiadomosci\/wp-content\/uploads\/2026\/02\/20260415-Ogrody-Andersa-WYBIERZ-MIESZKANIE-D.jpg\" alt=\"\"  srcset=\"https:\/\/www.24zabrze.pl\/wiadomosci\/wp-content\/uploads\/2026\/02\/20260415-Ogrody-Andersa-WYBIERZ-MIESZKANIE-D.jpg 750w, https:\/\/www.24zabrze.pl\/wiadomosci\/wp-content\/uploads\/2026\/02\/20260415-Ogrody-Andersa-WYBIERZ-MIESZKANIE-D-410x109.jpg 410w\" sizes=\"(max-width: 750px) 100vw, 750px\" class=\"no-lazyload\" width=\"750\" height=\"200\"  style=\"display: inline-block; max-width: 100%; height: auto;\" \/><\/a><\/div><\/div>\n<h4>XIX edycja Metropolitalnego \u015awi\u0119ta Rodziny<\/h4>\n<p>Metropolitalne \u015awi\u0119to Rodziny to wydarzenie, kt\u00f3re od blisko dw\u00f3ch dekad integruje miasta G\u00f3rno\u015bl\u0105sko-Zag\u0142\u0119biowskiej Metropolii wok\u00f3\u0142 warto\u015bci rodzinnych i wsp\u00f3lnych dzia\u0142a\u0144 na rzecz mieszka\u0144c\u00f3w. Tegoroczna ods\u0142ona organizowana jest pod has\u0142em \u201eRodzina Si\u0142\u0105 Dzieci\u201d.<\/p>\n<blockquote><p><em>Has\u0142o to przypomina o fundamentalnej roli rodziny w \u017cyciu najm\u0142odszych. To w\u0142a\u015bnie w domu rodzinnym dzieci ucz\u0105 si\u0119 zaufania, odpowiedzialno\u015bci i wzajemnego szacunku. Tam buduje si\u0119 poczucie bezpiecze\u0144stwa, kt\u00f3re daje odwag\u0119 do poznawania \u015bwiata oraz si\u0142\u0119 do podejmowania wyzwa\u0144<\/em><\/p><\/blockquote>\n<p>&#8211; informuj\u0105 organizatorzy. <\/p>\n<p>Tradycj\u0105 Metropolitalnego \u015awi\u0119ta Rodziny s\u0105 liczne wydarzenia, inicjatywy, spotkania, konferencje oraz dzia\u0142ania kulturalne i spo\u0142eczne, kt\u00f3re sprzyjaj\u0105 budowaniu wi\u0119zi mi\u0119dzypokoleniowych i przekazywaniu warto\u015bci rodzinnych kolejnym pokoleniom. &#8211; <em>Pragniemy, aby r\u00f3wnie\u017c tegoroczna edycja sta\u0142a si\u0119 przestrzeni\u0105 spotkania, wsp\u00f3\u0142pracy oraz wymiany do\u015bwiadcze\u0144 i dobrych praktyk pomi\u0119dzy samorz\u0105dami, instytucjami i organizacjami dzia\u0142aj\u0105cymi na rzecz rodzin<\/em> &#8211; dodaj\u0105. <\/p>\n<p>(\u017cms)\/UM Zabrze<\/p>\n","protected":false},"excerpt":{"rendered":"<p>Mo\u017cna ju\u017c odbiera\u0107 bezp\u0142atne wej\u015bci\u00f3wki na koncert, kt\u00f3ry w ramach Metropolitalnego \u015awi\u0119ta Rodziny, odb\u0119dzie si\u0119 16 maja 2026 roku o godzinie 17:00 w Dom Muzyki i Ta\u0144ca w Zabrzu. Na scenie wyst\u0105pi popularny zesp\u00f3\u0142 dzieci\u0119cy Ma\u0142e TGD, znany z energetycznych, radosnych utwor\u00f3w, kt\u00f3re od lat \u0142\u0105cz\u0105 pokolenia i tworz\u0105 wyj\u0105tkow\u0105 atmosfer\u0119. Ich koncerty to gwarancja [&hellip;]<\/p>\n","protected":false},"author":17,"featured_media":111018,"comment_status":"closed","ping_status":"closed","sticky":false,"template":"","format":"standard","meta":{"_monsterinsights_skip_tracking":false,"_monsterinsights_sitenote_active":false,"_monsterinsights_sitenote_note":"","_monsterinsights_sitenote_category":0,"footnotes":"","_links_to":"","_links_to_target":""},"categories":[11756,1],"tags":[6422,12638],"class_list":["post-117047","post","type-post","status-publish","format-standard","has-post-thumbnail","hentry","category-kultura","category-wszystko","tag-dmit","tag-swieto-rodziny"],"_links":{"self":[{"href":"https:\/\/www.24zabrze.pl\/wiadomosci\/wp-json\/wp\/v2\/posts\/117047","targetHints":{"allow":["GET"]}}],"collection":[{"href":"https:\/\/www.24zabrze.pl\/wiadomosci\/wp-json\/wp\/v2\/posts"}],"about":[{"href":"https:\/\/www.24zabrze.pl\/wiadomosci\/wp-json\/wp\/v2\/types\/post"}],"author":[{"embeddable":true,"href":"https:\/\/www.24zabrze.pl\/wiadomosci\/wp-json\/wp\/v2\/users\/17"}],"replies":[{"embeddable":true,"href":"https:\/\/www.24zabrze.pl\/wiadomosci\/wp-json\/wp\/v2\/comments?post=117047"}],"version-history":[{"count":5,"href":"https:\/\/www.24zabrze.pl\/wiadomosci\/wp-json\/wp\/v2\/posts\/117047\/revisions"}],"predecessor-version":[{"id":117052,"href":"https:\/\/www.24zabrze.pl\/wiadomosci\/wp-json\/wp\/v2\/posts\/117047\/revisions\/117052"}],"wp:featuredmedia":[{"embeddable":true,"href":"https:\/\/www.24zabrze.pl\/wiadomosci\/wp-json\/wp\/v2\/media\/111018"}],"wp:attachment":[{"href":"https:\/\/www.24zabrze.pl\/wiadomosci\/wp-json\/wp\/v2\/media?parent=117047"}],"wp:term":[{"taxonomy":"category","embeddable":true,"href":"https:\/\/www.24zabrze.pl\/wiadomosci\/wp-json\/wp\/v2\/categories?post=117047"},{"taxonomy":"post_tag","embeddable":true,"href":"https:\/\/www.24zabrze.pl\/wiadomosci\/wp-json\/wp\/v2\/tags?post=117047"}],"curies":[{"name":"wp","href":"https:\/\/api.w.org\/{rel}","templated":true}]}}