{"id":117033,"date":"2026-04-30T12:09:54","date_gmt":"2026-04-30T10:09:54","guid":{"rendered":"https:\/\/www.24zabrze.pl\/wiadomosci\/?p=117033"},"modified":"2026-04-30T12:09:54","modified_gmt":"2026-04-30T10:09:54","slug":"majowka-w-miejskim-ogrodzie-botanicznym-dla-odwiedzajacych-przygotowano-specjalna-akcje","status":"publish","type":"post","link":"https:\/\/www.24zabrze.pl\/wiadomosci\/majowka-w-miejskim-ogrodzie-botanicznym-dla-odwiedzajacych-przygotowano-specjalna-akcje\/","title":{"rendered":"Maj\u00f3wka w Miejskim Ogrodzie Botanicznym. Dla odwiedzaj\u0105cych przygotowano specjaln\u0105 akcj\u0119"},"content":{"rendered":"<div class=\"zabrz-a6-z-nad-leadem-artykulow zabrz-entity-placement\" id=\"zabrz-1099471304\"><div class=\"zabrz-adlabel\"><span style=\"font-size: 9px\">REKLAMA<\/span><\/div><div id=\"zabrz-1952860937\" style=\"margin-bottom: 30px;margin-left: auto;margin-right: auto;text-align: center;\"><a data-no-instant=\"1\" href=\"https:\/\/dom100.eu\/\" rel=\"noopener\" class=\"a2t-link\" target=\"_blank\" aria-label=\"20260415 DOM100 D\"><img loading=\"lazy\" decoding=\"async\" src=\"https:\/\/www.24zabrze.pl\/wiadomosci\/wp-content\/uploads\/2026\/02\/20260415-DOM100-D.jpg\" alt=\"\"  srcset=\"https:\/\/www.24zabrze.pl\/wiadomosci\/wp-content\/uploads\/2026\/02\/20260415-DOM100-D.jpg 750w, https:\/\/www.24zabrze.pl\/wiadomosci\/wp-content\/uploads\/2026\/02\/20260415-DOM100-D-410x109.jpg 410w\" sizes=\"(max-width: 750px) 100vw, 750px\" class=\"no-lazyload\" width=\"750\" height=\"200\"  style=\"display: inline-block; max-width: 100%; height: auto;\" \/><\/a><\/div><\/div><h2>Inauguracja sezonu Miejskiego Ogrodu Botanicznego zaplanowana zosta\u0142a na weekend 1-3 maja. To dobra okazja, aby sp\u0119dzi\u0107 maj\u00f3wk\u0119 w\u015br\u00f3d zieleni, podziwia\u0107 budz\u0105c\u0105 si\u0119 do \u017cycia przyrod\u0119 oraz odpocz\u0105\u0107 w wyj\u0105tkowej przestrzeni jednego z najpi\u0119kniejszych miejsc w mie\u015bcie.<\/h2>\n<p>W maju ogr\u00f3d b\u0119dzie otwarty w godzinach od 10:15 do 17:45. Bilety kosztuj\u0105: 6 z\u0142 normalny, 4 z\u0142 ulgowy, rodzinny (2 os. doros\u0142e i do 4 dzieci) &#8211; 20 z\u0142, a dzieci do 3 r.\u017c. wchodz\u0105 bezp\u0142atnie. <\/p><div class=\"zabrz-a3-z-w-tresci-artykulow zabrz-entity-placement\" id=\"zabrz-1546236159\"><div class=\"zabrz-adlabel\"><span style=\"font-size: 9px\">REKLAMA<\/span><\/div><div id=\"zabrz-2787378493\" style=\"margin-bottom: 40px;margin-left: auto;margin-right: auto;text-align: center;\"><a data-no-instant=\"1\" href=\"https:\/\/ogrodyandersa.pl\/\" rel=\"noopener\" class=\"a2t-link\" target=\"_blank\" aria-label=\"20260415 Ogrody Andersa WYBIERZ MIESZKANIE D\"><img loading=\"lazy\" decoding=\"async\" src=\"https:\/\/www.24zabrze.pl\/wiadomosci\/wp-content\/uploads\/2026\/02\/20260415-Ogrody-Andersa-WYBIERZ-MIESZKANIE-D.jpg\" alt=\"\"  srcset=\"https:\/\/www.24zabrze.pl\/wiadomosci\/wp-content\/uploads\/2026\/02\/20260415-Ogrody-Andersa-WYBIERZ-MIESZKANIE-D.jpg 750w, https:\/\/www.24zabrze.pl\/wiadomosci\/wp-content\/uploads\/2026\/02\/20260415-Ogrody-Andersa-WYBIERZ-MIESZKANIE-D-410x109.jpg 410w\" sizes=\"(max-width: 750px) 100vw, 750px\" class=\"no-lazyload\" width=\"750\" height=\"200\"  style=\"display: inline-block; max-width: 100%; height: auto;\" \/><\/a><\/div><\/div>\n<h4>Warto zachowa\u0107 bilet wst\u0119pu<\/h4>\n<p>Z okazji inauguracji sezonu w MOB odb\u0119dzie si\u0119 akcja maj\u00f3wkowa \u201ePelargonia z bilet\u201d z partnerem ogrodu &#8211; firm\u0105 OBI. Zasady:<\/p>\n<ul>\n<li>zachowaj bilet wst\u0119pu do Ogrodu Botanicznego z dni 1\u20133 maja,<\/li>\n<li>nast\u0119pnie odwied\u017a sklepy OBI w Zabrzu w dniach 2\u20139 maja 2026 r.,<\/li>\n<li>oka\u017c bilet i wymie\u0144 go na kwiatek.<\/li>\n<\/ul>\n<p><img loading=\"lazy\" decoding=\"async\" src=\"https:\/\/miastozabrze.pl\/wp-content\/uploads\/2026\/04\/Majowka_2026_OBI_Plakat-A6_PELARGONIA-ZA-BILET-1090x1536.jpg\" width=\"1090\" height=\"1536\" class=\"alignnone size-full\" \/><\/p>\n<p>Ju\u017c tydzie\u0144 p\u00f3\u017aniej, w sobot\u0119, 9 maja, w Ogrodzie odb\u0119dzie si\u0119 Eko-piknik rodzinny organizowany przez miasto. Z kolei na koniec miesi\u0105ca &#8211; 31 maja &#8211; zaplanowano 7. Botaniczn\u0105 Scen\u0119 Premier pod has\u0142em \u201eZielona kryminologia\u201d. W programie uroczysty polonez alejami Ogrodu, spotkanie z kryminologiem, rozmowy o tym, jak ro\u015bliny pomagaj\u0105 rozwi\u0105zywa\u0107 zagadki kryminalistyczne, pokaz iluzji dla najm\u0142odszych i ca\u0142ych rodzin. <\/p>\n<p>Szczeg\u00f3\u0142owe informacje mo\u017cna znale\u017a\u0107 na stronie <a href=\"https:\/\/mob.zabrze.pl\/\" target=\"_blank\">https:\/\/mob.zabrze.pl\/<\/a>.<\/p>\n<p>(\u017cms)\/UM\/MOB Zabrze<br \/>\nfot. UM Zabrze<\/p>\n","protected":false},"excerpt":{"rendered":"<p>Inauguracja sezonu Miejskiego Ogrodu Botanicznego zaplanowana zosta\u0142a na weekend 1-3 maja. To dobra okazja, aby sp\u0119dzi\u0107 maj\u00f3wk\u0119 w\u015br\u00f3d zieleni, podziwia\u0107 budz\u0105c\u0105 si\u0119 do \u017cycia przyrod\u0119 oraz odpocz\u0105\u0107 w wyj\u0105tkowej przestrzeni jednego z najpi\u0119kniejszych miejsc w mie\u015bcie. W maju ogr\u00f3d b\u0119dzie otwarty w godzinach od 10:15 do 17:45. Bilety kosztuj\u0105: 6 z\u0142 normalny, 4 z\u0142 ulgowy, [&hellip;]<\/p>\n","protected":false},"author":17,"featured_media":117038,"comment_status":"closed","ping_status":"closed","sticky":false,"template":"","format":"standard","meta":{"_monsterinsights_skip_tracking":false,"_monsterinsights_sitenote_active":false,"_monsterinsights_sitenote_note":"","_monsterinsights_sitenote_category":0,"footnotes":"","_links_to":"","_links_to_target":""},"categories":[11756,1],"tags":[13104,13112],"class_list":["post-117033","post","type-post","status-publish","format-standard","has-post-thumbnail","hentry","category-kultura","category-wszystko","tag-majowka","tag-miejski-ogrod-botaniczny"],"_links":{"self":[{"href":"https:\/\/www.24zabrze.pl\/wiadomosci\/wp-json\/wp\/v2\/posts\/117033","targetHints":{"allow":["GET"]}}],"collection":[{"href":"https:\/\/www.24zabrze.pl\/wiadomosci\/wp-json\/wp\/v2\/posts"}],"about":[{"href":"https:\/\/www.24zabrze.pl\/wiadomosci\/wp-json\/wp\/v2\/types\/post"}],"author":[{"embeddable":true,"href":"https:\/\/www.24zabrze.pl\/wiadomosci\/wp-json\/wp\/v2\/users\/17"}],"replies":[{"embeddable":true,"href":"https:\/\/www.24zabrze.pl\/wiadomosci\/wp-json\/wp\/v2\/comments?post=117033"}],"version-history":[{"count":4,"href":"https:\/\/www.24zabrze.pl\/wiadomosci\/wp-json\/wp\/v2\/posts\/117033\/revisions"}],"predecessor-version":[{"id":117037,"href":"https:\/\/www.24zabrze.pl\/wiadomosci\/wp-json\/wp\/v2\/posts\/117033\/revisions\/117037"}],"wp:featuredmedia":[{"embeddable":true,"href":"https:\/\/www.24zabrze.pl\/wiadomosci\/wp-json\/wp\/v2\/media\/117038"}],"wp:attachment":[{"href":"https:\/\/www.24zabrze.pl\/wiadomosci\/wp-json\/wp\/v2\/media?parent=117033"}],"wp:term":[{"taxonomy":"category","embeddable":true,"href":"https:\/\/www.24zabrze.pl\/wiadomosci\/wp-json\/wp\/v2\/categories?post=117033"},{"taxonomy":"post_tag","embeddable":true,"href":"https:\/\/www.24zabrze.pl\/wiadomosci\/wp-json\/wp\/v2\/tags?post=117033"}],"curies":[{"name":"wp","href":"https:\/\/api.w.org\/{rel}","templated":true}]}}