{"id":117025,"date":"2026-05-03T09:52:50","date_gmt":"2026-05-03T07:52:50","guid":{"rendered":"https:\/\/www.24zabrze.pl\/wiadomosci\/?p=117025"},"modified":"2026-04-29T15:08:49","modified_gmt":"2026-04-29T13:08:49","slug":"autorka-komendanta-i-brunatnej-kolysanki-na-spotkaniu-mbp-wstep-na-wydarzenie-jest-wolny","status":"publish","type":"post","link":"https:\/\/www.24zabrze.pl\/wiadomosci\/autorka-komendanta-i-brunatnej-kolysanki-na-spotkaniu-mbp-wstep-na-wydarzenie-jest-wolny\/","title":{"rendered":"Autorka &#8220;Komendanta&#8221; i &#8220;Brunatnej ko\u0142ysanki&#8221; na spotkaniu MBP. Wst\u0119p na wydarzenie jest wolny"},"content":{"rendered":"<div class=\"zabrz-a6-z-nad-leadem-artykulow zabrz-entity-placement\" id=\"zabrz-2622104802\"><div class=\"zabrz-adlabel\"><span style=\"font-size: 9px\">REKLAMA<\/span><\/div><div id=\"zabrz-1756331886\" style=\"margin-bottom: 30px;margin-left: auto;margin-right: auto;text-align: center;\"><a data-no-instant=\"1\" href=\"https:\/\/dom100.eu\/\" rel=\"noopener\" class=\"a2t-link\" target=\"_blank\" aria-label=\"20260415 DOM100 D\"><img loading=\"lazy\" decoding=\"async\" src=\"https:\/\/www.24zabrze.pl\/wiadomosci\/wp-content\/uploads\/2026\/02\/20260415-DOM100-D.jpg\" alt=\"\"  srcset=\"https:\/\/www.24zabrze.pl\/wiadomosci\/wp-content\/uploads\/2026\/02\/20260415-DOM100-D.jpg 750w, https:\/\/www.24zabrze.pl\/wiadomosci\/wp-content\/uploads\/2026\/02\/20260415-DOM100-D-410x109.jpg 410w\" sizes=\"(max-width: 750px) 100vw, 750px\" class=\"no-lazyload\" width=\"750\" height=\"200\"  style=\"display: inline-block; max-width: 100%; height: auto;\" \/><\/a><\/div><\/div><h2>Spotkanie autorskie z Ann\u0105 Malinowsk\u0105 \u2013 dziennikark\u0105 i reporta\u017cystk\u0105, kt\u00f3ra od lat podejmuje w swojej tw\u00f3rczo\u015bci tematy trudne, poruszaj\u0105ce i cz\u0119sto pomijane w debacie publicznej to propozycja MBP na 14 maja. Wydarzenie rozpocznie si\u0119 o godzinie 18:00 w Wypo\u017cyczalni Popularnonaukowej przy ul. Wyzwolenia 4.<\/h2>\n<p><strong>Anna Malinowska<\/strong> jest autork\u0105 ksi\u0105\u017cek, kt\u00f3re sk\u0142aniaj\u0105 do refleksji i pozostaj\u0105 w pami\u0119ci na d\u0142ugo po lekturze. W jej dorobku znajduj\u0105 si\u0119 m.in.: \u201eBrunatna ko\u0142ysanka\u201d, po\u015bwi\u0119cona losom dzieci dotkni\u0119tych wojn\u0105,  \u201eKomendant\u201d, opisuj\u0105ca histori\u0119 obozu Zgoda w \u015awi\u0119toch\u0142owicach, \u201eOd Katowic idzie s\u0142o\u0144ce\u201d, zbi\u00f3r reporta\u017cy o regionie i jego mieszka\u0144cach, \u201eSosnowiec. Nic \u015bl\u0105skiego\u201d, publikacja podejmuj\u0105ca temat to\u017csamo\u015bci, granic i stereotyp\u00f3w, kt\u00f3ra wywo\u0142a\u0142a szerok\u0105 dyskusj\u0119.<\/p><div class=\"zabrz-a3-z-w-tresci-artykulow zabrz-entity-placement\" id=\"zabrz-1121571753\"><div class=\"zabrz-adlabel\"><span style=\"font-size: 9px\">REKLAMA<\/span><\/div><div id=\"zabrz-171756590\" style=\"margin-bottom: 40px;margin-left: auto;margin-right: auto;text-align: center;\"><a data-no-instant=\"1\" href=\"https:\/\/ogrodyandersa.pl\/\" rel=\"noopener\" class=\"a2t-link\" target=\"_blank\" aria-label=\"20260415 Ogrody Andersa WYBIERZ MIESZKANIE D\"><img loading=\"lazy\" decoding=\"async\" src=\"https:\/\/www.24zabrze.pl\/wiadomosci\/wp-content\/uploads\/2026\/02\/20260415-Ogrody-Andersa-WYBIERZ-MIESZKANIE-D.jpg\" alt=\"\"  srcset=\"https:\/\/www.24zabrze.pl\/wiadomosci\/wp-content\/uploads\/2026\/02\/20260415-Ogrody-Andersa-WYBIERZ-MIESZKANIE-D.jpg 750w, https:\/\/www.24zabrze.pl\/wiadomosci\/wp-content\/uploads\/2026\/02\/20260415-Ogrody-Andersa-WYBIERZ-MIESZKANIE-D-410x109.jpg 410w\" sizes=\"(max-width: 750px) 100vw, 750px\" class=\"no-lazyload\" width=\"750\" height=\"200\"  style=\"display: inline-block; max-width: 100%; height: auto;\" \/><\/a><\/div><\/div>\n<h4>Spotkanie b\u0119dzie okazj\u0105 do rozmowy nie tylko o literaturze, lecz tak\u017ce o pami\u0119ci \u015bl\u0105skiej historii oraz o sposobach opowiadania o miejscach i wydarzeniach, kt\u00f3re wci\u0105\u017c budz\u0105 silne emocje.<\/h4>\n<p>Wydarzenie realizowane jest w ramach projektu \u201eObecno\u015b\u0107 s\u0142owa na \u015al\u0105sku\u201d, dofinansowanego ze \u015brodk\u00f3w Ministra Kultury i Dziedzictwa Narodowego pochodz\u0105cych z Funduszu Promocji Kultury. Wst\u0119p na spotkanie autorskie jest bezp\u0142atny.<\/p>\n<p>(\u017cms)\/UM Zabrze<br \/>\nfot. UM Zabrze<\/p>\n","protected":false},"excerpt":{"rendered":"<p>Spotkanie autorskie z Ann\u0105 Malinowsk\u0105 \u2013 dziennikark\u0105 i reporta\u017cystk\u0105, kt\u00f3ra od lat podejmuje w swojej tw\u00f3rczo\u015bci tematy trudne, poruszaj\u0105ce i cz\u0119sto pomijane w debacie publicznej to propozycja MBP na 14 maja. Wydarzenie rozpocznie si\u0119 o godzinie 18:00 w Wypo\u017cyczalni Popularnonaukowej przy ul. Wyzwolenia 4. Anna Malinowska jest autork\u0105 ksi\u0105\u017cek, kt\u00f3re sk\u0142aniaj\u0105 do refleksji i pozostaj\u0105 [&hellip;]<\/p>\n","protected":false},"author":17,"featured_media":117026,"comment_status":"closed","ping_status":"closed","sticky":false,"template":"","format":"standard","meta":{"_monsterinsights_skip_tracking":false,"_monsterinsights_sitenote_active":false,"_monsterinsights_sitenote_note":"","_monsterinsights_sitenote_category":0,"footnotes":"","_links_to":"","_links_to_target":""},"categories":[11756,1],"tags":[13110,13072],"class_list":["post-117025","post","type-post","status-publish","format-standard","has-post-thumbnail","hentry","category-kultura","category-wszystko","tag-anna-malinowska","tag-spotkanie-autorskie"],"_links":{"self":[{"href":"https:\/\/www.24zabrze.pl\/wiadomosci\/wp-json\/wp\/v2\/posts\/117025","targetHints":{"allow":["GET"]}}],"collection":[{"href":"https:\/\/www.24zabrze.pl\/wiadomosci\/wp-json\/wp\/v2\/posts"}],"about":[{"href":"https:\/\/www.24zabrze.pl\/wiadomosci\/wp-json\/wp\/v2\/types\/post"}],"author":[{"embeddable":true,"href":"https:\/\/www.24zabrze.pl\/wiadomosci\/wp-json\/wp\/v2\/users\/17"}],"replies":[{"embeddable":true,"href":"https:\/\/www.24zabrze.pl\/wiadomosci\/wp-json\/wp\/v2\/comments?post=117025"}],"version-history":[{"count":1,"href":"https:\/\/www.24zabrze.pl\/wiadomosci\/wp-json\/wp\/v2\/posts\/117025\/revisions"}],"predecessor-version":[{"id":117027,"href":"https:\/\/www.24zabrze.pl\/wiadomosci\/wp-json\/wp\/v2\/posts\/117025\/revisions\/117027"}],"wp:featuredmedia":[{"embeddable":true,"href":"https:\/\/www.24zabrze.pl\/wiadomosci\/wp-json\/wp\/v2\/media\/117026"}],"wp:attachment":[{"href":"https:\/\/www.24zabrze.pl\/wiadomosci\/wp-json\/wp\/v2\/media?parent=117025"}],"wp:term":[{"taxonomy":"category","embeddable":true,"href":"https:\/\/www.24zabrze.pl\/wiadomosci\/wp-json\/wp\/v2\/categories?post=117025"},{"taxonomy":"post_tag","embeddable":true,"href":"https:\/\/www.24zabrze.pl\/wiadomosci\/wp-json\/wp\/v2\/tags?post=117025"}],"curies":[{"name":"wp","href":"https:\/\/api.w.org\/{rel}","templated":true}]}}