{"id":117022,"date":"2026-04-29T12:50:48","date_gmt":"2026-04-29T10:50:48","guid":{"rendered":"https:\/\/www.24zabrze.pl\/wiadomosci\/?p=117022"},"modified":"2026-04-29T12:50:48","modified_gmt":"2026-04-29T10:50:48","slug":"nielimitowane-podrozowanie-dodatkowe-sklady-i-specjalna-oferta-majowka-z-kolejami-slaskimi","status":"publish","type":"post","link":"https:\/\/www.24zabrze.pl\/wiadomosci\/nielimitowane-podrozowanie-dodatkowe-sklady-i-specjalna-oferta-majowka-z-kolejami-slaskimi\/","title":{"rendered":"Nielimitowane podr\u00f3\u017cowanie, dodatkowe sk\u0142ady i specjalna oferta. Maj\u00f3wka z Kolejami \u015al\u0105skimi"},"content":{"rendered":"<div class=\"zabrz-a6-z-nad-leadem-artykulow zabrz-entity-placement\" id=\"zabrz-3605962334\"><div class=\"zabrz-adlabel\"><span style=\"font-size: 9px\">REKLAMA<\/span><\/div><div id=\"zabrz-241050181\" style=\"margin-bottom: 30px;margin-left: auto;margin-right: auto;text-align: center;\"><a data-no-instant=\"1\" href=\"https:\/\/dom100.eu\/\" rel=\"noopener\" class=\"a2t-link\" target=\"_blank\" aria-label=\"20260415 DOM100 D\"><img loading=\"lazy\" decoding=\"async\" src=\"https:\/\/www.24zabrze.pl\/wiadomosci\/wp-content\/uploads\/2026\/02\/20260415-DOM100-D.jpg\" alt=\"\"  srcset=\"https:\/\/www.24zabrze.pl\/wiadomosci\/wp-content\/uploads\/2026\/02\/20260415-DOM100-D.jpg 750w, https:\/\/www.24zabrze.pl\/wiadomosci\/wp-content\/uploads\/2026\/02\/20260415-DOM100-D-410x109.jpg 410w\" sizes=\"(max-width: 750px) 100vw, 750px\" class=\"no-lazyload\" width=\"750\" height=\"200\"  style=\"display: inline-block; max-width: 100%; height: auto;\" \/><\/a><\/div><\/div><h2>Nieograniczone podr\u00f3\u017ce poci\u0105gami ju\u017c od 23 z\u0142 dziennie \u2013 tak\u0105 propozycj\u0119 na maj\u00f3wk\u0119 przygotowa\u0142y Koleje \u015al\u0105skie. Dzi\u0119ki specjalnej ofercie oraz dodatkowym poci\u0105gom i powi\u0119kszonym sk\u0142adom, pasa\u017cerowie mog\u0105 wygodnie zaplanowa\u0107 wyjazdy w najbardziej malownicze zak\u0105tki regionu. <\/h2>\n<p>Dodatkowe poci\u0105gi pojawi\u0105 si\u0119 na trasie \u0142\u0105cz\u0105cej Wis\u0142\u0119 z Cieszynem \u2013 przez Ustro\u0144 i Golesz\u00f3w. Z kolei sk\u0142ady z wi\u0119ksz\u0105 liczb\u0105 miejsc b\u0119d\u0105 kursowa\u0107 z Cz\u0119stochowy do Wis\u0142y G\u0142\u0119bc\u00f3w oraz do Krakowa P\u0142aszowa. Na maj\u00f3wk\u0119 wraca tak\u017ce Ornak, kt\u00f3ry od 1 do 3 maja umo\u017cliwi bezpo\u015brednie przejazdy z Cz\u0119stochowy do Zakopanego.<\/p><div class=\"zabrz-a3-z-w-tresci-artykulow zabrz-entity-placement\" id=\"zabrz-296793882\"><div class=\"zabrz-adlabel\"><span style=\"font-size: 9px\">REKLAMA<\/span><\/div><div id=\"zabrz-1950873935\" style=\"margin-bottom: 40px;margin-left: auto;margin-right: auto;text-align: center;\"><a data-no-instant=\"1\" href=\"https:\/\/ogrodyandersa.pl\/\" rel=\"noopener\" class=\"a2t-link\" target=\"_blank\" aria-label=\"20260415 Ogrody Andersa WYBIERZ MIESZKANIE D\"><img loading=\"lazy\" decoding=\"async\" src=\"https:\/\/www.24zabrze.pl\/wiadomosci\/wp-content\/uploads\/2026\/02\/20260415-Ogrody-Andersa-WYBIERZ-MIESZKANIE-D.jpg\" alt=\"\"  srcset=\"https:\/\/www.24zabrze.pl\/wiadomosci\/wp-content\/uploads\/2026\/02\/20260415-Ogrody-Andersa-WYBIERZ-MIESZKANIE-D.jpg 750w, https:\/\/www.24zabrze.pl\/wiadomosci\/wp-content\/uploads\/2026\/02\/20260415-Ogrody-Andersa-WYBIERZ-MIESZKANIE-D-410x109.jpg 410w\" sizes=\"(max-width: 750px) 100vw, 750px\" class=\"no-lazyload\" width=\"750\" height=\"200\"  style=\"display: inline-block; max-width: 100%; height: auto;\" \/><\/a><\/div><\/div>\n<h4>Solo Plus w aplikacji i na stronie Kolei \u015al\u0105skich<\/h4>\n<p>Oferta \u201eSolo Plus\u201d to propozycja dla os\u00f3b podr\u00f3\u017cuj\u0105cych w grupie od dw\u00f3ch do sze\u015bciu os\u00f3b. <\/p>\n<p>\u2013 <em>Od 1 do 3 maja pierwsza osoba zap\u0142aci za bilet imienny 46 z\u0142, a ka\u017cda kolejna tylko 23 z\u0142. W ramach oferty pasa\u017cerowie mog\u0105 korzysta\u0107 z nieograniczonej liczby przejazd\u00f3w poci\u0105gami Kolei \u015al\u0105skich przez ca\u0142y dzie\u0144. Przedsprzeda\u017c ruszy\u0142a we wtorek, 28 kwietnia w aplikacji mobilnej Kae\u015bka i na stronie internetowej Kolei \u015al\u0105skich<\/em> \u2013\u00a0informuje <strong>Tomasz Niedziela,<\/strong> wiceprezes ds. handlowych Kolei \u015al\u0105skich.<\/p>\n<p>Promocyjna oferta obejmuje wszystkie po\u0142a\u0328czenia Kolei S\u0301la\u0328skich, z wyja\u0328tkiem transgranicznego odcinka Cha\u0142upki \u2013 Bohumin. Szczego\u0301\u0142y wszystkich ofert doste\u0328pne sa\u0328 na stronie internetowej <a href=\"http:\/\/www.kolejeslaskie.pl\" target=\"_blank\">www.kolejeslaskie.pl<\/a> w zak\u0142adce \u201eDla Pasa\u017cera\u201d.<\/p>\n<p>\u2013 Chcemy, by maj\u00f3wkowe podr\u00f3\u017ce by\u0142y nie tylko atrakcyjne cenowo, ale te\u017c maksymalnie wygodne i intuicyjne w planowaniu. Kae\u015bka pozwala szybko kupi\u0107 bilet i mie\u0107 ca\u0142\u0105 podr\u00f3\u017c \u201cpod r\u0119k\u0105\u201d \u2013 m\u00f3wi<strong> Arkadiusz Pilarz<\/strong>, dyrektor Biura Handlowego Kolei \u015al\u0105skich.<\/p>\n<h4>W Tatry, Beskidy i na Jur\u0119<\/h4>\n<p>Na d\u0142u\u017csze wyjazdy Koleje \u015al\u0105skie przygotowa\u0142y powr\u00f3t poci\u0105gu Ornak, kt\u00f3ry od 1 do 3 maja umo\u017cliwi bezpo\u015bredni przejazd z Cz\u0119stochowy przez Katowice          do Zakopanego. Poci\u0105g wyruszy o 5:20 i dotrze do Zakopanego o godz. 11:20, natomiast kurs powrotny zaplanowano na godz. 14:55 z przyjazdem do Cz\u0119stochowy o godz. 22:37. Do Zakopanego z Kolejami \u015al\u0105skimi b\u0119dzie mo\u017cna wybra\u0107 si\u0119 tak\u017ce w weekend Bo\u017cego Cia\u0142a 4-7 czerwca.<\/p>\n<h4>Dla mi\u0142o\u015bnik\u00f3w wypraw w Beskidy zostan\u0105 uruchomione dodatkowe po\u0142\u0105czenia na trasach Wis\u0142a G\u0142\u0119bce \u2013 Golesz\u00f3w oraz Golesz\u00f3w \u2013 Cieszyn.<\/h4>\n<p>Poci\u0105g z Wis\u0142y G\u0142\u0119bc\u00f3w wyruszy o godz. 10:53 i dotrze do Goleszowa o godz. 11:42. Z kolei o godz. 12:22 zaplanowano odjazd dodatkowego poci\u0105gu z Goleszowa do Cieszyna (przyjazd o godz. 12:35). W drog\u0119 powrotn\u0105 sk\u0142ad z Cieszyna wyruszy o godz. 14:50, docieraj\u0105c do Wis\u0142y G\u0142\u0119bc\u00f3w o godz. 15:58.<\/p>\n<p>Dodatkowo zaplanowano wzmocnienia wybranych sk\u0142ad\u00f3w na trasach z Cz\u0119stochowy do Wis\u0142y G\u0142\u0119biec oraz do Krakowa P\u0142aszowa, co prze\u0142o\u017cy si\u0119 na wi\u0119ksz\u0105 liczb\u0119 miejsc i wy\u017cszy komfort podr\u00f3\u017cy.<\/p>\n<h4>Na rower z Kolejami \u015al\u0105skimi<\/h4>\n<p>Maj\u00f3wka to dla wielu pocz\u0105tek sezonu rowerowego. Ka\u017cdy poci\u0105g Kolei \u015al\u0105skich posiada strefy z miejscami na od 4 do 14 rower\u00f3w, a wybrane po\u0142\u0105czenia obs\u0142uguje Velo Cug \u2013 specjalny sk\u0142ad oferuj\u0105cy a\u017c 36 miejsc dla jedno\u015blad\u00f3w.<\/p>\n<p>Velo Cug kursuje m.in. na trasach \u0142\u0105cz\u0105cych Katowice ze Zwardoniem oraz w innych relacjach prowadz\u0105cych na po\u0142udnie regionu. Szczeg\u00f3\u0142owy wykaz wszystkich kurs\u00f3w i godzin odjazd\u00f3w dost\u0119pny jest w dedykowanym rozk\u0142adzie jazdy na stronie Kolei \u015al\u0105skich.<\/p>\n<p>\u2013 Zach\u0119camy do wcze\u015bniejszego planowania podr\u00f3\u017cy z rowerem i rezerwowania miejsc z gwarancj\u0105 przejazdu. Mo\u017cna to zrobi\u0107 ju\u017c 14 dni przed podr\u00f3\u017c\u0105. W aplikacji Kae\u015bka i na stronie internetowej <a href=\"http:\/\/www.kolejeslaskie.pl\" target=\"_blank\">www.kolejeslaskie.pl<\/a> mo\u017cna nie tylko kupi\u0107 bilet, ale te\u017c sprawdzi\u0107 dost\u0119pno\u015b\u0107 miejsc na przew\u00f3z roweru w konkretnym poci\u0105gu \u2013 m\u00f3wi <strong>Bart\u0142omiej Wnuk,<\/strong> rzecznik prasowy Kolei \u015al\u0105skich.<\/p>\n<p>(Koleje \u015al\u0105skie)<\/p>\n","protected":false},"excerpt":{"rendered":"<p>Nieograniczone podr\u00f3\u017ce poci\u0105gami ju\u017c od 23 z\u0142 dziennie \u2013 tak\u0105 propozycj\u0119 na maj\u00f3wk\u0119 przygotowa\u0142y Koleje \u015al\u0105skie. Dzi\u0119ki specjalnej ofercie oraz dodatkowym poci\u0105gom i powi\u0119kszonym sk\u0142adom, pasa\u017cerowie mog\u0105 wygodnie zaplanowa\u0107 wyjazdy w najbardziej malownicze zak\u0105tki regionu. Dodatkowe poci\u0105gi pojawi\u0105 si\u0119 na trasie \u0142\u0105cz\u0105cej Wis\u0142\u0119 z Cieszynem \u2013 przez Ustro\u0144 i Golesz\u00f3w. Z kolei sk\u0142ady z wi\u0119ksz\u0105 [&hellip;]<\/p>\n","protected":false},"author":17,"featured_media":88396,"comment_status":"closed","ping_status":"closed","sticky":false,"template":"","format":"standard","meta":{"_monsterinsights_skip_tracking":false,"_monsterinsights_sitenote_active":false,"_monsterinsights_sitenote_note":"","_monsterinsights_sitenote_category":0,"footnotes":"","_links_to":"","_links_to_target":""},"categories":[11756,1],"tags":[12846,13104],"class_list":["post-117022","post","type-post","status-publish","format-standard","has-post-thumbnail","hentry","category-kultura","category-wszystko","tag-koleje-slaskie","tag-majowka"],"_links":{"self":[{"href":"https:\/\/www.24zabrze.pl\/wiadomosci\/wp-json\/wp\/v2\/posts\/117022","targetHints":{"allow":["GET"]}}],"collection":[{"href":"https:\/\/www.24zabrze.pl\/wiadomosci\/wp-json\/wp\/v2\/posts"}],"about":[{"href":"https:\/\/www.24zabrze.pl\/wiadomosci\/wp-json\/wp\/v2\/types\/post"}],"author":[{"embeddable":true,"href":"https:\/\/www.24zabrze.pl\/wiadomosci\/wp-json\/wp\/v2\/users\/17"}],"replies":[{"embeddable":true,"href":"https:\/\/www.24zabrze.pl\/wiadomosci\/wp-json\/wp\/v2\/comments?post=117022"}],"version-history":[{"count":2,"href":"https:\/\/www.24zabrze.pl\/wiadomosci\/wp-json\/wp\/v2\/posts\/117022\/revisions"}],"predecessor-version":[{"id":117024,"href":"https:\/\/www.24zabrze.pl\/wiadomosci\/wp-json\/wp\/v2\/posts\/117022\/revisions\/117024"}],"wp:featuredmedia":[{"embeddable":true,"href":"https:\/\/www.24zabrze.pl\/wiadomosci\/wp-json\/wp\/v2\/media\/88396"}],"wp:attachment":[{"href":"https:\/\/www.24zabrze.pl\/wiadomosci\/wp-json\/wp\/v2\/media?parent=117022"}],"wp:term":[{"taxonomy":"category","embeddable":true,"href":"https:\/\/www.24zabrze.pl\/wiadomosci\/wp-json\/wp\/v2\/categories?post=117022"},{"taxonomy":"post_tag","embeddable":true,"href":"https:\/\/www.24zabrze.pl\/wiadomosci\/wp-json\/wp\/v2\/tags?post=117022"}],"curies":[{"name":"wp","href":"https:\/\/api.w.org\/{rel}","templated":true}]}}