{"id":117017,"date":"2026-05-03T09:36:28","date_gmt":"2026-05-03T07:36:28","guid":{"rendered":"https:\/\/www.24zabrze.pl\/wiadomosci\/?p=117017"},"modified":"2026-04-29T11:25:28","modified_gmt":"2026-04-29T09:25:28","slug":"odsloniecie-tablicy-pamiatkowej-upamietniajacej-losy-kresowych-rodzin-uroczystosc-w-mikulczycach","status":"publish","type":"post","link":"https:\/\/www.24zabrze.pl\/wiadomosci\/odsloniecie-tablicy-pamiatkowej-upamietniajacej-losy-kresowych-rodzin-uroczystosc-w-mikulczycach\/","title":{"rendered":"Ods\u0142oni\u0119cie tablicy pami\u0105tkowej upami\u0119tniaj\u0105cej losy kresowych rodzin. Uroczysto\u015b\u0107 w Mikulczycach"},"content":{"rendered":"<div class=\"zabrz-a6-z-nad-leadem-artykulow zabrz-entity-placement\" id=\"zabrz-2491841188\"><div class=\"zabrz-adlabel\"><span style=\"font-size: 9px\">REKLAMA<\/span><\/div><div id=\"zabrz-349533527\" style=\"margin-bottom: 30px;margin-left: auto;margin-right: auto;text-align: center;\"><a data-no-instant=\"1\" href=\"https:\/\/dom100.eu\/\" rel=\"noopener\" class=\"a2t-link\" target=\"_blank\" aria-label=\"20260415 DOM100 D\"><img loading=\"lazy\" decoding=\"async\" src=\"https:\/\/www.24zabrze.pl\/wiadomosci\/wp-content\/uploads\/2026\/02\/20260415-DOM100-D.jpg\" alt=\"\"  srcset=\"https:\/\/www.24zabrze.pl\/wiadomosci\/wp-content\/uploads\/2026\/02\/20260415-DOM100-D.jpg 750w, https:\/\/www.24zabrze.pl\/wiadomosci\/wp-content\/uploads\/2026\/02\/20260415-DOM100-D-410x109.jpg 410w\" sizes=\"(max-width: 750px) 100vw, 750px\" class=\"no-lazyload\" width=\"750\" height=\"200\"  style=\"display: inline-block; max-width: 100%; height: auto;\" \/><\/a><\/div><\/div><h2>Zabrza\u0144scy kresowianie oraz ich potomkowie zapraszaj\u0105 mieszka\u0144c\u00f3w do udzia\u0142u w uroczysto\u015bci po\u015bwi\u0119conej 80. rocznicy przybycia ekspatriant\u00f3w ze Lwowa i Kres\u00f3w Po\u0142udniowo-Wschodnich II Rzeczypospolitej do Mikulczyc na tamtejszy dworzec kolejowy. Wydarzenie odb\u0119dzie si\u0119 8 maja o godzinie 11:00.<\/h2>\n<p>Centralnym punktem uroczysto\u015bci przed M\u0142odzie\u017cowym Domem Kultury nr 1 w Zabrzu-Mikulczycach przy ul. Tarnopolskiej 50 b\u0119dzie ods\u0142oni\u0119cie tablicy pami\u0105tkowej upami\u0119tniaj\u0105cej losy kresowych rodzin, kt\u00f3re po zako\u0144czeniu II wojny \u015bwiatowej znalaz\u0142y nowy dom w Mikulczycach i wsp\u00f3\u0142tworzy\u0142y histori\u0119 oraz to\u017csamo\u015b\u0107 dzisiejszego Zabrza. W cz\u0119\u015bci artystycznej wyst\u0105pi zesp\u00f3\u0142 teatralno-muzyczny Chawira z Krakowa, kt\u00f3ry zaprezentuje koncert polskich piosenek emigracyjnych.<\/p><div class=\"zabrz-a3-z-w-tresci-artykulow zabrz-entity-placement\" id=\"zabrz-4245192172\"><div class=\"zabrz-adlabel\"><span style=\"font-size: 9px\">REKLAMA<\/span><\/div><div id=\"zabrz-2804248073\" style=\"margin-bottom: 40px;margin-left: auto;margin-right: auto;text-align: center;\"><a data-no-instant=\"1\" href=\"https:\/\/ogrodyandersa.pl\/\" rel=\"noopener\" class=\"a2t-link\" target=\"_blank\" aria-label=\"20260415 Ogrody Andersa WYBIERZ MIESZKANIE D\"><img loading=\"lazy\" decoding=\"async\" src=\"https:\/\/www.24zabrze.pl\/wiadomosci\/wp-content\/uploads\/2026\/02\/20260415-Ogrody-Andersa-WYBIERZ-MIESZKANIE-D.jpg\" alt=\"\"  srcset=\"https:\/\/www.24zabrze.pl\/wiadomosci\/wp-content\/uploads\/2026\/02\/20260415-Ogrody-Andersa-WYBIERZ-MIESZKANIE-D.jpg 750w, https:\/\/www.24zabrze.pl\/wiadomosci\/wp-content\/uploads\/2026\/02\/20260415-Ogrody-Andersa-WYBIERZ-MIESZKANIE-D-410x109.jpg 410w\" sizes=\"(max-width: 750px) 100vw, 750px\" class=\"no-lazyload\" width=\"750\" height=\"200\"  style=\"display: inline-block; max-width: 100%; height: auto;\" \/><\/a><\/div><\/div>\n<p>Organizatorami wydarzenia s\u0105: Towarzystwo Mi\u0142o\u015bnik\u00f3w Lwowa i Kres\u00f3w Po\u0142udniowo-Wschodnich w Zabrzu, \u015al\u0105ski Klub Mi\u0142o\u015bnik\u00f3w Historii i Kultury Lwowa oraz M\u0142odzie\u017cowy Dom Kultury nr 1 w Zabrzu.<\/p>\n<p><img loading=\"lazy\" decoding=\"async\" src=\"https:\/\/miastozabrze.pl\/wp-content\/uploads\/2026\/04\/odsloniecie_pamiatkowej_tablicy_tmlikpw_rgb-1089x1536.jpg\" width=\"1089\" height=\"1536\" class=\"alignnone size-full\" \/><\/p>\n<p>(\u017cms)\/UM Zabrze<br \/>\nfot. UM Zabrze<\/p>\n","protected":false},"excerpt":{"rendered":"<p>Zabrza\u0144scy kresowianie oraz ich potomkowie zapraszaj\u0105 mieszka\u0144c\u00f3w do udzia\u0142u w uroczysto\u015bci po\u015bwi\u0119conej 80. rocznicy przybycia ekspatriant\u00f3w ze Lwowa i Kres\u00f3w Po\u0142udniowo-Wschodnich II Rzeczypospolitej do Mikulczyc na tamtejszy dworzec kolejowy. Wydarzenie odb\u0119dzie si\u0119 8 maja o godzinie 11:00. Centralnym punktem uroczysto\u015bci przed M\u0142odzie\u017cowym Domem Kultury nr 1 w Zabrzu-Mikulczycach przy ul. Tarnopolskiej 50 b\u0119dzie ods\u0142oni\u0119cie tablicy [&hellip;]<\/p>\n","protected":false},"author":17,"featured_media":117020,"comment_status":"closed","ping_status":"closed","sticky":false,"template":"","format":"standard","meta":{"_monsterinsights_skip_tracking":false,"_monsterinsights_sitenote_active":false,"_monsterinsights_sitenote_note":"","_monsterinsights_sitenote_category":0,"footnotes":"","_links_to":"","_links_to_target":""},"categories":[11756,1],"tags":[13108,13109],"class_list":["post-117017","post","type-post","status-publish","format-standard","has-post-thumbnail","hentry","category-kultura","category-wszystko","tag-kresowianie","tag-tablica-pamiatkowa"],"_links":{"self":[{"href":"https:\/\/www.24zabrze.pl\/wiadomosci\/wp-json\/wp\/v2\/posts\/117017","targetHints":{"allow":["GET"]}}],"collection":[{"href":"https:\/\/www.24zabrze.pl\/wiadomosci\/wp-json\/wp\/v2\/posts"}],"about":[{"href":"https:\/\/www.24zabrze.pl\/wiadomosci\/wp-json\/wp\/v2\/types\/post"}],"author":[{"embeddable":true,"href":"https:\/\/www.24zabrze.pl\/wiadomosci\/wp-json\/wp\/v2\/users\/17"}],"replies":[{"embeddable":true,"href":"https:\/\/www.24zabrze.pl\/wiadomosci\/wp-json\/wp\/v2\/comments?post=117017"}],"version-history":[{"count":3,"href":"https:\/\/www.24zabrze.pl\/wiadomosci\/wp-json\/wp\/v2\/posts\/117017\/revisions"}],"predecessor-version":[{"id":117021,"href":"https:\/\/www.24zabrze.pl\/wiadomosci\/wp-json\/wp\/v2\/posts\/117017\/revisions\/117021"}],"wp:featuredmedia":[{"embeddable":true,"href":"https:\/\/www.24zabrze.pl\/wiadomosci\/wp-json\/wp\/v2\/media\/117020"}],"wp:attachment":[{"href":"https:\/\/www.24zabrze.pl\/wiadomosci\/wp-json\/wp\/v2\/media?parent=117017"}],"wp:term":[{"taxonomy":"category","embeddable":true,"href":"https:\/\/www.24zabrze.pl\/wiadomosci\/wp-json\/wp\/v2\/categories?post=117017"},{"taxonomy":"post_tag","embeddable":true,"href":"https:\/\/www.24zabrze.pl\/wiadomosci\/wp-json\/wp\/v2\/tags?post=117017"}],"curies":[{"name":"wp","href":"https:\/\/api.w.org\/{rel}","templated":true}]}}