{"id":117009,"date":"2026-04-28T15:06:41","date_gmt":"2026-04-28T13:06:41","guid":{"rendered":"https:\/\/www.24zabrze.pl\/wiadomosci\/?p=117009"},"modified":"2026-04-28T15:06:41","modified_gmt":"2026-04-28T13:06:41","slug":"prywatyzacja-gornika-zabrze-jest-harmonogram-koniec-procesu-przewidywany-jest-jeszcze-w-maju","status":"publish","type":"post","link":"https:\/\/www.24zabrze.pl\/wiadomosci\/prywatyzacja-gornika-zabrze-jest-harmonogram-koniec-procesu-przewidywany-jest-jeszcze-w-maju\/","title":{"rendered":"Prywatyzacja G\u00f3rnika Zabrze &#8211; jest harmonogram. Koniec procesu przewidywany jest jeszcze w maju"},"content":{"rendered":"<div class=\"zabrz-a6-z-nad-leadem-artykulow zabrz-entity-placement\" id=\"zabrz-3208081228\"><div class=\"zabrz-adlabel\"><span style=\"font-size: 9px\">REKLAMA<\/span><\/div><div id=\"zabrz-3376993853\" style=\"margin-bottom: 30px;margin-left: auto;margin-right: auto;text-align: center;\"><a data-no-instant=\"1\" href=\"https:\/\/dom100.eu\/\" rel=\"noopener\" class=\"a2t-link\" target=\"_blank\" aria-label=\"20260415 DOM100 D\"><img loading=\"lazy\" decoding=\"async\" src=\"https:\/\/www.24zabrze.pl\/wiadomosci\/wp-content\/uploads\/2026\/02\/20260415-DOM100-D.jpg\" alt=\"\"  srcset=\"https:\/\/www.24zabrze.pl\/wiadomosci\/wp-content\/uploads\/2026\/02\/20260415-DOM100-D.jpg 750w, https:\/\/www.24zabrze.pl\/wiadomosci\/wp-content\/uploads\/2026\/02\/20260415-DOM100-D-410x109.jpg 410w\" sizes=\"(max-width: 750px) 100vw, 750px\" class=\"no-lazyload\" width=\"750\" height=\"200\"  style=\"display: inline-block; max-width: 100%; height: auto;\" \/><\/a><\/div><\/div><h2>&#8211; Proces prywatyzacji G\u00f3rnika Zabrze wchodzi w kluczowy etap &#8211; informuje Urz\u0105d Miejski. Miasto ko\u0144czy przygotowanie dokument\u00f3w, kt\u00f3re umo\u017cliwi\u0105 finalizacj\u0119 transakcji. Najwa\u017cniejsze warunki zosta\u0142y ju\u017c uzgodnione. Obecnie trwaj\u0105 prace nad ostatecznymi zapisami um\u00f3w. Zespo\u0142y prawne dopracowuj\u0105 szczeg\u00f3\u0142y i zabezpieczenia dla obu stron.<\/h2>\n<p>Prezydent <strong>Kamil \u017bbikowski<\/strong> poinformowa\u0142 o tym radnych podczas podsumowania swojej pracy w okresie mi\u0119dzysesyjnym. <\/p><div class=\"zabrz-a3-z-w-tresci-artykulow zabrz-entity-placement\" id=\"zabrz-1155083975\"><div class=\"zabrz-adlabel\"><span style=\"font-size: 9px\">REKLAMA<\/span><\/div><div id=\"zabrz-2865671237\" style=\"margin-bottom: 40px;margin-left: auto;margin-right: auto;text-align: center;\"><a data-no-instant=\"1\" href=\"https:\/\/ogrodyandersa.pl\/\" rel=\"noopener\" class=\"a2t-link\" target=\"_blank\" aria-label=\"20260415 Ogrody Andersa WYBIERZ MIESZKANIE D\"><img loading=\"lazy\" decoding=\"async\" src=\"https:\/\/www.24zabrze.pl\/wiadomosci\/wp-content\/uploads\/2026\/02\/20260415-Ogrody-Andersa-WYBIERZ-MIESZKANIE-D.jpg\" alt=\"\"  srcset=\"https:\/\/www.24zabrze.pl\/wiadomosci\/wp-content\/uploads\/2026\/02\/20260415-Ogrody-Andersa-WYBIERZ-MIESZKANIE-D.jpg 750w, https:\/\/www.24zabrze.pl\/wiadomosci\/wp-content\/uploads\/2026\/02\/20260415-Ogrody-Andersa-WYBIERZ-MIESZKANIE-D-410x109.jpg 410w\" sizes=\"(max-width: 750px) 100vw, 750px\" class=\"no-lazyload\" width=\"750\" height=\"200\"  style=\"display: inline-block; max-width: 100%; height: auto;\" \/><\/a><\/div><\/div>\n<p>\u2013 <em>Prosz\u0119 o wyrozumia\u0142o\u015b\u0107. Wcze\u015bniej operowali\u015bmy raczej perspektyw\u0105 miesi\u0119cy, dzi\u015b m\u00f3wimy o konkretnych datach. To pokazuje, jak bardzo proces przyspieszy\u0142. Chcemy go zamkn\u0105\u0107 w ci\u0105gu kilku najbli\u017cszych tygodni. Traktujmy ten harmonogram jako wyraz dobrej woli i determinacji obu stron. Naszym celem jest sfinalizowanie prywatyzacji wraz z ko\u0144cem sezonu, tak aby wsp\u00f3lnie z kibicami \u015bwi\u0119towa\u0107 nie tylko sukcesy sportowe, ale te\u017c nowy rozdzia\u0142 w historii G\u00f3rnika Zabrze<\/em> \u2013 t\u0142umaczy prezydent Kamil \u017bbikowski.<\/p>\n<h4>Kluczowe daty zosta\u0142y ju\u017c wyznaczone<\/h4>\n<p>Miasto przyj\u0119\u0142o szczeg\u00f3\u0142owy plan dzia\u0142a\u0144. Wyznaczono konkretne terminy, kt\u00f3re maj\u0105 doprowadzi\u0107 do finalizacji procesu. Najp\u00f3\u017aniej:<\/p>\n<ul>\n<li><strong>do 6 maja <\/strong>\u2013 przygotowanie ostatecznych wersji um\u00f3w i przekazanie ich Radzie Miasta oraz Radzie Nadzorczej,<\/li>\n<li><strong>do 13 maja <\/strong>\u2013 przekazanie radnym oficjalnej informacji o zwo\u0142aniu sesji nadzwyczajnej,<\/li>\n<li><strong>do 20 maja<\/strong> \u2013 sesja Rady Miasta i podj\u0119cie uchwa\u0142y umo\u017cliwiaj\u0105cej sprzeda\u017c akcji,<\/li>\n<li><strong>23 maja<\/strong> \u2013 uroczyste podpisanie um\u00f3w ko\u0144cz\u0105cych proces prywatyzacji.<\/li>\n<\/ul>\n<p>Fina\u0142 zaplanowano na dzie\u0144 ostatniego meczu sezonu 2025\/2026. G\u00f3rnik Zabrze zmierzy si\u0119 wtedy z Radomiakiem Radom.<\/p>\n<h4>Decyzja w r\u0119kach radnych<\/h4>\n<p>Kluczowym momentem b\u0119dzie sesja nadzwyczajna Rady Miasta. To wtedy radni podejm\u0105 decyzj\u0119, kt\u00f3ra umo\u017cliwi podpisanie umowy sprzeda\u017cy akcji. Miasto podkre\u015bla, \u017ce ca\u0142y proces jest prowadzony zgodnie z przyj\u0119tym harmonogramem. Jednocze\u015bnie zapewnia, \u017ce zabezpieczono interesy obu stron transakcji. Zbli\u017caj\u0105ce si\u0119 tygodnie b\u0119d\u0105 decyduj\u0105ce dla przysz\u0142o\u015bci klubu.<\/p>\n<h4>Negocjacje przyspieszy\u0142y w 2026 roku<\/h4>\n<p>Na pocz\u0105tku 2026 roku proces wyra\u017anie nabra\u0142 tempa. Miasto informowa\u0142o w\u00f3wczas, \u017ce negocjacje w sprawie prywatyzacji id\u0105 w dobr\u0105 stron\u0119. Trwa\u0142y najwa\u017cniejsze uzgodnienia dotycz\u0105ce umowy inwestorskiej oraz sprzeda\u017cy akcji. Strony mia\u0142y za sob\u0105 kilka rund rozm\u00f3w i dopracowywania zapis\u00f3w. R\u00f3wnolegle toczy\u0142y si\u0119 prace nad tzw. umowami towarzysz\u0105cymi. Reguluj\u0105 one kluczowe kwestie funkcjonowania klubu po zmianie w\u0142a\u015bciciela. Chodzi m.in. o korzystanie ze stadionu, zaplecza treningowego oraz infrastruktury sportowej. To w\u0142a\u015bnie te dokumenty mia\u0142y rozstrzygn\u0105\u0107 o tempie domkni\u0119cia ca\u0142ej transakcji.<\/p>\n<h4>Miasto podkre\u015bla\u0142o, \u017ce priorytetem jest przysz\u0142o\u015b\u0107 G\u00f3rnika. Celem by\u0142o zapewnienie stabilnego finansowania, rozwoju sportowego i trwa\u0142ej pozycji w Ekstraklasie. <\/h4>\n<p>Decyzje mia\u0142y zapada\u0107 bez presji czasu i komentarzy, wy\u0142\u0105cznie w interesie klubu oraz mieszka\u0144c\u00f3w. W tym czasie istotn\u0105 rol\u0119 odgrywa\u0142 <strong>Lukas Podolski. <\/strong>Jako potencjalny inwestor, a jednocze\u015bnie akcjonariusz klubu, zapowiada\u0142, \u017ce kibice mog\u0105 spodziewa\u0107 si\u0119 dobrych wiadomo\u015bci pod koniec kwietnia.<\/p>\n<p>&#8211; Dzi\u015b sytuacja sportowa dodatkowo wzmacnia wag\u0119 ca\u0142ego procesu. G\u00f3rnik Zabrze stoi przed realn\u0105 szans\u0105 walki i zdobycia Pucharu Polski i mistrzostwa kraju. Ewentualny nowy w\u0142a\u015bciciel przejmie klub w jednym z najbardziej prze\u0142omowych moment\u00f3w ostatnich lat &#8211; podkre\u015bla Urz\u0105d Miejski. <\/p>\n<p>(\u017cms)\/UM Zabrze<\/p>\n","protected":false},"excerpt":{"rendered":"<p>&#8211; Proces prywatyzacji G\u00f3rnika Zabrze wchodzi w kluczowy etap &#8211; informuje Urz\u0105d Miejski. Miasto ko\u0144czy przygotowanie dokument\u00f3w, kt\u00f3re umo\u017cliwi\u0105 finalizacj\u0119 transakcji. Najwa\u017cniejsze warunki zosta\u0142y ju\u017c uzgodnione. Obecnie trwaj\u0105 prace nad ostatecznymi zapisami um\u00f3w. Zespo\u0142y prawne dopracowuj\u0105 szczeg\u00f3\u0142y i zabezpieczenia dla obu stron. Prezydent Kamil \u017bbikowski poinformowa\u0142 o tym radnych podczas podsumowania swojej pracy w okresie [&hellip;]<\/p>\n","protected":false},"author":17,"featured_media":94678,"comment_status":"closed","ping_status":"closed","sticky":false,"template":"","format":"standard","meta":{"_monsterinsights_skip_tracking":false,"_monsterinsights_sitenote_active":false,"_monsterinsights_sitenote_note":"","_monsterinsights_sitenote_category":0,"footnotes":"","_links_to":"","_links_to_target":""},"categories":[8,9,1],"tags":[12866,12619],"class_list":["post-117009","post","type-post","status-publish","format-standard","has-post-thumbnail","hentry","category-referendum","category-stronaglowna","category-wszystko","tag-gornik-zabrze","tag-prywatyzacja"],"_links":{"self":[{"href":"https:\/\/www.24zabrze.pl\/wiadomosci\/wp-json\/wp\/v2\/posts\/117009","targetHints":{"allow":["GET"]}}],"collection":[{"href":"https:\/\/www.24zabrze.pl\/wiadomosci\/wp-json\/wp\/v2\/posts"}],"about":[{"href":"https:\/\/www.24zabrze.pl\/wiadomosci\/wp-json\/wp\/v2\/types\/post"}],"author":[{"embeddable":true,"href":"https:\/\/www.24zabrze.pl\/wiadomosci\/wp-json\/wp\/v2\/users\/17"}],"replies":[{"embeddable":true,"href":"https:\/\/www.24zabrze.pl\/wiadomosci\/wp-json\/wp\/v2\/comments?post=117009"}],"version-history":[{"count":5,"href":"https:\/\/www.24zabrze.pl\/wiadomosci\/wp-json\/wp\/v2\/posts\/117009\/revisions"}],"predecessor-version":[{"id":117014,"href":"https:\/\/www.24zabrze.pl\/wiadomosci\/wp-json\/wp\/v2\/posts\/117009\/revisions\/117014"}],"wp:featuredmedia":[{"embeddable":true,"href":"https:\/\/www.24zabrze.pl\/wiadomosci\/wp-json\/wp\/v2\/media\/94678"}],"wp:attachment":[{"href":"https:\/\/www.24zabrze.pl\/wiadomosci\/wp-json\/wp\/v2\/media?parent=117009"}],"wp:term":[{"taxonomy":"category","embeddable":true,"href":"https:\/\/www.24zabrze.pl\/wiadomosci\/wp-json\/wp\/v2\/categories?post=117009"},{"taxonomy":"post_tag","embeddable":true,"href":"https:\/\/www.24zabrze.pl\/wiadomosci\/wp-json\/wp\/v2\/tags?post=117009"}],"curies":[{"name":"wp","href":"https:\/\/api.w.org\/{rel}","templated":true}]}}