{"id":117005,"date":"2026-04-29T06:17:32","date_gmt":"2026-04-29T04:17:32","guid":{"rendered":"https:\/\/www.24zabrze.pl\/wiadomosci\/?p=117005"},"modified":"2026-04-28T13:34:11","modified_gmt":"2026-04-28T11:34:11","slug":"uroczyste-obchody-swieta-konstytucji-3-maja-w-zabrzu-miasto-podalo-program-uroczystosci","status":"publish","type":"post","link":"https:\/\/www.24zabrze.pl\/wiadomosci\/uroczyste-obchody-swieta-konstytucji-3-maja-w-zabrzu-miasto-podalo-program-uroczystosci\/","title":{"rendered":"Uroczyste obchody \u015awi\u0119ta Konstytucji 3 Maja w Zabrzu. Miasto poda\u0142o program uroczysto\u015bci"},"content":{"rendered":"<div class=\"zabrz-a6-z-nad-leadem-artykulow zabrz-entity-placement\" id=\"zabrz-1782733246\"><div class=\"zabrz-adlabel\"><span style=\"font-size: 9px\">REKLAMA<\/span><\/div><div id=\"zabrz-2692095291\" style=\"margin-bottom: 30px;margin-left: auto;margin-right: auto;text-align: center;\"><a data-no-instant=\"1\" href=\"https:\/\/dom100.eu\/\" rel=\"noopener\" class=\"a2t-link\" target=\"_blank\" aria-label=\"20260415 DOM100 D\"><img loading=\"lazy\" decoding=\"async\" src=\"https:\/\/www.24zabrze.pl\/wiadomosci\/wp-content\/uploads\/2026\/02\/20260415-DOM100-D.jpg\" alt=\"\"  srcset=\"https:\/\/www.24zabrze.pl\/wiadomosci\/wp-content\/uploads\/2026\/02\/20260415-DOM100-D.jpg 750w, https:\/\/www.24zabrze.pl\/wiadomosci\/wp-content\/uploads\/2026\/02\/20260415-DOM100-D-410x109.jpg 410w\" sizes=\"(max-width: 750px) 100vw, 750px\" class=\"no-lazyload\" width=\"750\" height=\"200\"  style=\"display: inline-block; max-width: 100%; height: auto;\" \/><\/a><\/div><\/div><h2>\u015awi\u0119to Konstytucji 3 Maja przypada w tym roku w niedziel\u0119. Miasto zaprasza na oficjalne uroczysto\u015bci, kt\u00f3re rozpocznie msza \u015bwi\u0119ta w intencji Ojczyzny, a po kolejnych elementach oficjalnych obchod\u00f3w, zaplanowano piknik w ogrodach parafialnych.<\/H2><\/p><div class=\"zabrz-a3-z-w-tresci-artykulow zabrz-entity-placement\" id=\"zabrz-45368225\"><div class=\"zabrz-adlabel\"><span style=\"font-size: 9px\">REKLAMA<\/span><\/div><div id=\"zabrz-2439355954\" style=\"margin-bottom: 40px;margin-left: auto;margin-right: auto;text-align: center;\"><a data-no-instant=\"1\" href=\"https:\/\/ogrodyandersa.pl\/\" rel=\"noopener\" class=\"a2t-link\" target=\"_blank\" aria-label=\"20260415 Ogrody Andersa WYBIERZ MIESZKANIE D\"><img loading=\"lazy\" decoding=\"async\" src=\"https:\/\/www.24zabrze.pl\/wiadomosci\/wp-content\/uploads\/2026\/02\/20260415-Ogrody-Andersa-WYBIERZ-MIESZKANIE-D.jpg\" alt=\"\"  srcset=\"https:\/\/www.24zabrze.pl\/wiadomosci\/wp-content\/uploads\/2026\/02\/20260415-Ogrody-Andersa-WYBIERZ-MIESZKANIE-D.jpg 750w, https:\/\/www.24zabrze.pl\/wiadomosci\/wp-content\/uploads\/2026\/02\/20260415-Ogrody-Andersa-WYBIERZ-MIESZKANIE-D-410x109.jpg 410w\" sizes=\"(max-width: 750px) 100vw, 750px\" class=\"no-lazyload\" width=\"750\" height=\"200\"  style=\"display: inline-block; max-width: 100%; height: auto;\" \/><\/a><\/div><\/div>\n<p>Do udzia\u0142u w obchodach zapraszaj\u0105 prezydent Kamil \u017bbikowski, Grzegorz Olejniczak, Przewodnicz\u0105cy Rady Miasta Zabrze wraz z Radnymi. Miejscem wydarzenia b\u0119dzie ko\u015bci\u00f3\u0142 pw. \u015bw. Anny w Zabrzu przy ul. 3 Maja 18.<\/p>\n<h4>Program obchod\u00f3w:<\/h4>\n<ul>\n<li>11:15 \u2013 uroczysta Msza \u015awi\u0119ta w intencji Ojczyzny z udzia\u0142em Zabrza\u0144skiego Ch\u00f3ru M\u0142odzie\u017cowego \u201eResonans con tutti\u201d pod kierownictwem Arleny R\u00f3\u017cyckiej-Ga\u0142\u0105zki oraz Waldemara Ga\u0142\u0105zki<\/li>\n<li>12:20 \u2013 odegranie Hymnu Pa\u0144stwowego Rzeczypospolitej Polskiej<\/li>\n<li>12:30 \u2013 wyst\u0105pienie Prezydenta Miasta Zabrze oraz Przewodnicz\u0105cego Rady Miasta Zabrze<\/li>\n<li>12:35 \u2013 z\u0142o\u017cenie kwiat\u00f3w pod tablic\u0105 \u201ePami\u0119ci Tych, co grob\u00f3w nie maj\u0105\u201d<\/li>\n<li>13:15 \u2013 \u015bwi\u0105teczny piknik w ogrodach parafialnych oraz koncert Orkiestry Muzeum G\u00f3rnictwa W\u0119glowego w Zabrzu pod dyrekcj\u0105 Henryka Mandrysza<\/li>\n<\/ul>\n<p>Obchody \u015awi\u0119ta Konstytucji 3 Maja to wyj\u0105tkowa okazja do wsp\u00f3lnego uczczenia jednej z najwa\u017cniejszych dat w historii Polski oraz wyra\u017cenia przywi\u0105zania do narodowych tradycji i warto\u015bci.<\/p>\n<p>(\u017cms)\/UM Zabrze<br \/>\nfot. pixabay.com<\/p>\n<p><img loading=\"lazy\" decoding=\"async\" src=\"https:\/\/miastozabrze.pl\/wp-content\/uploads\/2026\/04\/2026_UM_3maja_plakat_1_prev-1084x1536.jpg\" width=\"1084\" height=\"1536\" class=\"alignnone size-full\" \/><\/p>\n","protected":false},"excerpt":{"rendered":"<p>\u015awi\u0119to Konstytucji 3 Maja przypada w tym roku w niedziel\u0119. Miasto zaprasza na oficjalne uroczysto\u015bci, kt\u00f3re rozpocznie msza \u015bwi\u0119ta w intencji Ojczyzny, a po kolejnych elementach oficjalnych obchod\u00f3w, zaplanowano piknik w ogrodach parafialnych. Do udzia\u0142u w obchodach zapraszaj\u0105 prezydent Kamil \u017bbikowski, Grzegorz Olejniczak, Przewodnicz\u0105cy Rady Miasta Zabrze wraz z Radnymi. Miejscem wydarzenia b\u0119dzie ko\u015bci\u00f3\u0142 pw. [&hellip;]<\/p>\n","protected":false},"author":17,"featured_media":98775,"comment_status":"closed","ping_status":"closed","sticky":false,"template":"","format":"standard","meta":{"_monsterinsights_skip_tracking":false,"_monsterinsights_sitenote_active":false,"_monsterinsights_sitenote_note":"","_monsterinsights_sitenote_category":0,"footnotes":"","_links_to":"","_links_to_target":""},"categories":[11756,9,1],"tags":[13106,13107],"class_list":["post-117005","post","type-post","status-publish","format-standard","has-post-thumbnail","hentry","category-kultura","category-stronaglowna","category-wszystko","tag-3-maja","tag-uroczystosci"],"_links":{"self":[{"href":"https:\/\/www.24zabrze.pl\/wiadomosci\/wp-json\/wp\/v2\/posts\/117005","targetHints":{"allow":["GET"]}}],"collection":[{"href":"https:\/\/www.24zabrze.pl\/wiadomosci\/wp-json\/wp\/v2\/posts"}],"about":[{"href":"https:\/\/www.24zabrze.pl\/wiadomosci\/wp-json\/wp\/v2\/types\/post"}],"author":[{"embeddable":true,"href":"https:\/\/www.24zabrze.pl\/wiadomosci\/wp-json\/wp\/v2\/users\/17"}],"replies":[{"embeddable":true,"href":"https:\/\/www.24zabrze.pl\/wiadomosci\/wp-json\/wp\/v2\/comments?post=117005"}],"version-history":[{"count":1,"href":"https:\/\/www.24zabrze.pl\/wiadomosci\/wp-json\/wp\/v2\/posts\/117005\/revisions"}],"predecessor-version":[{"id":117016,"href":"https:\/\/www.24zabrze.pl\/wiadomosci\/wp-json\/wp\/v2\/posts\/117005\/revisions\/117016"}],"wp:featuredmedia":[{"embeddable":true,"href":"https:\/\/www.24zabrze.pl\/wiadomosci\/wp-json\/wp\/v2\/media\/98775"}],"wp:attachment":[{"href":"https:\/\/www.24zabrze.pl\/wiadomosci\/wp-json\/wp\/v2\/media?parent=117005"}],"wp:term":[{"taxonomy":"category","embeddable":true,"href":"https:\/\/www.24zabrze.pl\/wiadomosci\/wp-json\/wp\/v2\/categories?post=117005"},{"taxonomy":"post_tag","embeddable":true,"href":"https:\/\/www.24zabrze.pl\/wiadomosci\/wp-json\/wp\/v2\/tags?post=117005"}],"curies":[{"name":"wp","href":"https:\/\/api.w.org\/{rel}","templated":true}]}}