{"id":116553,"date":"2026-03-13T18:12:23","date_gmt":"2026-03-13T17:12:23","guid":{"rendered":"https:\/\/www.24zabrze.pl\/wiadomosci\/?p=116553"},"modified":"2026-03-13T18:13:58","modified_gmt":"2026-03-13T17:13:58","slug":"wybory-do-rad-dzielnic-w-zabrzu-juz-za-kilka-dni-warto-zapoznac-sie-z-listami-kandydatow","status":"publish","type":"post","link":"https:\/\/www.24zabrze.pl\/wiadomosci\/wybory-do-rad-dzielnic-w-zabrzu-juz-za-kilka-dni-warto-zapoznac-sie-z-listami-kandydatow\/","title":{"rendered":"Wybory do Rad Dzielnic w Zabrzu ju\u017c za kilka dni. Warto zapozna\u0107 si\u0119 z listami kandydat\u00f3w"},"content":{"rendered":"<div class=\"zabrz-a6-z-nad-leadem-artykulow zabrz-entity-placement\" id=\"zabrz-1374322469\"><div class=\"zabrz-adlabel\"><span style=\"font-size: 9px\">REKLAMA<\/span><\/div><div id=\"zabrz-3806622335\" style=\"margin-bottom: 30px;margin-left: auto;margin-right: auto;text-align: center;\"><a data-no-instant=\"1\" href=\"https:\/\/dom100.eu\/\" rel=\"noopener\" class=\"a2t-link\" target=\"_blank\" aria-label=\"20260415 DOM100 D\"><img loading=\"lazy\" decoding=\"async\" src=\"https:\/\/www.24zabrze.pl\/wiadomosci\/wp-content\/uploads\/2026\/02\/20260415-DOM100-D.jpg\" alt=\"\"  srcset=\"https:\/\/www.24zabrze.pl\/wiadomosci\/wp-content\/uploads\/2026\/02\/20260415-DOM100-D.jpg 750w, https:\/\/www.24zabrze.pl\/wiadomosci\/wp-content\/uploads\/2026\/02\/20260415-DOM100-D-410x109.jpg 410w\" sizes=\"(max-width: 750px) 100vw, 750px\" class=\"no-lazyload\" width=\"750\" height=\"200\"  style=\"display: inline-block; max-width: 100%; height: auto;\" \/><\/a><\/div><\/div><h2>Wybory do Rad Dzielnic w Zabrzu odb\u0119d\u0105 si\u0119 w niedziel\u0119, 22 marca. To wa\u017cne wydarzenie dla mieszka\u0144c\u00f3w, kt\u00f3rzy poprzez udzia\u0142 w g\u0142osowaniu mog\u0105 bezpo\u015brednio wp\u0142ywa\u0107 na sprawy lokalne.<\/h2>\n<p>Wybory zostan\u0105 przeprowadzone w 21 dzielnicach miasta. Rady Dzielnic s\u0105 form\u0105 samorz\u0105dno\u015bci lokalnej, kt\u00f3ra umo\u017cliwia mieszka\u0144com aktywne uczestnictwo w \u017cyciu spo\u0142eczno\u015bci oraz podejmowanie inicjatyw dotycz\u0105cych najbli\u017cszego otoczenia.<\/p><div class=\"zabrz-a3-z-w-tresci-artykulow zabrz-entity-placement\" id=\"zabrz-3595771647\"><div class=\"zabrz-adlabel\"><span style=\"font-size: 9px\">REKLAMA<\/span><\/div><div id=\"zabrz-2965678072\" style=\"margin-bottom: 40px;margin-left: auto;margin-right: auto;text-align: center;\"><a data-no-instant=\"1\" href=\"https:\/\/ogrodyandersa.pl\/\" rel=\"noopener\" class=\"a2t-link\" target=\"_blank\" aria-label=\"20260415 Ogrody Andersa WYBIERZ MIESZKANIE D\"><img loading=\"lazy\" decoding=\"async\" src=\"https:\/\/www.24zabrze.pl\/wiadomosci\/wp-content\/uploads\/2026\/02\/20260415-Ogrody-Andersa-WYBIERZ-MIESZKANIE-D.jpg\" alt=\"\"  srcset=\"https:\/\/www.24zabrze.pl\/wiadomosci\/wp-content\/uploads\/2026\/02\/20260415-Ogrody-Andersa-WYBIERZ-MIESZKANIE-D.jpg 750w, https:\/\/www.24zabrze.pl\/wiadomosci\/wp-content\/uploads\/2026\/02\/20260415-Ogrody-Andersa-WYBIERZ-MIESZKANIE-D-410x109.jpg 410w\" sizes=\"(max-width: 750px) 100vw, 750px\" class=\"no-lazyload\" width=\"750\" height=\"200\"  style=\"display: inline-block; max-width: 100%; height: auto;\" \/><\/a><\/div><\/div>\n<h4>W ramach tegorocznych wybor\u00f3w wybrani zostan\u0105 radni w liczbie:<\/h4>\n<ul>\n<li>Centrum Po\u0142udnie \u2013 21 radnych,<\/li>\n<li>pozosta\u0142e dzielnice \u2013 po 15 radnych: Biskupice, Centrum P\u00f3\u0142noc, Grzybowice, Guido, Helenka, Ko\u0144czyce, Maciej\u00f3w, Makoszowy, Mikulczyce, Osiedle Miko\u0142aja Kopernika, Osiedle M\u0142odego G\u00f3rnika, Osiedle Tadeusza Kotarbi\u0144skiego, Paw\u0142\u00f3w, Poremba, Rokitnica, Sk\u0142odowskiej-Curie, \u015ar\u00f3dmie\u015bcie, Zaborze Po\u0142udnie, Zaborze P\u00f3\u0142noc oraz Zandka.<\/li>\n<\/ul>\n<p>Listy kandydat\u00f3w w poszczeg\u00f3lnych dzielnicach zosta\u0142y opublikowane na stronie internetowej Urz\u0119du Miejskiego w Zabrzu oraz na obwieszczeniach dost\u0119pnych na terenie dzielnic. W formacie PDF mo\u017cna je te\u017c pobra\u0107 tu: <a href=\"https:\/\/www.24zabrze.pl\/wiadomosci\/wp-content\/uploads\/2026\/03\/KANDYDACI_DO_RAD_2026_OBWIESZCZENIE_11_02.pdf\">KANDYDACI_DO_RAD_2026_OBWIESZCZENIE_11_02<\/a><\/p>\n<p><a href=\"https:\/\/www.24zabrze.pl\/wiadomosci\/wp-content\/uploads\/2026\/03\/KANDYDACI_DO_RAD_2026_OBWIESZCZENIE_11_02.jpg\" target=\"_blank\" rel=\"noopener\"><img loading=\"lazy\" decoding=\"async\" class=\"alignnone wp-image-116554 size-full\" src=\"https:\/\/www.24zabrze.pl\/wiadomosci\/wp-content\/uploads\/2026\/03\/KANDYDACI_DO_RAD_2026_OBWIESZCZENIE_11_02.jpg\" alt=\"\" width=\"849\" height=\"1200\" srcset=\"https:\/\/www.24zabrze.pl\/wiadomosci\/wp-content\/uploads\/2026\/03\/KANDYDACI_DO_RAD_2026_OBWIESZCZENIE_11_02.jpg 849w, https:\/\/www.24zabrze.pl\/wiadomosci\/wp-content\/uploads\/2026\/03\/KANDYDACI_DO_RAD_2026_OBWIESZCZENIE_11_02-164x232.jpg 164w, https:\/\/www.24zabrze.pl\/wiadomosci\/wp-content\/uploads\/2026\/03\/KANDYDACI_DO_RAD_2026_OBWIESZCZENIE_11_02-322x455.jpg 322w, https:\/\/www.24zabrze.pl\/wiadomosci\/wp-content\/uploads\/2026\/03\/KANDYDACI_DO_RAD_2026_OBWIESZCZENIE_11_02-768x1086.jpg 768w, https:\/\/www.24zabrze.pl\/wiadomosci\/wp-content\/uploads\/2026\/03\/KANDYDACI_DO_RAD_2026_OBWIESZCZENIE_11_02-810x1145.jpg 810w\" sizes=\"auto, (max-width: 849px) 100vw, 849px\" \/><\/a><\/p>\n<p>Miasto zach\u0119ca mieszka\u0144c\u00f3w do udzia\u0142u w wyborach i aktywnego wsp\u00f3\u0142decydowania o sprawach swoich dzielnic. G\u0142osowanie odb\u0119dzie si\u0119 22 marca 2026 roku. <a href=\"https:\/\/miastozabrze.pl\/dla-mieszkancow\/wybory-do-rad-dzielnic-2026\/informacje-ogolne\/\" target=\"_blank\">Obwieszczenia osobno dla ka\u017cdej z dzielnic mo\u017cna znale\u017a\u0107 tu.<\/a><\/p>\n<p>(\u017cms)\/UM Zabrze<br \/>\nfot. UM Zabrze<\/p>\n","protected":false},"excerpt":{"rendered":"<p>Wybory do Rad Dzielnic w Zabrzu odb\u0119d\u0105 si\u0119 w niedziel\u0119, 22 marca. To wa\u017cne wydarzenie dla mieszka\u0144c\u00f3w, kt\u00f3rzy poprzez udzia\u0142 w g\u0142osowaniu mog\u0105 bezpo\u015brednio wp\u0142ywa\u0107 na sprawy lokalne. Wybory zostan\u0105 przeprowadzone w 21 dzielnicach miasta. Rady Dzielnic s\u0105 form\u0105 samorz\u0105dno\u015bci lokalnej, kt\u00f3ra umo\u017cliwia mieszka\u0144com aktywne uczestnictwo w \u017cyciu spo\u0142eczno\u015bci oraz podejmowanie inicjatyw dotycz\u0105cych najbli\u017cszego otoczenia. [&hellip;]<\/p>\n","protected":false},"author":17,"featured_media":115492,"comment_status":"closed","ping_status":"closed","sticky":false,"template":"","format":"standard","meta":{"_monsterinsights_skip_tracking":false,"_monsterinsights_sitenote_active":false,"_monsterinsights_sitenote_note":"","_monsterinsights_sitenote_category":0,"footnotes":"","_links_to":"","_links_to_target":""},"categories":[5,8,9,1],"tags":[12805,12874],"class_list":["post-116553","post","type-post","status-publish","format-standard","has-post-thumbnail","hentry","category-prawo","category-referendum","category-stronaglowna","category-wszystko","tag-rady-dzielnic","tag-wybory"],"_links":{"self":[{"href":"https:\/\/www.24zabrze.pl\/wiadomosci\/wp-json\/wp\/v2\/posts\/116553","targetHints":{"allow":["GET"]}}],"collection":[{"href":"https:\/\/www.24zabrze.pl\/wiadomosci\/wp-json\/wp\/v2\/posts"}],"about":[{"href":"https:\/\/www.24zabrze.pl\/wiadomosci\/wp-json\/wp\/v2\/types\/post"}],"author":[{"embeddable":true,"href":"https:\/\/www.24zabrze.pl\/wiadomosci\/wp-json\/wp\/v2\/users\/17"}],"replies":[{"embeddable":true,"href":"https:\/\/www.24zabrze.pl\/wiadomosci\/wp-json\/wp\/v2\/comments?post=116553"}],"version-history":[{"count":0,"href":"https:\/\/www.24zabrze.pl\/wiadomosci\/wp-json\/wp\/v2\/posts\/116553\/revisions"}],"wp:featuredmedia":[{"embeddable":true,"href":"https:\/\/www.24zabrze.pl\/wiadomosci\/wp-json\/wp\/v2\/media\/115492"}],"wp:attachment":[{"href":"https:\/\/www.24zabrze.pl\/wiadomosci\/wp-json\/wp\/v2\/media?parent=116553"}],"wp:term":[{"taxonomy":"category","embeddable":true,"href":"https:\/\/www.24zabrze.pl\/wiadomosci\/wp-json\/wp\/v2\/categories?post=116553"},{"taxonomy":"post_tag","embeddable":true,"href":"https:\/\/www.24zabrze.pl\/wiadomosci\/wp-json\/wp\/v2\/tags?post=116553"}],"curies":[{"name":"wp","href":"https:\/\/api.w.org\/{rel}","templated":true}]}}