{"id":116550,"date":"2026-03-13T17:34:28","date_gmt":"2026-03-13T16:34:28","guid":{"rendered":"https:\/\/www.24zabrze.pl\/wiadomosci\/?p=116550"},"modified":"2026-03-13T17:34:28","modified_gmt":"2026-03-13T16:34:28","slug":"spal-na-klatce-schodowej-okazalo-sie-ze-byl-poszukiwany-policja-zatrzymala-piec-osob","status":"publish","type":"post","link":"https:\/\/www.24zabrze.pl\/wiadomosci\/spal-na-klatce-schodowej-okazalo-sie-ze-byl-poszukiwany-policja-zatrzymala-piec-osob\/","title":{"rendered":"Spa\u0142 na klatce schodowej, okaza\u0142o si\u0119, \u017ce by\u0142 poszukiwany. Policja zatrzyma\u0142a pi\u0119\u0107 os\u00f3b"},"content":{"rendered":"<div class=\"zabrz-a6-z-nad-leadem-artykulow zabrz-entity-placement\" id=\"zabrz-3208225264\"><div class=\"zabrz-adlabel\"><span style=\"font-size: 9px\">REKLAMA<\/span><\/div><div id=\"zabrz-3370903441\" style=\"margin-bottom: 30px;margin-left: auto;margin-right: auto;text-align: center;\"><a data-no-instant=\"1\" href=\"https:\/\/dom100.eu\/\" rel=\"noopener\" class=\"a2t-link\" target=\"_blank\" aria-label=\"20260415 DOM100 D\"><img loading=\"lazy\" decoding=\"async\" src=\"https:\/\/www.24zabrze.pl\/wiadomosci\/wp-content\/uploads\/2026\/02\/20260415-DOM100-D.jpg\" alt=\"\"  srcset=\"https:\/\/www.24zabrze.pl\/wiadomosci\/wp-content\/uploads\/2026\/02\/20260415-DOM100-D.jpg 750w, https:\/\/www.24zabrze.pl\/wiadomosci\/wp-content\/uploads\/2026\/02\/20260415-DOM100-D-410x109.jpg 410w\" sizes=\"(max-width: 750px) 100vw, 750px\" class=\"no-lazyload\" width=\"750\" height=\"200\"  style=\"display: inline-block; max-width: 100%; height: auto;\" \/><\/a><\/div><\/div><h2>Pi\u0119\u0107 os\u00f3b ukrywaj\u0105cych si\u0119 przed wymiarem sprawiedliwo\u015bci wpad\u0142o w r\u0119ce policji w ci\u0105gu jednej doby. Sprawy, w kt\u00f3rych ich poszukiwano, mia\u0142y r\u00f3\u017cny charakter \u2013 od uchylania si\u0119 od kary pozbawienia wolno\u015bci, przez konieczno\u015b\u0107 umieszczenia w plac\u00f3wce wychowawczej, a\u017c po \u015bciganie Europejskim Nakazem Aresztowania.<\/h2>\n<p>W\u015br\u00f3d zatrzymanych znalaz\u0142a si\u0119 37-letnia mieszkanka Zabrza. Kobieta by\u0142a poszukiwana przez wymiar sprawiedliwo\u015bci w celu odbycia zas\u0105dzonej kary pozbawienia wolno\u015bci. Jej dalsze losy zostan\u0105 teraz rozstrzygni\u0119te w zak\u0142adzie karnym, gdzie trafi\u0142a bezpo\u015brednio po zatrzymaniu.<\/p><div class=\"zabrz-a3-z-w-tresci-artykulow zabrz-entity-placement\" id=\"zabrz-2555145350\"><div class=\"zabrz-adlabel\"><span style=\"font-size: 9px\">REKLAMA<\/span><\/div><div id=\"zabrz-2295693866\" style=\"margin-bottom: 40px;margin-left: auto;margin-right: auto;text-align: center;\"><a data-no-instant=\"1\" href=\"https:\/\/ogrodyandersa.pl\/\" rel=\"noopener\" class=\"a2t-link\" target=\"_blank\" aria-label=\"20260415 Ogrody Andersa WYBIERZ MIESZKANIE D\"><img loading=\"lazy\" decoding=\"async\" src=\"https:\/\/www.24zabrze.pl\/wiadomosci\/wp-content\/uploads\/2026\/02\/20260415-Ogrody-Andersa-WYBIERZ-MIESZKANIE-D.jpg\" alt=\"\"  srcset=\"https:\/\/www.24zabrze.pl\/wiadomosci\/wp-content\/uploads\/2026\/02\/20260415-Ogrody-Andersa-WYBIERZ-MIESZKANIE-D.jpg 750w, https:\/\/www.24zabrze.pl\/wiadomosci\/wp-content\/uploads\/2026\/02\/20260415-Ogrody-Andersa-WYBIERZ-MIESZKANIE-D-410x109.jpg 410w\" sizes=\"(max-width: 750px) 100vw, 750px\" class=\"no-lazyload\" width=\"750\" height=\"200\"  style=\"display: inline-block; max-width: 100%; height: auto;\" \/><\/a><\/div><\/div>\n<blockquote><p><em>Kolejnym zatrzymanym jest 17-letni mieszkaniec naszego miasta. Nieletni by\u0142 poszukiwany na podstawie postanowienia s\u0105du rodzinnego w celu doprowadzenia do o\u015brodka wychowawczego. M\u0142ody cz\u0142owiek zosta\u0142 ju\u017c przekazany pod opiek\u0119 odpowiedniej plac\u00f3wce<\/em> <\/p><\/blockquote>\n<p>&#8211; informuje asp. <strong>Sebastian Bijok,<\/strong> oficer prasowy KMP Zabrze.<\/p>\n<p>Do niecodziennej interwencji dosz\u0142o przy ulicy 11 Listopada w Zabrzu. Tam policjanci natkn\u0119li si\u0119 na \u015bpi\u0105cego na klatce schodowej jednego z budynk\u00f3w 50-letniego m\u0119\u017cczyzn\u0119. <\/p>\n<p>&#8211; <em>Jak si\u0119 okaza\u0142o po wylegitymowaniu, m\u0119\u017cczyzna ten by\u0142 poszukiwany przez organy \u015bcigania w celu ustalenia jego miejsca pobytu. Dzi\u0119ki czujno\u015bci funkcjonariuszy, jego &#8220;tymczasowe miejsce noclegowe&#8221; szybko si\u0119 zmieni\u0142o, a on sam trafi\u0142 do policyjnego aresztu<\/em> &#8211; kontynuuje rzecznik. <\/p>\n<h4>W r\u0119ce policjant\u00f3w wpad\u0142a r\u00f3wnie\u017c 54-letnia zabrzanka. W jej przypadku skala poszukiwa\u0144 mia\u0142a charakter mi\u0119dzynarodowy. Kobieta by\u0142a bowiem \u015bcigana na podstawie Europejskiego Nakazu Aresztowania. <\/h4>\n<p>Poza granicami naszego kraju toczy\u0142o si\u0119 przeciwko niej post\u0119powanie lub mia\u0142a do odbycia kar\u0119. Po zatrzymaniu przez zabrza\u0144skich policjant\u00f3w, trafi do aresztu, sk\u0105d w najbli\u017cszym czasie zostanie przekazana funkcjonariuszom z kraju, kt\u00f3ry wyda\u0142 za ni\u0105 list go\u0144czy na terenie ca\u0142ej Unii Europejskiej.<\/p>\n<p>Na li\u015bcie zatrzymanych znalaz\u0142 si\u0119 r\u00f3wnie\u017c 30-letni mieszkaniec Zabrza. M\u0119\u017cczyzna zosta\u0142 zatrzymany przez dzielnicowych, kt\u00f3rzy podczas codziennej s\u0142u\u017cby obchodowej zweryfikowali jego dane. <\/p>\n<blockquote><p><em>Jak si\u0119 okaza\u0142o, 30-latek by\u0142 poszukiwany na podstawie nakazu doprowadzenia w celu odbycia kary pozbawienia wolno\u015bci. Dzielnicowi, b\u0119d\u0105c najbli\u017cej spo\u0142eczno\u015bci lokalnej, po raz kolejny potwierdzili, \u017ce ich rola nie ogranicza si\u0119 tylko do prewencji, ale tak\u017ce skutecznie wspieraj\u0105 pion kryminalny w eliminowaniu os\u00f3b poszukiwanych<\/em><\/p><\/blockquote>\n<p>&#8211; podkre\u015bla Bijok. <\/p>\n<p>Wszystkie zatrzymane osoby zosta\u0142y doprowadzone do policyjnego aresztu, sk\u0105d trafi\u0105 dalej \u2013 do zak\u0142ad\u00f3w karnych, areszt\u00f3w \u015bledczych, plac\u00f3wek wychowawczych lub zostan\u0105 przekazane dysponentom ENA.<\/p>\n<p>&#8211; <em>Apelujemy do mieszka\u0144c\u00f3w o przekazywanie informacji mog\u0105cych pom\u00f3c w ustaleniu miejsca pobytu os\u00f3b poszukiwanych. Wszelkie, nawet najmniejsze sygna\u0142y, mog\u0105 okaza\u0107 si\u0119 kluczowe dla skuteczno\u015bci dzia\u0142a\u0144 policji<\/em> &#8211; podsumowuje oficer prasowy.<\/p>\n<p>Z list\u0105 poszukiwanych mo\u017cna zapozna\u0107 si\u0119 na stronie <a href=\"https:\/\/poszukiwani.policja.gov.pl\/\" target=\"_blank\">https:\/\/poszukiwani.policja.gov.pl\/<\/a>. W tym samym miejscu mo\u017cna zg\u0142osi\u0107 lokalizacj\u0119, w kt\u00f3rej przebywa taka osoba. <\/p>\n<p>(\u017cms)\/KMP Zabrze<br \/>\nfot. arch. KMP Zabrze<\/p>\n","protected":false},"excerpt":{"rendered":"<p>Pi\u0119\u0107 os\u00f3b ukrywaj\u0105cych si\u0119 przed wymiarem sprawiedliwo\u015bci wpad\u0142o w r\u0119ce policji w ci\u0105gu jednej doby. Sprawy, w kt\u00f3rych ich poszukiwano, mia\u0142y r\u00f3\u017cny charakter \u2013 od uchylania si\u0119 od kary pozbawienia wolno\u015bci, przez konieczno\u015b\u0107 umieszczenia w plac\u00f3wce wychowawczej, a\u017c po \u015bciganie Europejskim Nakazem Aresztowania. W\u015br\u00f3d zatrzymanych znalaz\u0142a si\u0119 37-letnia mieszkanka Zabrza. Kobieta by\u0142a poszukiwana przez wymiar [&hellip;]<\/p>\n","protected":false},"author":17,"featured_media":86848,"comment_status":"closed","ping_status":"closed","sticky":false,"template":"","format":"standard","meta":{"_monsterinsights_skip_tracking":false,"_monsterinsights_sitenote_active":false,"_monsterinsights_sitenote_note":"","_monsterinsights_sitenote_category":0,"footnotes":"","_links_to":"","_links_to_target":""},"categories":[5,1],"tags":[12875,12876],"class_list":["post-116550","post","type-post","status-publish","format-standard","has-post-thumbnail","hentry","category-prawo","category-wszystko","tag-poszukiwani","tag-zatrzymania"],"_links":{"self":[{"href":"https:\/\/www.24zabrze.pl\/wiadomosci\/wp-json\/wp\/v2\/posts\/116550","targetHints":{"allow":["GET"]}}],"collection":[{"href":"https:\/\/www.24zabrze.pl\/wiadomosci\/wp-json\/wp\/v2\/posts"}],"about":[{"href":"https:\/\/www.24zabrze.pl\/wiadomosci\/wp-json\/wp\/v2\/types\/post"}],"author":[{"embeddable":true,"href":"https:\/\/www.24zabrze.pl\/wiadomosci\/wp-json\/wp\/v2\/users\/17"}],"replies":[{"embeddable":true,"href":"https:\/\/www.24zabrze.pl\/wiadomosci\/wp-json\/wp\/v2\/comments?post=116550"}],"version-history":[{"count":0,"href":"https:\/\/www.24zabrze.pl\/wiadomosci\/wp-json\/wp\/v2\/posts\/116550\/revisions"}],"wp:featuredmedia":[{"embeddable":true,"href":"https:\/\/www.24zabrze.pl\/wiadomosci\/wp-json\/wp\/v2\/media\/86848"}],"wp:attachment":[{"href":"https:\/\/www.24zabrze.pl\/wiadomosci\/wp-json\/wp\/v2\/media?parent=116550"}],"wp:term":[{"taxonomy":"category","embeddable":true,"href":"https:\/\/www.24zabrze.pl\/wiadomosci\/wp-json\/wp\/v2\/categories?post=116550"},{"taxonomy":"post_tag","embeddable":true,"href":"https:\/\/www.24zabrze.pl\/wiadomosci\/wp-json\/wp\/v2\/tags?post=116550"}],"curies":[{"name":"wp","href":"https:\/\/api.w.org\/{rel}","templated":true}]}}