{"id":116534,"date":"2026-03-12T14:55:54","date_gmt":"2026-03-12T13:55:54","guid":{"rendered":"https:\/\/www.24zabrze.pl\/wiadomosci\/?p=116534"},"modified":"2026-03-12T14:55:54","modified_gmt":"2026-03-12T13:55:54","slug":"mural-pocztowki-i-jubileuszowe-logo-uroczyste-rozpoczecie-obchodow-250-lecia-konczyc","status":"publish","type":"post","link":"https:\/\/www.24zabrze.pl\/wiadomosci\/mural-pocztowki-i-jubileuszowe-logo-uroczyste-rozpoczecie-obchodow-250-lecia-konczyc\/","title":{"rendered":"Mural, poczt\u00f3wki i jubileuszowe logo. Uroczyste rozpocz\u0119cie obchod\u00f3w 250-lecia Ko\u0144czyc"},"content":{"rendered":"<div class=\"zabrz-a6-z-nad-leadem-artykulow zabrz-entity-placement\" id=\"zabrz-249626461\"><div class=\"zabrz-adlabel\"><span style=\"font-size: 9px\">REKLAMA<\/span><\/div><div id=\"zabrz-238896111\" style=\"margin-bottom: 30px;margin-left: auto;margin-right: auto;text-align: center;\"><a data-no-instant=\"1\" href=\"https:\/\/dom100.eu\/\" rel=\"noopener\" class=\"a2t-link\" target=\"_blank\" aria-label=\"20260415 DOM100 D\"><img loading=\"lazy\" decoding=\"async\" src=\"https:\/\/www.24zabrze.pl\/wiadomosci\/wp-content\/uploads\/2026\/02\/20260415-DOM100-D.jpg\" alt=\"\"  srcset=\"https:\/\/www.24zabrze.pl\/wiadomosci\/wp-content\/uploads\/2026\/02\/20260415-DOM100-D.jpg 750w, https:\/\/www.24zabrze.pl\/wiadomosci\/wp-content\/uploads\/2026\/02\/20260415-DOM100-D-410x109.jpg 410w\" sizes=\"(max-width: 750px) 100vw, 750px\" class=\"no-lazyload\" width=\"750\" height=\"200\"  style=\"display: inline-block; max-width: 100%; height: auto;\" \/><\/a><\/div><\/div><h2>Ko\u0144czyce maj\u0105 ju\u017c 250 lat. Z tej okazji tamtejsza Rada Dzielnicy oraz Dzielnicowy O\u015brodek Kultury zapraszaj\u0105 mieszka\u0144c\u00f3w na uroczyste rozpocz\u0119cie obchod\u00f3w. Wydarzenie odb\u0119dzie si\u0119 w niedziel\u0119, 15 marca, o godzinie 17.00 w siedzibie DOK przy ul. Dorotki 3.<\/h2>\n<p>Podczas spotkania zaprezentowane zostanie jubileuszowe logo przygotowane przez prof. <strong>Mariana Oslislo<\/strong>, a tak\u017ce projekt muralu nawi\u0105zuj\u0105cego do historii i to\u017csamo\u015bci dzielnicy. W programie przewidziano r\u00f3wnie\u017c prezentacj\u0119 okoliczno\u015bciowych poczt\u00f3wek przygotowanych z okazji jubileuszu.<\/p><div class=\"zabrz-a3-z-w-tresci-artykulow zabrz-entity-placement\" id=\"zabrz-3289193598\"><div class=\"zabrz-adlabel\"><span style=\"font-size: 9px\">REKLAMA<\/span><\/div><div id=\"zabrz-2837026616\" style=\"margin-bottom: 40px;margin-left: auto;margin-right: auto;text-align: center;\"><a data-no-instant=\"1\" href=\"https:\/\/ogrodyandersa.pl\/\" rel=\"noopener\" class=\"a2t-link\" target=\"_blank\" aria-label=\"20260415 Ogrody Andersa WYBIERZ MIESZKANIE D\"><img loading=\"lazy\" decoding=\"async\" src=\"https:\/\/www.24zabrze.pl\/wiadomosci\/wp-content\/uploads\/2026\/02\/20260415-Ogrody-Andersa-WYBIERZ-MIESZKANIE-D.jpg\" alt=\"\"  srcset=\"https:\/\/www.24zabrze.pl\/wiadomosci\/wp-content\/uploads\/2026\/02\/20260415-Ogrody-Andersa-WYBIERZ-MIESZKANIE-D.jpg 750w, https:\/\/www.24zabrze.pl\/wiadomosci\/wp-content\/uploads\/2026\/02\/20260415-Ogrody-Andersa-WYBIERZ-MIESZKANIE-D-410x109.jpg 410w\" sizes=\"(max-width: 750px) 100vw, 750px\" class=\"no-lazyload\" width=\"750\" height=\"200\"  style=\"display: inline-block; max-width: 100%; height: auto;\" \/><\/a><\/div><\/div>\n<p>Wydarzenie b\u0119dzie symbolicznym rozpocz\u0119ciem obchod\u00f3w 250-lecia Ko\u0144czyc oraz okazj\u0105 do wsp\u00f3lnego \u015bwi\u0119towania wa\u017cnej rocznicy w historii dzielnicy.<\/p>\n<p>(\u017cms)\/UM Zabrze<\/p>\n<p><img loading=\"lazy\" decoding=\"async\" class=\"alignnone size-full\" src=\"https:\/\/miastozabrze.pl\/wp-content\/uploads\/2026\/03\/649873652_1560736029391459_6473885421633407061_n-1085x1536.jpg\" width=\"1085\" height=\"1536\" \/><\/p>\n","protected":false},"excerpt":{"rendered":"<p>Ko\u0144czyce maj\u0105 ju\u017c 250 lat. Z tej okazji tamtejsza Rada Dzielnicy oraz Dzielnicowy O\u015brodek Kultury zapraszaj\u0105 mieszka\u0144c\u00f3w na uroczyste rozpocz\u0119cie obchod\u00f3w. Wydarzenie odb\u0119dzie si\u0119 w niedziel\u0119, 15 marca, o godzinie 17.00 w siedzibie DOK przy ul. Dorotki 3. Podczas spotkania zaprezentowane zostanie jubileuszowe logo przygotowane przez prof. Mariana Oslislo, a tak\u017ce projekt muralu nawi\u0105zuj\u0105cego do [&hellip;]<\/p>\n","protected":false},"author":17,"featured_media":116535,"comment_status":"closed","ping_status":"closed","sticky":false,"template":"","format":"standard","meta":{"_monsterinsights_skip_tracking":false,"_monsterinsights_sitenote_active":false,"_monsterinsights_sitenote_note":"","_monsterinsights_sitenote_category":0,"footnotes":"","_links_to":"","_links_to_target":""},"categories":[11756,1],"tags":[12957,13010],"class_list":["post-116534","post","type-post","status-publish","format-standard","has-post-thumbnail","hentry","category-kultura","category-wszystko","tag-konczyce","tag-obchody"],"_links":{"self":[{"href":"https:\/\/www.24zabrze.pl\/wiadomosci\/wp-json\/wp\/v2\/posts\/116534","targetHints":{"allow":["GET"]}}],"collection":[{"href":"https:\/\/www.24zabrze.pl\/wiadomosci\/wp-json\/wp\/v2\/posts"}],"about":[{"href":"https:\/\/www.24zabrze.pl\/wiadomosci\/wp-json\/wp\/v2\/types\/post"}],"author":[{"embeddable":true,"href":"https:\/\/www.24zabrze.pl\/wiadomosci\/wp-json\/wp\/v2\/users\/17"}],"replies":[{"embeddable":true,"href":"https:\/\/www.24zabrze.pl\/wiadomosci\/wp-json\/wp\/v2\/comments?post=116534"}],"version-history":[{"count":0,"href":"https:\/\/www.24zabrze.pl\/wiadomosci\/wp-json\/wp\/v2\/posts\/116534\/revisions"}],"wp:featuredmedia":[{"embeddable":true,"href":"https:\/\/www.24zabrze.pl\/wiadomosci\/wp-json\/wp\/v2\/media\/116535"}],"wp:attachment":[{"href":"https:\/\/www.24zabrze.pl\/wiadomosci\/wp-json\/wp\/v2\/media?parent=116534"}],"wp:term":[{"taxonomy":"category","embeddable":true,"href":"https:\/\/www.24zabrze.pl\/wiadomosci\/wp-json\/wp\/v2\/categories?post=116534"},{"taxonomy":"post_tag","embeddable":true,"href":"https:\/\/www.24zabrze.pl\/wiadomosci\/wp-json\/wp\/v2\/tags?post=116534"}],"curies":[{"name":"wp","href":"https:\/\/api.w.org\/{rel}","templated":true}]}}