{"id":116522,"date":"2026-03-12T11:12:56","date_gmt":"2026-03-12T10:12:56","guid":{"rendered":"https:\/\/www.24zabrze.pl\/wiadomosci\/?p=116522"},"modified":"2026-03-12T11:13:08","modified_gmt":"2026-03-12T10:13:08","slug":"poszukiwany-za-gwalt-zabrzanin-zatrzymany-przez-lowcow-glow-czekaja-go-dwa-lata-odsiadki","status":"publish","type":"post","link":"https:\/\/www.24zabrze.pl\/wiadomosci\/poszukiwany-za-gwalt-zabrzanin-zatrzymany-przez-lowcow-glow-czekaja-go-dwa-lata-odsiadki\/","title":{"rendered":"Poszukiwany za gwa\u0142t Zabrzanin zatrzymany przez &#8220;\u0141owc\u00f3w g\u0142\u00f3w&#8221;. Czekaj\u0105 go dwa lata &#8220;odsiadki&#8221;"},"content":{"rendered":"<div class=\"zabrz-a6-z-nad-leadem-artykulow zabrz-entity-placement\" id=\"zabrz-3582742317\"><div class=\"zabrz-adlabel\"><span style=\"font-size: 9px\">REKLAMA<\/span><\/div><div id=\"zabrz-4016906970\" style=\"margin-bottom: 30px;margin-left: auto;margin-right: auto;text-align: center;\"><a data-no-instant=\"1\" href=\"https:\/\/dom100.eu\/\" rel=\"noopener\" class=\"a2t-link\" target=\"_blank\" aria-label=\"20260415 DOM100 D\"><img loading=\"lazy\" decoding=\"async\" src=\"https:\/\/www.24zabrze.pl\/wiadomosci\/wp-content\/uploads\/2026\/02\/20260415-DOM100-D.jpg\" alt=\"\"  srcset=\"https:\/\/www.24zabrze.pl\/wiadomosci\/wp-content\/uploads\/2026\/02\/20260415-DOM100-D.jpg 750w, https:\/\/www.24zabrze.pl\/wiadomosci\/wp-content\/uploads\/2026\/02\/20260415-DOM100-D-410x109.jpg 410w\" sizes=\"(max-width: 750px) 100vw, 750px\" class=\"no-lazyload\" width=\"750\" height=\"200\"  style=\"display: inline-block; max-width: 100%; height: auto;\" \/><\/a><\/div><\/div><div style=\"width: 640px;\" class=\"wp-video\"><video class=\"wp-video-shortcode\" id=\"video-116522-1\" width=\"640\" height=\"360\" preload=\"metadata\" controls=\"controls\"><source type=\"video\/mp4\" src=\"https:\/\/slaska.policja.gov.pl\/dokumenty\/zalaczniki\/35\/35-925458.mp4?_=1\" \/><a href=\"https:\/\/slaska.policja.gov.pl\/dokumenty\/zalaczniki\/35\/35-925458.mp4\">https:\/\/slaska.policja.gov.pl\/dokumenty\/zalaczniki\/35\/35-925458.mp4<\/a><\/video><\/div>\n<h2>\u015al\u0105scy &#8220;\u0142owcy g\u0142\u00f3w&#8221; zatrzymali 32-letniego mieszka\u0144ca Zabrza, kt\u00f3ry od grudnia 2025 roku ukrywa\u0142 si\u0119 przed wymiarem sprawiedliwo\u015bci. M\u0119\u017cczyzna by\u0142 poszukiwany listem go\u0144czym za zgwa\u0142cenie kobiety. Zatrzymanego przewieziono do aresztu \u015bledczego, gdzie odb\u0119dzie kar\u0119 2 lat wi\u0119zienia.<\/h2>\n<p>Policjanci z Wydzia\u0142u Poszukiwa\u0144 i Identyfikacji Os\u00f3b Komendy Wojew\u00f3dzkiej Policji w Katowicach przej\u0119li spraw\u0119 poszukiwa\u0144 32-latka, podejrzanego o zgwa\u0142cenie kobiety pod koniec marca 2023 roku w Zabrzu. M\u0119\u017cczyzna by\u0142 \u015bcigany od 10 grudnia 2025 roku listem go\u0144czym, wydanym przez S\u0105d Rejonowy w Zabrzu. <\/p><div class=\"zabrz-a3-z-w-tresci-artykulow zabrz-entity-placement\" id=\"zabrz-1829669877\"><div class=\"zabrz-adlabel\"><span style=\"font-size: 9px\">REKLAMA<\/span><\/div><div id=\"zabrz-2641426981\" style=\"margin-bottom: 40px;margin-left: auto;margin-right: auto;text-align: center;\"><a data-no-instant=\"1\" href=\"https:\/\/ogrodyandersa.pl\/\" rel=\"noopener\" class=\"a2t-link\" target=\"_blank\" aria-label=\"20260415 Ogrody Andersa WYBIERZ MIESZKANIE D\"><img loading=\"lazy\" decoding=\"async\" src=\"https:\/\/www.24zabrze.pl\/wiadomosci\/wp-content\/uploads\/2026\/02\/20260415-Ogrody-Andersa-WYBIERZ-MIESZKANIE-D.jpg\" alt=\"\"  srcset=\"https:\/\/www.24zabrze.pl\/wiadomosci\/wp-content\/uploads\/2026\/02\/20260415-Ogrody-Andersa-WYBIERZ-MIESZKANIE-D.jpg 750w, https:\/\/www.24zabrze.pl\/wiadomosci\/wp-content\/uploads\/2026\/02\/20260415-Ogrody-Andersa-WYBIERZ-MIESZKANIE-D-410x109.jpg 410w\" sizes=\"(max-width: 750px) 100vw, 750px\" class=\"no-lazyload\" width=\"750\" height=\"200\"  style=\"display: inline-block; max-width: 100%; height: auto;\" \/><\/a><\/div><\/div>\n<blockquote><p><em>Za wszelk\u0105 cen\u0119 pr\u00f3bowa\u0142 on unikn\u0105\u0107 odpowiedzialno\u015bci karnej, zmieniaj\u0105c w tym celu miejsca zamieszkania oraz podaj\u0105c fa\u0142szywe adresy. \u015al\u0105scy \u201e\u0142owcy g\u0142\u00f3w\u201d ustalili jednak, \u017ce m\u0119\u017cczyzna mo\u017ce przebywa\u0107 w D\u0105browie G\u00f3rniczej. W\u0142a\u015bnie tam na pocz\u0105tku marca zosta\u0142 przez nich namierzony i zatrzymany. By\u0142 wyra\u017anie zaskoczony dzia\u0142aniami policjant\u00f3w, ale nie stawia\u0142 oporu<\/em> <\/p><\/blockquote>\n<p>&#8211; relacjonuje \u015al\u0105ska Policja. <\/p>\n<p>32-latek zosta\u0142 doprowadzony do Aresztu \u015aledczego w Tarnowskich G\u00f3rach, celem odbycia kary dw\u00f3ch lat wi\u0119zienia.<\/p>\n<p><img loading=\"lazy\" decoding=\"async\" src=\"https:\/\/www.24zabrze.pl\/wiadomosci\/wp-content\/uploads\/2026\/03\/POSZUKIWANY-ZA-GWALT2.jpg\" alt=\"\" width=\"608\" height=\"810\" class=\"alignnone size-full wp-image-116526\" srcset=\"https:\/\/www.24zabrze.pl\/wiadomosci\/wp-content\/uploads\/2026\/03\/POSZUKIWANY-ZA-GWALT2.jpg 608w, https:\/\/www.24zabrze.pl\/wiadomosci\/wp-content\/uploads\/2026\/03\/POSZUKIWANY-ZA-GWALT2-174x232.jpg 174w, https:\/\/www.24zabrze.pl\/wiadomosci\/wp-content\/uploads\/2026\/03\/POSZUKIWANY-ZA-GWALT2-342x455.jpg 342w\" sizes=\"auto, (max-width: 608px) 100vw, 608px\" \/><\/p>\n<p>\u201e\u0141owcy g\u0142\u00f3w\u201d z katowickiej komendy wojew\u00f3dzkiej, to do\u015bwiadczeni str\u00f3\u017ce prawa, specjalizuj\u0105cy si\u0119 w lokalizowaniu i zatrzymywaniu os\u00f3b poszukiwanych za pope\u0142nienie najci\u0119\u017cszych przest\u0119pstw.<br \/>\nIch dzia\u0142ania cz\u0119sto maj\u0105 charakter mi\u0119dzynarodowy, wymagaj\u0105 wielomiesi\u0119cznej pracy, analizy zgromadzonych informacji oraz \u015bcis\u0142ej wsp\u00f3\u0142pracy z innymi s\u0142u\u017cbami w kraju i za granic\u0105.<\/p>\n<p>(\u017cms)\/\u015al\u0105ska Policja<br \/>\nfot. \u015al\u0105ska Policja<\/p>\n","protected":false},"excerpt":{"rendered":"<p>\u015al\u0105scy &#8220;\u0142owcy g\u0142\u00f3w&#8221; zatrzymali 32-letniego mieszka\u0144ca Zabrza, kt\u00f3ry od grudnia 2025 roku ukrywa\u0142 si\u0119 przed wymiarem sprawiedliwo\u015bci. M\u0119\u017cczyzna by\u0142 poszukiwany listem go\u0144czym za zgwa\u0142cenie kobiety. Zatrzymanego przewieziono do aresztu \u015bledczego, gdzie odb\u0119dzie kar\u0119 2 lat wi\u0119zienia. Policjanci z Wydzia\u0142u Poszukiwa\u0144 i Identyfikacji Os\u00f3b Komendy Wojew\u00f3dzkiej Policji w Katowicach przej\u0119li spraw\u0119 poszukiwa\u0144 32-latka, podejrzanego o zgwa\u0142cenie [&hellip;]<\/p>\n","protected":false},"author":17,"featured_media":116525,"comment_status":"closed","ping_status":"closed","sticky":false,"template":"","format":"video","meta":{"_monsterinsights_skip_tracking":false,"_monsterinsights_sitenote_active":false,"_monsterinsights_sitenote_note":"","_monsterinsights_sitenote_category":0,"footnotes":"","_links_to":"","_links_to_target":""},"categories":[5,9,1],"tags":[13006,13007],"class_list":["post-116522","post","type-post","status-publish","format-video","has-post-thumbnail","hentry","category-prawo","category-stronaglowna","category-wszystko","tag-gwalt","tag-lowcy-glow","post_format-post-format-video"],"_links":{"self":[{"href":"https:\/\/www.24zabrze.pl\/wiadomosci\/wp-json\/wp\/v2\/posts\/116522","targetHints":{"allow":["GET"]}}],"collection":[{"href":"https:\/\/www.24zabrze.pl\/wiadomosci\/wp-json\/wp\/v2\/posts"}],"about":[{"href":"https:\/\/www.24zabrze.pl\/wiadomosci\/wp-json\/wp\/v2\/types\/post"}],"author":[{"embeddable":true,"href":"https:\/\/www.24zabrze.pl\/wiadomosci\/wp-json\/wp\/v2\/users\/17"}],"replies":[{"embeddable":true,"href":"https:\/\/www.24zabrze.pl\/wiadomosci\/wp-json\/wp\/v2\/comments?post=116522"}],"version-history":[{"count":0,"href":"https:\/\/www.24zabrze.pl\/wiadomosci\/wp-json\/wp\/v2\/posts\/116522\/revisions"}],"wp:featuredmedia":[{"embeddable":true,"href":"https:\/\/www.24zabrze.pl\/wiadomosci\/wp-json\/wp\/v2\/media\/116525"}],"wp:attachment":[{"href":"https:\/\/www.24zabrze.pl\/wiadomosci\/wp-json\/wp\/v2\/media?parent=116522"}],"wp:term":[{"taxonomy":"category","embeddable":true,"href":"https:\/\/www.24zabrze.pl\/wiadomosci\/wp-json\/wp\/v2\/categories?post=116522"},{"taxonomy":"post_tag","embeddable":true,"href":"https:\/\/www.24zabrze.pl\/wiadomosci\/wp-json\/wp\/v2\/tags?post=116522"}],"curies":[{"name":"wp","href":"https:\/\/api.w.org\/{rel}","templated":true}]}}