{"id":116489,"date":"2026-03-09T14:32:35","date_gmt":"2026-03-09T13:32:35","guid":{"rendered":"https:\/\/www.24zabrze.pl\/wiadomosci\/?p=116489"},"modified":"2026-03-09T14:33:54","modified_gmt":"2026-03-09T13:33:54","slug":"gielda-bizuterii-mineralow-i-skamienialosci-geoexpo-juz-w-najblizszy-weekend","status":"publish","type":"post","link":"https:\/\/www.24zabrze.pl\/wiadomosci\/gielda-bizuterii-mineralow-i-skamienialosci-geoexpo-juz-w-najblizszy-weekend\/","title":{"rendered":"Gie\u0142da Bi\u017cuterii, Minera\u0142\u00f3w i Skamienia\u0142o\u015bci GeoExpo ju\u017c w najbli\u017cszy weekend"},"content":{"rendered":"<div class=\"zabrz-a6-z-nad-leadem-artykulow zabrz-entity-placement\" id=\"zabrz-947575858\"><div class=\"zabrz-adlabel\"><span style=\"font-size: 9px\">REKLAMA<\/span><\/div><div id=\"zabrz-4241133167\" style=\"margin-bottom: 30px;margin-left: auto;margin-right: auto;text-align: center;\"><a data-no-instant=\"1\" href=\"https:\/\/dom100.eu\/\" rel=\"noopener\" class=\"a2t-link\" target=\"_blank\" aria-label=\"20260415 DOM100 D\"><img loading=\"lazy\" decoding=\"async\" src=\"https:\/\/www.24zabrze.pl\/wiadomosci\/wp-content\/uploads\/2026\/02\/20260415-DOM100-D.jpg\" alt=\"\"  srcset=\"https:\/\/www.24zabrze.pl\/wiadomosci\/wp-content\/uploads\/2026\/02\/20260415-DOM100-D.jpg 750w, https:\/\/www.24zabrze.pl\/wiadomosci\/wp-content\/uploads\/2026\/02\/20260415-DOM100-D-410x109.jpg 410w\" sizes=\"(max-width: 750px) 100vw, 750px\" class=\"no-lazyload\" width=\"750\" height=\"200\"  style=\"display: inline-block; max-width: 100%; height: auto;\" \/><\/a><\/div><\/div><h2>Minera\u0142y, skamienia\u0142o\u015bci, meteoryty i autorska bi\u017cuteria \u2014 wydarzenie, kt\u00f3re od lat cieszy si\u0119 popularno\u015bci\u0105, zn\u00f3w zaprasza kolekcjoner\u00f3w i mi\u0142o\u015bnik\u00f3w unikat\u00f3w. W nadchodz\u0105cy weekend 14-15 marca w gliwickiej Hali G\u00f3rnych Wa\u0142\u00f3w odb\u0119dzie si\u0119  Gie\u0142da Bi\u017cuterii, Minera\u0142\u00f3w i Skamienia\u0142o\u015bci GeoExpo!<\/h2>\n<p><!--more--><\/p>\n<p>Gie\u0142da Bi\u017cuterii, Minera\u0142\u00f3w i Skamienia\u0142o\u015bci GeoExpo to wydarzenie na styku nauki, kolekcjonerstwa i sztuki u\u017cytkowej. Przestrze\u0144, w kt\u00f3rej materia opowiada histori\u0119 d\u0142u\u017csz\u0105 ni\u017c ludzka pami\u0119\u0107 \u2014 zapisan\u0105 w strukturze kamienia, w \u015bladach \u017cycia sprzed milion\u00f3w lat i w formach, kt\u00f3re nie poddaj\u0105 si\u0119 masowej estetyce.<\/p><div class=\"zabrz-a3-z-w-tresci-artykulow zabrz-entity-placement\" id=\"zabrz-1759095570\"><div class=\"zabrz-adlabel\"><span style=\"font-size: 9px\">REKLAMA<\/span><\/div><div id=\"zabrz-2192954390\" style=\"margin-bottom: 40px;margin-left: auto;margin-right: auto;text-align: center;\"><a data-no-instant=\"1\" href=\"https:\/\/ogrodyandersa.pl\/\" rel=\"noopener\" class=\"a2t-link\" target=\"_blank\" aria-label=\"20260415 Ogrody Andersa WYBIERZ MIESZKANIE D\"><img loading=\"lazy\" decoding=\"async\" src=\"https:\/\/www.24zabrze.pl\/wiadomosci\/wp-content\/uploads\/2026\/02\/20260415-Ogrody-Andersa-WYBIERZ-MIESZKANIE-D.jpg\" alt=\"\"  srcset=\"https:\/\/www.24zabrze.pl\/wiadomosci\/wp-content\/uploads\/2026\/02\/20260415-Ogrody-Andersa-WYBIERZ-MIESZKANIE-D.jpg 750w, https:\/\/www.24zabrze.pl\/wiadomosci\/wp-content\/uploads\/2026\/02\/20260415-Ogrody-Andersa-WYBIERZ-MIESZKANIE-D-410x109.jpg 410w\" sizes=\"(max-width: 750px) 100vw, 750px\" class=\"no-lazyload\" width=\"750\" height=\"200\"  style=\"display: inline-block; max-width: 100%; height: auto;\" \/><\/a><\/div><\/div>\n<h5>Na stoiskach mo\u017cna znale\u017a\u0107 minera\u0142y, skamienia\u0142o\u015bci i obiekty o wyj\u0105tkowym pochodzeniu: meteoryty, bursztyny, kamienie szlachetne, a tak\u017ce autentyczne szcz\u0105tki prehistorycznych organizm\u00f3w, w tym ko\u015bci dinozaur\u00f3w. <\/h5>\n<p>To nie s\u0105 eksponaty za szk\u0142em \u2014 to przedmioty, kt\u00f3re mo\u017cna zobaczy\u0107 z bliska, dotkn\u0105\u0107 i zrozumie\u0107 ich genez\u0119.<\/p>\n<p><a href=\"https:\/\/www.24gliwice.pl\/wiadomosci\/wp-content\/uploads\/2026\/03\/geoexpo3.jpg\"><img loading=\"lazy\" decoding=\"async\" src=\"https:\/\/www.24gliwice.pl\/wiadomosci\/wp-content\/uploads\/2026\/03\/geoexpo3.jpg\" alt=\"\" width=\"810\" height=\"424\" class=\"alignnone size-full wp-image-267481\" \/><\/a><\/p>\n<p>Integraln\u0105 cz\u0119\u015bci\u0105 wydarzenia jest autorska bi\u017cuteria \u2014 tworzona z my\u015bl\u0105 o osobach poszukuj\u0105cych form nieoczywistych. Srebro, stal, tytan czy mied\u017a \u0142\u0105czone s\u0105 tu z naturalnymi kamieniami w projektach balansuj\u0105cych pomi\u0119dzy rzemios\u0142em a ma\u0142\u0105 rze\u017ab\u0105. Ka\u017cdy obiekt jest unikatowy i powsta\u0142 poza systemem seryjnej produkcji \u2014 tych form nie znajdziesz w sieciowych sklepach ani katalogach.<\/p>\n<p><a href=\"https:\/\/www.24gliwice.pl\/wiadomosci\/wp-content\/uploads\/2026\/03\/geoexpo4.jpg\"><img loading=\"lazy\" decoding=\"async\" src=\"https:\/\/www.24gliwice.pl\/wiadomosci\/wp-content\/uploads\/2026\/03\/geoexpo4.jpg\" alt=\"\" width=\"810\" height=\"424\" class=\"alignnone size-full wp-image-267482\" \/><\/a><\/p>\n<p>Od 2005 roku GeoExpo gromadzi kolekcjoner\u00f3w, geolog\u00f3w, artyst\u00f3w i pasjonat\u00f3w z Polski i zagranicy. To wydarzenie o charakterze wymiany \u2014 wiedzy, do\u015bwiadcze\u0144 i fascynacji \u015bwiatem natury. Mo\u017cliwo\u015b\u0107 rozmowy ze specjalistami pozwala nie tylko pog\u0142\u0119bi\u0107 w\u0142asne zainteresowania, ale tak\u017ce skonsultowa\u0107 prywatne znaleziska i spojrze\u0107 na nie z naukowej perspektywy.<\/p>\n<h4>GeoExpo ma r\u00f3wnie\u017c wymiar edukacyjny i mi\u0119dzypokoleniowy. To propozycja dla rodzin, kt\u00f3re chc\u0105 sp\u0119dzi\u0107 czas w spos\u00f3b anga\u017cuj\u0105cy i inspiruj\u0105cy.<\/h4>\n<p>Mog\u0105 tam zobaczy\u0107 na \u017cywo obiekty pochodz\u0105ce z kosmosu i prehistorii, zrozumie\u0107 procesy geologiczne i odkry\u0107, \u017ce Ziemia sama w sobie jest najwi\u0119ksz\u0105 kolekcj\u0105 niezwyk\u0142o\u015bci. <\/p>\n<p><a href=\"https:\/\/www.24gliwice.pl\/wiadomosci\/wp-content\/uploads\/2026\/03\/geoexpo6.jpg\"><img loading=\"lazy\" decoding=\"async\" src=\"https:\/\/www.24gliwice.pl\/wiadomosci\/wp-content\/uploads\/2026\/03\/geoexpo6.jpg\" alt=\"\" width=\"810\" height=\"424\" class=\"alignnone size-full wp-image-267484\" \/><\/a><\/p>\n<p>Wi\u0119cej szczeg\u00f3\u0142\u00f3w znajdziesz na stronie wydarzenia: <a href=\"https:\/\/fb.me\/e\/4bbCAg5ZY\" target=\"_blank\">https:\/\/fb.me\/e\/4bbCAg5ZY<\/a> oraz na <a href=\"http:\/\/www.geoexpo.eu\" target=\"_blank\">www.geoexpo.eu<\/a>. Kupuj\u0105c bilet na wydarzenie mo\u017cesz wzi\u0105\u0107 udzia\u0142 w konkursie w kt\u00f3rym do wygrania jest wyj\u0105tkowa nagroda \u2013 Z\u0142ota Moneta!<\/p>\n<p><a href=\"https:\/\/www.24gliwice.pl\/wiadomosci\/wp-content\/uploads\/2026\/03\/geoexpo7.jpg\"><img loading=\"lazy\" decoding=\"async\" src=\"https:\/\/www.24gliwice.pl\/wiadomosci\/wp-content\/uploads\/2026\/03\/geoexpo7.jpg\" alt=\"\" width=\"810\" height=\"424\" class=\"alignnone size-full wp-image-267485\" \/><\/a><\/p>\n<h4>CO, GDZIE, KIEDY?<\/h4>\n<ul>\n<li>14-15 marca (sobota i niedziela);<\/li>\n<li>Hala Sportowa, ul. G\u00f3rnych Wa\u0142\u00f3w 29, Gliwice;<\/li>\n<li>Wst\u0119p w godzinach 10:00 &#8211; 18:00.<\/li>\n<\/ul>\n<p><a href=\"https:\/\/www.24gliwice.pl\/wiadomosci\/wp-content\/uploads\/2026\/03\/geoexpo-banner2.jpg\"><img loading=\"lazy\" decoding=\"async\" src=\"https:\/\/www.24gliwice.pl\/wiadomosci\/wp-content\/uploads\/2026\/03\/geoexpo-banner2.jpg\" alt=\"\" width=\"810\" height=\"424\" class=\"alignnone size-full wp-image-267480\" \/><\/a><\/p>\n<h5>BILETY<\/h5>\n<p>Bilety uprawniaj\u0105 do jednorazowego wst\u0119pu na imprez\u0119 i s\u0105 do kupienia w kasach w dniu wydarzenia lub online za po\u015brednictwem strony: <a href=\"http:\/\/www.geoexpo.eu\" target=\"_blank\">www.geoexpo.eu<\/a>. Ceny:<\/p>\n<ul>\n<li>Normalny &#8211; 20 z\u0142,<\/li>\n<li>Ulgowy &#8211; 15 z\u0142 (emeryci, renci\u015bci, m\u0142odzie\u017c do 18-tego roku \u017cycia oraz osoby z orzeczeniem o niepe\u0142nosprawno\u015bci),<\/li>\n<li>Bezp\u0142atnie &#8211; dzieci do 5 lat.<\/li>\n<\/ul>\n<p><a href=\"https:\/\/www.24gliwice.pl\/wiadomosci\/wp-content\/uploads\/2026\/03\/geoexpo-banner.jpg\"><img loading=\"lazy\" decoding=\"async\" src=\"https:\/\/www.24gliwice.pl\/wiadomosci\/wp-content\/uploads\/2026\/03\/geoexpo-banner.jpg\" alt=\"\" width=\"810\" height=\"424\" class=\"alignnone size-full wp-image-267479\" \/><\/a><\/p>\n<p><small>materia\u0142 partnera<\/small><\/p>\n","protected":false},"excerpt":{"rendered":"<p>Minera\u0142y, skamienia\u0142o\u015bci, meteoryty i autorska bi\u017cuteria \u2014 wydarzenie, kt\u00f3re od lat cieszy si\u0119 popularno\u015bci\u0105, zn\u00f3w zaprasza kolekcjoner\u00f3w i mi\u0142o\u015bnik\u00f3w unikat\u00f3w. W nadchodz\u0105cy weekend 14-15 marca w gliwickiej Hali G\u00f3rnych Wa\u0142\u00f3w odb\u0119dzie si\u0119 Gie\u0142da Bi\u017cuterii, Minera\u0142\u00f3w i Skamienia\u0142o\u015bci GeoExpo!<\/p>\n","protected":false},"author":17,"featured_media":116491,"comment_status":"closed","ping_status":"closed","sticky":false,"template":"","format":"standard","meta":{"_monsterinsights_skip_tracking":false,"_monsterinsights_sitenote_active":false,"_monsterinsights_sitenote_note":"","_monsterinsights_sitenote_category":0,"footnotes":"","_links_to":"","_links_to_target":""},"categories":[11756,1],"tags":[12998,12997,12996],"class_list":["post-116489","post","type-post","status-publish","format-standard","has-post-thumbnail","hentry","category-kultura","category-wszystko","tag-noads","tag-geoexpo","tag-gielda-mineralow"],"_links":{"self":[{"href":"https:\/\/www.24zabrze.pl\/wiadomosci\/wp-json\/wp\/v2\/posts\/116489","targetHints":{"allow":["GET"]}}],"collection":[{"href":"https:\/\/www.24zabrze.pl\/wiadomosci\/wp-json\/wp\/v2\/posts"}],"about":[{"href":"https:\/\/www.24zabrze.pl\/wiadomosci\/wp-json\/wp\/v2\/types\/post"}],"author":[{"embeddable":true,"href":"https:\/\/www.24zabrze.pl\/wiadomosci\/wp-json\/wp\/v2\/users\/17"}],"replies":[{"embeddable":true,"href":"https:\/\/www.24zabrze.pl\/wiadomosci\/wp-json\/wp\/v2\/comments?post=116489"}],"version-history":[{"count":0,"href":"https:\/\/www.24zabrze.pl\/wiadomosci\/wp-json\/wp\/v2\/posts\/116489\/revisions"}],"wp:featuredmedia":[{"embeddable":true,"href":"https:\/\/www.24zabrze.pl\/wiadomosci\/wp-json\/wp\/v2\/media\/116491"}],"wp:attachment":[{"href":"https:\/\/www.24zabrze.pl\/wiadomosci\/wp-json\/wp\/v2\/media?parent=116489"}],"wp:term":[{"taxonomy":"category","embeddable":true,"href":"https:\/\/www.24zabrze.pl\/wiadomosci\/wp-json\/wp\/v2\/categories?post=116489"},{"taxonomy":"post_tag","embeddable":true,"href":"https:\/\/www.24zabrze.pl\/wiadomosci\/wp-json\/wp\/v2\/tags?post=116489"}],"curies":[{"name":"wp","href":"https:\/\/api.w.org\/{rel}","templated":true}]}}