{"id":116488,"date":"2026-03-09T14:47:29","date_gmt":"2026-03-09T13:47:29","guid":{"rendered":"https:\/\/www.24zabrze.pl\/wiadomosci\/?p=116488"},"modified":"2026-03-09T14:47:29","modified_gmt":"2026-03-09T13:47:29","slug":"dni-otwarte-w-kampusach-politechniki-slaskiej-to-okazja-do-zapoznania-sie-z-oferta-ksztalcenia","status":"publish","type":"post","link":"https:\/\/www.24zabrze.pl\/wiadomosci\/dni-otwarte-w-kampusach-politechniki-slaskiej-to-okazja-do-zapoznania-sie-z-oferta-ksztalcenia\/","title":{"rendered":"Dni Otwarte w kampusach Politechniki \u015al\u0105skiej. To okazja do zapoznania si\u0119 z ofert\u0105 kszta\u0142cenia"},"content":{"rendered":"<div class=\"zabrz-a6-z-nad-leadem-artykulow zabrz-entity-placement\" id=\"zabrz-3415451681\"><div class=\"zabrz-adlabel\"><span style=\"font-size: 9px\">REKLAMA<\/span><\/div><div id=\"zabrz-4150639762\" style=\"margin-bottom: 30px;margin-left: auto;margin-right: auto;text-align: center;\"><a data-no-instant=\"1\" href=\"https:\/\/dom100.eu\/\" rel=\"noopener\" class=\"a2t-link\" target=\"_blank\" aria-label=\"20260415 DOM100 D\"><img loading=\"lazy\" decoding=\"async\" src=\"https:\/\/www.24zabrze.pl\/wiadomosci\/wp-content\/uploads\/2026\/02\/20260415-DOM100-D.jpg\" alt=\"\"  srcset=\"https:\/\/www.24zabrze.pl\/wiadomosci\/wp-content\/uploads\/2026\/02\/20260415-DOM100-D.jpg 750w, https:\/\/www.24zabrze.pl\/wiadomosci\/wp-content\/uploads\/2026\/02\/20260415-DOM100-D-410x109.jpg 410w\" sizes=\"(max-width: 750px) 100vw, 750px\" class=\"no-lazyload\" width=\"750\" height=\"200\"  style=\"display: inline-block; max-width: 100%; height: auto;\" \/><\/a><\/div><\/div><h2>Uczniowie szk\u00f3\u0142 ponadpodstawowych, kt\u00f3rzy zastanawiaj\u0105 si\u0119 nad wyborem dalszej drogi kszta\u0142cenia, mog\u0105 zapozna\u0107 si\u0119 z ofert\u0105 studi\u00f3w na Politechnice \u015al\u0105skiej. Dni Otwarte odb\u0119d\u0105 si\u0119 od 10 do 13 marca na kampusach w Gliwicach, Zabrzu, Katowicach i Rybniku.<\/h2>\n<p>To wyj\u0105tkowa szansa, aby uczniowie mogli pozna\u0107 kierunki studi\u00f3w, odwiedzi\u0107 laboratoria, porozmawia\u0107 ze studentami i wyk\u0142adowcami, a tak\u017ce wzi\u0105\u0107 udzia\u0142 w warsztatach i pokazach. <\/p><div class=\"zabrz-a3-z-w-tresci-artykulow zabrz-entity-placement\" id=\"zabrz-3238602161\"><div class=\"zabrz-adlabel\"><span style=\"font-size: 9px\">REKLAMA<\/span><\/div><div id=\"zabrz-3927839476\" style=\"margin-bottom: 40px;margin-left: auto;margin-right: auto;text-align: center;\"><a data-no-instant=\"1\" href=\"https:\/\/ogrodyandersa.pl\/\" rel=\"noopener\" class=\"a2t-link\" target=\"_blank\" aria-label=\"20260415 Ogrody Andersa WYBIERZ MIESZKANIE D\"><img loading=\"lazy\" decoding=\"async\" src=\"https:\/\/www.24zabrze.pl\/wiadomosci\/wp-content\/uploads\/2026\/02\/20260415-Ogrody-Andersa-WYBIERZ-MIESZKANIE-D.jpg\" alt=\"\"  srcset=\"https:\/\/www.24zabrze.pl\/wiadomosci\/wp-content\/uploads\/2026\/02\/20260415-Ogrody-Andersa-WYBIERZ-MIESZKANIE-D.jpg 750w, https:\/\/www.24zabrze.pl\/wiadomosci\/wp-content\/uploads\/2026\/02\/20260415-Ogrody-Andersa-WYBIERZ-MIESZKANIE-D-410x109.jpg 410w\" sizes=\"(max-width: 750px) 100vw, 750px\" class=\"no-lazyload\" width=\"750\" height=\"200\"  style=\"display: inline-block; max-width: 100%; height: auto;\" \/><\/a><\/div><\/div>\n<p>&#8211; <em>Zach\u0119camy do udzia\u0142u w Dniach Otwartych zar\u00f3wno grupy zorganizowane, jak i uczni\u00f3w indywidualnych. To wydarzenie dla wszystkich, kt\u00f3rzy chc\u0105 odkry\u0107 \u015bwiat nauki i technologii oraz pozna\u0107 ofert\u0119 edukacyjn\u0105 jednej z najlepszych Uczelni w Polsce<\/em> &#8211; informuje Politechnika \u015al\u0105ska. <\/p>\n<h4>Plan Dni Otwartych<\/h4>\n<p><strong>10 marca, godz. 9.00 \u2013 Gliwice, Centrum Edukacyjno-Kongresowe Politechniki \u015al\u0105skiej (ul. Konarskiego 18B).<\/strong><\/p>\n<p>Na uczni\u00f3w czeka\u0107 b\u0119d\u0105 stoiska prezentuj\u0105ce wszystkie wydzia\u0142y Uczelni. Nie zabraknie te\u017c wyk\u0142ad\u00f3w, prelekcji i rozm\u00f3w ze studentami i wyk\u0142adowcami. Tego dnia b\u0119dzie mo\u017cna te\u017c zajrze\u0107 do sal wyk\u0142adowych i laboratori\u00f3w na terenie ca\u0142ego kampusu.<\/p>\n<p><strong>11 marca, godz. 9.00 \u2013 Katowice (ul. Krasi\u0144skiego 8, Katowice)<\/strong><\/p>\n<p>Podczas tego wydarzenia swoj\u0105 ofert\u0119 zaprezentuj\u0105 dzia\u0142aj\u0105ce na co dzie\u0144 w katowickim kampusie: Wydzia\u0142 In\u017cynierii Materia\u0142owej i Cyfryzacji Przemys\u0142u, Wydzia\u0142 Transportu i In\u017cynierii Lotniczej, Wydzia\u0142 Automatyki, Elektroniki i Informatyki i Wydzia\u0142 Architektury. Jednak podczas Dni Otwartych obecne b\u0119d\u0105 r\u00f3wnie\u017c inne nasze Wydzia\u0142y. Bez wzgl\u0119du na to, jaki kierunek interesuje uczni\u00f3w, warto przyj\u015b\u0107 i zapozna\u0107 si\u0119 z ofert\u0105 kszta\u0142cenia.<\/p>\n<p><strong>12 marca, godz. 9.00 \u2013 Zabrze (ul. Roosevelta 40a, Zabrze)<\/strong><\/p>\n<p>Tego dnia spotkamy si\u0119 w European HealthTech Innovation Center oraz na Wydziale In\u017cynierii Biomedycznej oraz Wydziale Organizacji i Zarz\u0105dzania. Podczas wydarzenia nie zabraknie prezentacji ca\u0142ej bogatej oferty edukacyjnej Politechniki \u015al\u0105skiej.<\/p>\n<p><strong>13 marca, godz. 9.00 \u2013 Rybnik (ul. Ko\u015bciuszki 54, Rybnik)<\/strong><\/p>\n<p>Podczas wydarzenia organizowanego w Filii Politechniki \u015al\u0105skiej w Rybniku obecne b\u0119d\u0105 r\u00f3wnie\u017c stoiska Wydzia\u0142\u00f3w zlokalizowanych w innych miastach, a studenci i wyk\u0142adowcy ch\u0119tnie odpowiedz\u0105 na ka\u017cde pytanie.<\/p>\n<p>Szczeg\u00f3\u0142owe informacje na temat poszczeg\u00f3lnych aktywno\u015bci mo\u017cna znale\u017a\u0107 tu: <a href=\"https:\/\/www.polsl.pl\/ps_aktualnosci\/dni-otwarte-politechniki-slaskiej-3\/\" target=\"_blank\">https:\/\/www.polsl.pl\/ps_aktualnosci\/dni-otwarte-politechniki-slaskiej-3\/<\/a>.<\/p>\n<p>(\u017cms)\/POLSL.PL<\/p>\n","protected":false},"excerpt":{"rendered":"<p>Uczniowie szk\u00f3\u0142 ponadpodstawowych, kt\u00f3rzy zastanawiaj\u0105 si\u0119 nad wyborem dalszej drogi kszta\u0142cenia, mog\u0105 zapozna\u0107 si\u0119 z ofert\u0105 studi\u00f3w na Politechnice \u015al\u0105skiej. Dni Otwarte odb\u0119d\u0105 si\u0119 od 10 do 13 marca na kampusach w Gliwicach, Zabrzu, Katowicach i Rybniku. To wyj\u0105tkowa szansa, aby uczniowie mogli pozna\u0107 kierunki studi\u00f3w, odwiedzi\u0107 laboratoria, porozmawia\u0107 ze studentami i wyk\u0142adowcami, a tak\u017ce [&hellip;]<\/p>\n","protected":false},"author":17,"featured_media":85335,"comment_status":"closed","ping_status":"closed","sticky":false,"template":"","format":"standard","meta":{"_monsterinsights_skip_tracking":false,"_monsterinsights_sitenote_active":false,"_monsterinsights_sitenote_note":"","_monsterinsights_sitenote_category":0,"footnotes":"","_links_to":"","_links_to_target":""},"categories":[11756,1],"tags":[12966,12927],"class_list":["post-116488","post","type-post","status-publish","format-standard","has-post-thumbnail","hentry","category-kultura","category-wszystko","tag-dni-otwarte","tag-politechnika"],"_links":{"self":[{"href":"https:\/\/www.24zabrze.pl\/wiadomosci\/wp-json\/wp\/v2\/posts\/116488","targetHints":{"allow":["GET"]}}],"collection":[{"href":"https:\/\/www.24zabrze.pl\/wiadomosci\/wp-json\/wp\/v2\/posts"}],"about":[{"href":"https:\/\/www.24zabrze.pl\/wiadomosci\/wp-json\/wp\/v2\/types\/post"}],"author":[{"embeddable":true,"href":"https:\/\/www.24zabrze.pl\/wiadomosci\/wp-json\/wp\/v2\/users\/17"}],"replies":[{"embeddable":true,"href":"https:\/\/www.24zabrze.pl\/wiadomosci\/wp-json\/wp\/v2\/comments?post=116488"}],"version-history":[{"count":0,"href":"https:\/\/www.24zabrze.pl\/wiadomosci\/wp-json\/wp\/v2\/posts\/116488\/revisions"}],"wp:featuredmedia":[{"embeddable":true,"href":"https:\/\/www.24zabrze.pl\/wiadomosci\/wp-json\/wp\/v2\/media\/85335"}],"wp:attachment":[{"href":"https:\/\/www.24zabrze.pl\/wiadomosci\/wp-json\/wp\/v2\/media?parent=116488"}],"wp:term":[{"taxonomy":"category","embeddable":true,"href":"https:\/\/www.24zabrze.pl\/wiadomosci\/wp-json\/wp\/v2\/categories?post=116488"},{"taxonomy":"post_tag","embeddable":true,"href":"https:\/\/www.24zabrze.pl\/wiadomosci\/wp-json\/wp\/v2\/tags?post=116488"}],"curies":[{"name":"wp","href":"https:\/\/api.w.org\/{rel}","templated":true}]}}