{"id":116480,"date":"2026-03-05T11:46:14","date_gmt":"2026-03-05T10:46:14","guid":{"rendered":"https:\/\/www.24zabrze.pl\/wiadomosci\/?p=116480"},"modified":"2026-03-05T11:46:14","modified_gmt":"2026-03-05T10:46:14","slug":"mieszkancy-zabrza-utkneli-w-zjednoczonych-emiratach-arabskich-prezydent-apeluje-o-pomoc-do-msz","status":"publish","type":"post","link":"https:\/\/www.24zabrze.pl\/wiadomosci\/mieszkancy-zabrza-utkneli-w-zjednoczonych-emiratach-arabskich-prezydent-apeluje-o-pomoc-do-msz\/","title":{"rendered":"Mieszka\u0144cy Zabrza utkn\u0119li w Zjednoczonych Emiratach Arabskich. Prezydent apeluje o pomoc do MSZ"},"content":{"rendered":"<div class=\"zabrz-a6-z-nad-leadem-artykulow zabrz-entity-placement\" id=\"zabrz-3307521899\"><div class=\"zabrz-adlabel\"><span style=\"font-size: 9px\">REKLAMA<\/span><\/div><div id=\"zabrz-1401674194\" style=\"margin-bottom: 30px;margin-left: auto;margin-right: auto;text-align: center;\"><a data-no-instant=\"1\" href=\"https:\/\/dom100.eu\/\" rel=\"noopener\" class=\"a2t-link\" target=\"_blank\" aria-label=\"20260415 DOM100 D\"><img loading=\"lazy\" decoding=\"async\" src=\"https:\/\/www.24zabrze.pl\/wiadomosci\/wp-content\/uploads\/2026\/02\/20260415-DOM100-D.jpg\" alt=\"\"  srcset=\"https:\/\/www.24zabrze.pl\/wiadomosci\/wp-content\/uploads\/2026\/02\/20260415-DOM100-D.jpg 750w, https:\/\/www.24zabrze.pl\/wiadomosci\/wp-content\/uploads\/2026\/02\/20260415-DOM100-D-410x109.jpg 410w\" sizes=\"(max-width: 750px) 100vw, 750px\" class=\"no-lazyload\" width=\"750\" height=\"200\"  style=\"display: inline-block; max-width: 100%; height: auto;\" \/><\/a><\/div><\/div><p><H2>Prezydent Zabrza zwr\u00f3ci\u0142 si\u0119 do Ministra Spraw Zagranicznych z pilnym apelem o wsparcie dla mieszka\u0144c\u00f3w miasta, kt\u00f3rzy utkn\u0119li w Zjednoczonych Emiratach Arabskich. Powodem jest nag\u0142e zamkni\u0119cie przestrzeni powietrznej nad cz\u0119\u015bci\u0105 Bliskiego Wschodu i odwo\u0142anie lot\u00f3w do Polski.<\/h2>\n<p>Obecnie kilkana\u015bcioro zabrzan przebywa w hotelu w Szard\u017cy. Ich pierwotny lot powrotny zosta\u0142 anulowany po zamkni\u0119ciu przestrzeni powietrznej m.in. nad Dubajem i Abu Zabi. Sytuacja ma zwi\u0105zek z eskalacj\u0105 napi\u0119\u0107 w regionie. <\/p>\n<p>&#8211; <em>Z informacji jakie uzyskali\u015bmy, mieszka\u0144cy samodzielnie zorganizowali alternatywn\u0105 podr\u00f3\u017c. Zarezerwowali lot do Gruzji na 4 marca.  Zabrzanie zg\u0142osili si\u0119 do systemu Odyseusz. Jak informuj\u0105, do tej pory nie otrzymali kontaktu zwrotnego. Pozostaj\u0105 w sta\u0142ym kontakcie z rodzinami i deklaruj\u0105, \u017ce w razie pogorszenia sytuacji zwr\u00f3c\u0105 si\u0119 o pomoc<\/em> &#8211; informuje Urz\u0105d Miejski. <\/p><div class=\"zabrz-a3-z-w-tresci-artykulow zabrz-entity-placement\" id=\"zabrz-3269764264\"><div class=\"zabrz-adlabel\"><span style=\"font-size: 9px\">REKLAMA<\/span><\/div><div id=\"zabrz-1201731977\" style=\"margin-bottom: 40px;margin-left: auto;margin-right: auto;text-align: center;\"><a data-no-instant=\"1\" href=\"https:\/\/ogrodyandersa.pl\/\" rel=\"noopener\" class=\"a2t-link\" target=\"_blank\" aria-label=\"20260415 Ogrody Andersa WYBIERZ MIESZKANIE D\"><img loading=\"lazy\" decoding=\"async\" src=\"https:\/\/www.24zabrze.pl\/wiadomosci\/wp-content\/uploads\/2026\/02\/20260415-Ogrody-Andersa-WYBIERZ-MIESZKANIE-D.jpg\" alt=\"\"  srcset=\"https:\/\/www.24zabrze.pl\/wiadomosci\/wp-content\/uploads\/2026\/02\/20260415-Ogrody-Andersa-WYBIERZ-MIESZKANIE-D.jpg 750w, https:\/\/www.24zabrze.pl\/wiadomosci\/wp-content\/uploads\/2026\/02\/20260415-Ogrody-Andersa-WYBIERZ-MIESZKANIE-D-410x109.jpg 410w\" sizes=\"(max-width: 750px) 100vw, 750px\" class=\"no-lazyload\" width=\"750\" height=\"200\"  style=\"display: inline-block; max-width: 100%; height: auto;\" \/><\/a><\/div><\/div>\n<h5>W pi\u015bmie do ministra spraw zagranicznych prezydent Kamil \u017bbikowski wni\u00f3s\u0142 o:<\/h5>\n<ul>\n<li>pilne nawi\u0105zanie bezpo\u015bredniego kontaktu konsularnego z grup\u0105,<\/li>\n<li>potwierdzenie aktualnych rekomendacji bezpiecze\u0144stwa,<\/li>\n<li>monitorowanie planowanego przelotu do Gruzji oraz ewentualne wsparcie organizacyjne w dalszym powrocie do Polski, je\u015bli zajdzie taka potrzeba.<\/li>\n<\/ul>\n<blockquote><p>Bezpiecze\u0144stwo mieszka\u0144c\u00f3w Zabrza jest dla nas spraw\u0105 nadrz\u0119dn\u0105. Dotyczy to r\u00f3wnie\u017c os\u00f3b przebywaj\u0105cych za granic\u0105. Liczymy na wsparcie i pomoc w powrocie do kraju ze strony rz\u0105du <\/p><\/blockquote>\n<p>\u2013 podkre\u015bla prezydent Kamil \u017bbikowski.<\/p>\n<p>&#8211; <em>Samorz\u0105d Zabrza pozostaje w sta\u0142ym kontakcie z mieszka\u0144cami przebywaj\u0105cymi w zagro\u017conym regionie. Jeste\u015bmy gotowi do wsp\u00f3\u0142pracy z administracj\u0105 rz\u0105dow\u0105, aby zapewni\u0107 im bezpieczny powr\u00f3t do kraju. W granicach naszych kompetencji mo\u017cemy udzieli\u0107 wsparcia organizacyjnego oraz pom\u00f3c w kontakcie z w\u0142a\u015bciwymi instytucjami<\/em> &#8211; zapewniono w komunikacie na stronie Urz\u0119du Miejskiego. <\/p>\n<p>(\u017cms)\/UM Zabrze<\/p>\n","protected":false},"excerpt":{"rendered":"<p>Prezydent Zabrza zwr\u00f3ci\u0142 si\u0119 do Ministra Spraw Zagranicznych z pilnym apelem o wsparcie dla mieszka\u0144c\u00f3w miasta, kt\u00f3rzy utkn\u0119li w Zjednoczonych Emiratach Arabskich. Powodem jest nag\u0142e zamkni\u0119cie przestrzeni powietrznej nad cz\u0119\u015bci\u0105 Bliskiego Wschodu i odwo\u0142anie lot\u00f3w do Polski. Obecnie kilkana\u015bcioro zabrzan przebywa w hotelu w Szard\u017cy. Ich pierwotny lot powrotny zosta\u0142 anulowany po zamkni\u0119ciu przestrzeni powietrznej [&hellip;]<\/p>\n","protected":false},"author":17,"featured_media":116482,"comment_status":"closed","ping_status":"closed","sticky":false,"template":"","format":"standard","meta":{"_monsterinsights_skip_tracking":false,"_monsterinsights_sitenote_active":false,"_monsterinsights_sitenote_note":"","_monsterinsights_sitenote_category":0,"footnotes":"","_links_to":"","_links_to_target":""},"categories":[5,8,9,1],"tags":[12994,12993],"class_list":["post-116480","post","type-post","status-publish","format-standard","has-post-thumbnail","hentry","category-prawo","category-referendum","category-stronaglowna","category-wszystko","tag-apel","tag-konflikt-zbrojny"],"_links":{"self":[{"href":"https:\/\/www.24zabrze.pl\/wiadomosci\/wp-json\/wp\/v2\/posts\/116480","targetHints":{"allow":["GET"]}}],"collection":[{"href":"https:\/\/www.24zabrze.pl\/wiadomosci\/wp-json\/wp\/v2\/posts"}],"about":[{"href":"https:\/\/www.24zabrze.pl\/wiadomosci\/wp-json\/wp\/v2\/types\/post"}],"author":[{"embeddable":true,"href":"https:\/\/www.24zabrze.pl\/wiadomosci\/wp-json\/wp\/v2\/users\/17"}],"replies":[{"embeddable":true,"href":"https:\/\/www.24zabrze.pl\/wiadomosci\/wp-json\/wp\/v2\/comments?post=116480"}],"version-history":[{"count":0,"href":"https:\/\/www.24zabrze.pl\/wiadomosci\/wp-json\/wp\/v2\/posts\/116480\/revisions"}],"wp:featuredmedia":[{"embeddable":true,"href":"https:\/\/www.24zabrze.pl\/wiadomosci\/wp-json\/wp\/v2\/media\/116482"}],"wp:attachment":[{"href":"https:\/\/www.24zabrze.pl\/wiadomosci\/wp-json\/wp\/v2\/media?parent=116480"}],"wp:term":[{"taxonomy":"category","embeddable":true,"href":"https:\/\/www.24zabrze.pl\/wiadomosci\/wp-json\/wp\/v2\/categories?post=116480"},{"taxonomy":"post_tag","embeddable":true,"href":"https:\/\/www.24zabrze.pl\/wiadomosci\/wp-json\/wp\/v2\/tags?post=116480"}],"curies":[{"name":"wp","href":"https:\/\/api.w.org\/{rel}","templated":true}]}}