{"id":116465,"date":"2026-03-09T10:15:11","date_gmt":"2026-03-09T09:15:11","guid":{"rendered":"https:\/\/www.24zabrze.pl\/wiadomosci\/?p=116465"},"modified":"2026-03-09T11:33:12","modified_gmt":"2026-03-09T10:33:12","slug":"swarna-zagroda-wystawa-prac-uczniow-z-zabrzanskiego-plastyka-w-miejskim-osrodku-kultury","status":"publish","type":"post","link":"https:\/\/www.24zabrze.pl\/wiadomosci\/swarna-zagroda-wystawa-prac-uczniow-z-zabrzanskiego-plastyka-w-miejskim-osrodku-kultury\/","title":{"rendered":"\u201e\u015awarna zagroda\u201d. Wystawa prac uczni\u00f3w z zabrza\u0144skiego &#8220;Plastyka&#8221; w Miejskim O\u015brodku Kultury"},"content":{"rendered":"<div class=\"zabrz-a6-z-nad-leadem-artykulow zabrz-entity-placement\" id=\"zabrz-3861521754\"><div class=\"zabrz-adlabel\"><span style=\"font-size: 9px\">REKLAMA<\/span><\/div><div id=\"zabrz-1167601110\" style=\"margin-bottom: 30px;margin-left: auto;margin-right: auto;text-align: center;\"><a data-no-instant=\"1\" href=\"https:\/\/dom100.eu\/\" rel=\"noopener\" class=\"a2t-link\" target=\"_blank\" aria-label=\"20260415 DOM100 D\"><img loading=\"lazy\" decoding=\"async\" src=\"https:\/\/www.24zabrze.pl\/wiadomosci\/wp-content\/uploads\/2026\/02\/20260415-DOM100-D.jpg\" alt=\"\"  srcset=\"https:\/\/www.24zabrze.pl\/wiadomosci\/wp-content\/uploads\/2026\/02\/20260415-DOM100-D.jpg 750w, https:\/\/www.24zabrze.pl\/wiadomosci\/wp-content\/uploads\/2026\/02\/20260415-DOM100-D-410x109.jpg 410w\" sizes=\"(max-width: 750px) 100vw, 750px\" class=\"no-lazyload\" width=\"750\" height=\"200\"  style=\"display: inline-block; max-width: 100%; height: auto;\" \/><\/a><\/div><\/div><h2>Liceum Sztuk Plastycznych w Zabrzu oraz Miejski O\u015brodek Kultury w Zabrzu zapraszaj\u0105 na wernisa\u017c wystawy \u201e\u015awarna zagroda\u201d, prezentuj\u0105cej prace uczni\u00f3w zabrza\u0144skiego \u201eplastyka\u201d. Wydarzenie odb\u0119dzie si\u0119 16 marca (poniedzia\u0142ek) o godzinie 17:00.<\/h2>\n<p>Ekspozycja obejmuje prace malarskie powsta\u0142e podczas pleneru zorganizowanego w Orawskim Parku Etnograficznym \u2013 Muzeum Orawskim w Zubrzycy G\u00f3rnej. M\u0142odzi arty\u015bci tworzyli w przestrzeni skansenu, w\u015br\u00f3d zabytkowej architektury i krajobrazu Orawy, czerpi\u0105c inspiracj\u0119 z lokalnej historii oraz codziennego \u017cycia dawnych mieszka\u0144c\u00f3w regionu.<\/p><div class=\"zabrz-a3-z-w-tresci-artykulow zabrz-entity-placement\" id=\"zabrz-791898509\"><div class=\"zabrz-adlabel\"><span style=\"font-size: 9px\">REKLAMA<\/span><\/div><div id=\"zabrz-3246805503\" style=\"margin-bottom: 40px;margin-left: auto;margin-right: auto;text-align: center;\"><a data-no-instant=\"1\" href=\"https:\/\/ogrodyandersa.pl\/\" rel=\"noopener\" class=\"a2t-link\" target=\"_blank\" aria-label=\"20260415 Ogrody Andersa WYBIERZ MIESZKANIE D\"><img loading=\"lazy\" decoding=\"async\" src=\"https:\/\/www.24zabrze.pl\/wiadomosci\/wp-content\/uploads\/2026\/02\/20260415-Ogrody-Andersa-WYBIERZ-MIESZKANIE-D.jpg\" alt=\"\"  srcset=\"https:\/\/www.24zabrze.pl\/wiadomosci\/wp-content\/uploads\/2026\/02\/20260415-Ogrody-Andersa-WYBIERZ-MIESZKANIE-D.jpg 750w, https:\/\/www.24zabrze.pl\/wiadomosci\/wp-content\/uploads\/2026\/02\/20260415-Ogrody-Andersa-WYBIERZ-MIESZKANIE-D-410x109.jpg 410w\" sizes=\"(max-width: 750px) 100vw, 750px\" class=\"no-lazyload\" width=\"750\" height=\"200\"  style=\"display: inline-block; max-width: 100%; height: auto;\" \/><\/a><\/div><\/div>\n<p>W\u015br\u00f3d przedstawianych motyw\u00f3w znalaz\u0142y si\u0119 tradycyjne zagrody orawskie, w tym zagroda Her\u00f3dka, zabytkowa plebania z Podwilka oraz elementy wyposa\u017cenia i narz\u0119dzia rolnicze charakterystyczne dla regionu. Uczniowie skupili si\u0119 na oddaniu kolorystyki i atmosfery miejsca \u2013 pejza\u017cu, \u015bwiat\u0142a oraz detali architektonicznych \u2013 tworz\u0105c autorsk\u0105 interpretacj\u0119 dziedzictwa kulturowego Orawy.<\/p>\n<p>Wystawa \u201e\u015awarna zagroda\u201d stanowi zapis artystycznego spotkania m\u0142odego pokolenia z tradycj\u0105 i jest pr\u00f3b\u0105 tw\u00f3rczego dialogu z regionalnym dziedzictwem. Organizatorzy zapraszaj\u0105 mieszka\u0144c\u00f3w do udzia\u0142u w wernisa\u017cu i zapoznania si\u0119 z efektami pracy uczni\u00f3w.<\/p>\n<p>MOK Zabrze, ul. 3 Maja 91A.<\/p>\n<p>(\u017cms)\/UM Zabrze<br \/>\nfot. mat. organizatora<\/p>\n<p><img loading=\"lazy\" decoding=\"async\" src=\"https:\/\/miastozabrze.pl\/wp-content\/uploads\/2026\/03\/swarna_zagroda_2006.jpg\" width=\"826\" height=\"1169\" class=\"alignnone size-full\" \/><\/p>\n","protected":false},"excerpt":{"rendered":"<p>Liceum Sztuk Plastycznych w Zabrzu oraz Miejski O\u015brodek Kultury w Zabrzu zapraszaj\u0105 na wernisa\u017c wystawy \u201e\u015awarna zagroda\u201d, prezentuj\u0105cej prace uczni\u00f3w zabrza\u0144skiego \u201eplastyka\u201d. Wydarzenie odb\u0119dzie si\u0119 16 marca (poniedzia\u0142ek) o godzinie 17:00. Ekspozycja obejmuje prace malarskie powsta\u0142e podczas pleneru zorganizowanego w Orawskim Parku Etnograficznym \u2013 Muzeum Orawskim w Zubrzycy G\u00f3rnej. M\u0142odzi arty\u015bci tworzyli w przestrzeni skansenu, [&hellip;]<\/p>\n","protected":false},"author":17,"featured_media":116469,"comment_status":"closed","ping_status":"closed","sticky":false,"template":"","format":"standard","meta":{"_monsterinsights_skip_tracking":false,"_monsterinsights_sitenote_active":false,"_monsterinsights_sitenote_note":"","_monsterinsights_sitenote_category":0,"footnotes":"","_links_to":"","_links_to_target":""},"categories":[11756,1],"tags":[12991,12990],"class_list":["post-116465","post","type-post","status-publish","format-standard","has-post-thumbnail","hentry","category-kultura","category-wszystko","tag-mok-zabrze","tag-wystawa"],"_links":{"self":[{"href":"https:\/\/www.24zabrze.pl\/wiadomosci\/wp-json\/wp\/v2\/posts\/116465","targetHints":{"allow":["GET"]}}],"collection":[{"href":"https:\/\/www.24zabrze.pl\/wiadomosci\/wp-json\/wp\/v2\/posts"}],"about":[{"href":"https:\/\/www.24zabrze.pl\/wiadomosci\/wp-json\/wp\/v2\/types\/post"}],"author":[{"embeddable":true,"href":"https:\/\/www.24zabrze.pl\/wiadomosci\/wp-json\/wp\/v2\/users\/17"}],"replies":[{"embeddable":true,"href":"https:\/\/www.24zabrze.pl\/wiadomosci\/wp-json\/wp\/v2\/comments?post=116465"}],"version-history":[{"count":0,"href":"https:\/\/www.24zabrze.pl\/wiadomosci\/wp-json\/wp\/v2\/posts\/116465\/revisions"}],"wp:featuredmedia":[{"embeddable":true,"href":"https:\/\/www.24zabrze.pl\/wiadomosci\/wp-json\/wp\/v2\/media\/116469"}],"wp:attachment":[{"href":"https:\/\/www.24zabrze.pl\/wiadomosci\/wp-json\/wp\/v2\/media?parent=116465"}],"wp:term":[{"taxonomy":"category","embeddable":true,"href":"https:\/\/www.24zabrze.pl\/wiadomosci\/wp-json\/wp\/v2\/categories?post=116465"},{"taxonomy":"post_tag","embeddable":true,"href":"https:\/\/www.24zabrze.pl\/wiadomosci\/wp-json\/wp\/v2\/tags?post=116465"}],"curies":[{"name":"wp","href":"https:\/\/api.w.org\/{rel}","templated":true}]}}