{"id":116445,"date":"2026-03-04T15:31:13","date_gmt":"2026-03-04T14:31:13","guid":{"rendered":"https:\/\/www.24zabrze.pl\/wiadomosci\/?p=116445"},"modified":"2026-03-04T15:31:13","modified_gmt":"2026-03-04T14:31:13","slug":"jechal-z-zakazami-i-z-narkotykami-28-letni-mieszkaniec-zabrza-zostal-zatrzymany","status":"publish","type":"post","link":"https:\/\/www.24zabrze.pl\/wiadomosci\/jechal-z-zakazami-i-z-narkotykami-28-letni-mieszkaniec-zabrza-zostal-zatrzymany\/","title":{"rendered":"Jecha\u0142 z zakazami i z&#8230; narkotykami. 28-letni mieszkaniec Zabrza zosta\u0142 zatrzymany"},"content":{"rendered":"<div class=\"zabrz-a6-z-nad-leadem-artykulow zabrz-entity-placement\" id=\"zabrz-1733156934\"><div class=\"zabrz-adlabel\"><span style=\"font-size: 9px\">REKLAMA<\/span><\/div><div id=\"zabrz-4234148893\" style=\"margin-bottom: 30px;margin-left: auto;margin-right: auto;text-align: center;\"><a data-no-instant=\"1\" href=\"https:\/\/dom100.eu\/\" rel=\"noopener\" class=\"a2t-link\" target=\"_blank\" aria-label=\"20260415 DOM100 D\"><img loading=\"lazy\" decoding=\"async\" src=\"https:\/\/www.24zabrze.pl\/wiadomosci\/wp-content\/uploads\/2026\/02\/20260415-DOM100-D.jpg\" alt=\"\"  srcset=\"https:\/\/www.24zabrze.pl\/wiadomosci\/wp-content\/uploads\/2026\/02\/20260415-DOM100-D.jpg 750w, https:\/\/www.24zabrze.pl\/wiadomosci\/wp-content\/uploads\/2026\/02\/20260415-DOM100-D-410x109.jpg 410w\" sizes=\"(max-width: 750px) 100vw, 750px\" class=\"no-lazyload\" width=\"750\" height=\"200\"  style=\"display: inline-block; max-width: 100%; height: auto;\" \/><\/a><\/div><\/div><h2>28-latek kieruj\u0105cy volkswagenem, kt\u00f3ry zosta\u0142 zatrzymany do kontroli drogowej przez policjant\u00f3w z zabrza\u0144skiej &#8220;tr\u00f3jki&#8221;, posiada\u0142 dwa zakazy prowadzenia pojazd\u00f3w. Dodatkowo w samochodzie funkcjonariusze znale\u017ali narkotyki.<\/h2>\n<p>Sytuacja mia\u0142a miejsce we wtorek oko\u0142o godziny 11.40 na ulicy Rymera.<\/p><div class=\"zabrz-a3-z-w-tresci-artykulow zabrz-entity-placement\" id=\"zabrz-152397138\"><div class=\"zabrz-adlabel\"><span style=\"font-size: 9px\">REKLAMA<\/span><\/div><div id=\"zabrz-2369827464\" style=\"margin-bottom: 40px;margin-left: auto;margin-right: auto;text-align: center;\"><a data-no-instant=\"1\" href=\"https:\/\/ogrodyandersa.pl\/\" rel=\"noopener\" class=\"a2t-link\" target=\"_blank\" aria-label=\"20260415 Ogrody Andersa WYBIERZ MIESZKANIE D\"><img loading=\"lazy\" decoding=\"async\" src=\"https:\/\/www.24zabrze.pl\/wiadomosci\/wp-content\/uploads\/2026\/02\/20260415-Ogrody-Andersa-WYBIERZ-MIESZKANIE-D.jpg\" alt=\"\"  srcset=\"https:\/\/www.24zabrze.pl\/wiadomosci\/wp-content\/uploads\/2026\/02\/20260415-Ogrody-Andersa-WYBIERZ-MIESZKANIE-D.jpg 750w, https:\/\/www.24zabrze.pl\/wiadomosci\/wp-content\/uploads\/2026\/02\/20260415-Ogrody-Andersa-WYBIERZ-MIESZKANIE-D-410x109.jpg 410w\" sizes=\"(max-width: 750px) 100vw, 750px\" class=\"no-lazyload\" width=\"750\" height=\"200\"  style=\"display: inline-block; max-width: 100%; height: auto;\" \/><\/a><\/div><\/div>\n<p>&#8211; <em>Pojazdem kierowa\u0142 28-letni zabrzanin, kt\u00f3ry posiada\u0142 dwa s\u0105dowe zakaz prowadzenia pojazd\u00f3w. Jeden wydany przez S\u0105d Rejony w Zabrzu i drugi wydany przez Sad Rejonowy w Rudzie \u015al\u0105skiej. Opr\u00f3cz tego 28-latek mia\u0142 przy sobie narkotyki. Policjanci znale\u017ali przy nim marihuan\u0119<\/em> &#8211; informuje asp. <strong>Sebastian Bijok<\/strong>, oficer prasowy KMP Zabrze. <\/p>\n<blockquote><p><em>28-latek zosta\u0142 zatrzymany i przewieziony do zabrza\u0144skiej komendy. M\u0119\u017cczyzna us\u0142yszy teraz zarzuty niestosowania si\u0119 do s\u0105dowego wyroku oraz posiadania \u015brodk\u00f3w odurzaj\u0105cych<\/em> <\/p><\/blockquote>\n<p>&#8211; dodaje rzecznik. <\/p>\n<p>Policjanci przypominaj\u0105, \u017ce z\u0142amanie s\u0105dowego zakazu prowadzenia pojazd\u00f3w jest przest\u0119pstwem, kt\u00f3re mo\u017ce skutkowa\u0107 surowymi karami, w tym pozbawieniem wolno\u015bci do 5 lat oraz zakazem prowadzenia pojazd\u00f3w nawet na 15 lat. Natomiast w przypadku ponownego kierowania w stanie nietrze\u017awo\u015bci, kary s\u0105 jeszcze bardziej dotkliwe.<\/p>\n<p>(\u017cms)\/KMP Zabrze<\/p>\n","protected":false},"excerpt":{"rendered":"<p>28-latek kieruj\u0105cy volkswagenem, kt\u00f3ry zosta\u0142 zatrzymany do kontroli drogowej przez policjant\u00f3w z zabrza\u0144skiej &#8220;tr\u00f3jki&#8221;, posiada\u0142 dwa zakazy prowadzenia pojazd\u00f3w. Dodatkowo w samochodzie funkcjonariusze znale\u017ali narkotyki. Sytuacja mia\u0142a miejsce we wtorek oko\u0142o godziny 11.40 na ulicy Rymera. &#8211; Pojazdem kierowa\u0142 28-letni zabrzanin, kt\u00f3ry posiada\u0142 dwa s\u0105dowe zakaz prowadzenia pojazd\u00f3w. Jeden wydany przez S\u0105d Rejony w Zabrzu [&hellip;]<\/p>\n","protected":false},"author":17,"featured_media":111608,"comment_status":"closed","ping_status":"closed","sticky":false,"template":"","format":"standard","meta":{"_monsterinsights_skip_tracking":false,"_monsterinsights_sitenote_active":false,"_monsterinsights_sitenote_note":"","_monsterinsights_sitenote_category":0,"footnotes":"","_links_to":"","_links_to_target":""},"categories":[5,1],"tags":[12910,12851],"class_list":["post-116445","post","type-post","status-publish","format-standard","has-post-thumbnail","hentry","category-prawo","category-wszystko","tag-narkotyki","tag-zakaz-kierowania"],"_links":{"self":[{"href":"https:\/\/www.24zabrze.pl\/wiadomosci\/wp-json\/wp\/v2\/posts\/116445","targetHints":{"allow":["GET"]}}],"collection":[{"href":"https:\/\/www.24zabrze.pl\/wiadomosci\/wp-json\/wp\/v2\/posts"}],"about":[{"href":"https:\/\/www.24zabrze.pl\/wiadomosci\/wp-json\/wp\/v2\/types\/post"}],"author":[{"embeddable":true,"href":"https:\/\/www.24zabrze.pl\/wiadomosci\/wp-json\/wp\/v2\/users\/17"}],"replies":[{"embeddable":true,"href":"https:\/\/www.24zabrze.pl\/wiadomosci\/wp-json\/wp\/v2\/comments?post=116445"}],"version-history":[{"count":0,"href":"https:\/\/www.24zabrze.pl\/wiadomosci\/wp-json\/wp\/v2\/posts\/116445\/revisions"}],"wp:featuredmedia":[{"embeddable":true,"href":"https:\/\/www.24zabrze.pl\/wiadomosci\/wp-json\/wp\/v2\/media\/111608"}],"wp:attachment":[{"href":"https:\/\/www.24zabrze.pl\/wiadomosci\/wp-json\/wp\/v2\/media?parent=116445"}],"wp:term":[{"taxonomy":"category","embeddable":true,"href":"https:\/\/www.24zabrze.pl\/wiadomosci\/wp-json\/wp\/v2\/categories?post=116445"},{"taxonomy":"post_tag","embeddable":true,"href":"https:\/\/www.24zabrze.pl\/wiadomosci\/wp-json\/wp\/v2\/tags?post=116445"}],"curies":[{"name":"wp","href":"https:\/\/api.w.org\/{rel}","templated":true}]}}