{"id":116438,"date":"2026-03-03T15:09:10","date_gmt":"2026-03-03T14:09:10","guid":{"rendered":"https:\/\/www.24zabrze.pl\/wiadomosci\/?p=116438"},"modified":"2026-03-03T15:09:10","modified_gmt":"2026-03-03T14:09:10","slug":"nocne-utrudnienia-w-rejonie-centrum-przesiadkowego-ruch-bedzie-odbywac-sie-wahadlowo","status":"publish","type":"post","link":"https:\/\/www.24zabrze.pl\/wiadomosci\/nocne-utrudnienia-w-rejonie-centrum-przesiadkowego-ruch-bedzie-odbywac-sie-wahadlowo\/","title":{"rendered":"Nocne utrudnienia w rejonie centrum przesiadkowego. Ruch b\u0119dzie odbywa\u0107 si\u0119 wahad\u0142owo"},"content":{"rendered":"<div class=\"zabrz-a6-z-nad-leadem-artykulow zabrz-entity-placement\" id=\"zabrz-3736392697\"><div class=\"zabrz-adlabel\"><span style=\"font-size: 9px\">REKLAMA<\/span><\/div><div id=\"zabrz-1187597769\" style=\"margin-bottom: 30px;margin-left: auto;margin-right: auto;text-align: center;\"><a data-no-instant=\"1\" href=\"https:\/\/dom100.eu\/\" rel=\"noopener\" class=\"a2t-link\" target=\"_blank\" aria-label=\"20260415 DOM100 D\"><img loading=\"lazy\" decoding=\"async\" src=\"https:\/\/www.24zabrze.pl\/wiadomosci\/wp-content\/uploads\/2026\/02\/20260415-DOM100-D.jpg\" alt=\"\"  srcset=\"https:\/\/www.24zabrze.pl\/wiadomosci\/wp-content\/uploads\/2026\/02\/20260415-DOM100-D.jpg 750w, https:\/\/www.24zabrze.pl\/wiadomosci\/wp-content\/uploads\/2026\/02\/20260415-DOM100-D-410x109.jpg 410w\" sizes=\"(max-width: 750px) 100vw, 750px\" class=\"no-lazyload\" width=\"750\" height=\"200\"  style=\"display: inline-block; max-width: 100%; height: auto;\" \/><\/a><\/div><\/div><h2>Na ulicy Goethego w Zabrzu, w rejonie centrum przesiadkowego, wyst\u0119powa\u0107 b\u0119d\u0105 czasowe utrudnienia w ruchu drogowym, kt\u00f3re zaplanowano w nocy z pi\u0105tku na sobot\u0119 &#8211; z 6 na 7 marca. Niedogodno\u015bci b\u0119d\u0105 zwi\u0105zane z wykonywaniem odwiert\u00f3w kontrolnych w nawierzchni jezdni.<\/h2>\n<p>Prace prowadzone b\u0119d\u0105 w godzinach 1.05\u20132.05 oraz 2.20\u20133.15. W tym czasie ruch na ul. Goethego b\u0119dzie odbywa\u0142 si\u0119 wahad\u0142owo, przy zachowaniu przejazdu w obu kierunkach. Nie b\u0119dzie mo\u017cliwo\u015bci wjazdu autobus\u00f3w typu BN i CN na teren centrum przesiadkowego od strony ul. 3 Maja. <\/p><div class=\"zabrz-a3-z-w-tresci-artykulow zabrz-entity-placement\" id=\"zabrz-1956217008\"><div class=\"zabrz-adlabel\"><span style=\"font-size: 9px\">REKLAMA<\/span><\/div><div id=\"zabrz-1635071810\" style=\"margin-bottom: 40px;margin-left: auto;margin-right: auto;text-align: center;\"><a data-no-instant=\"1\" href=\"https:\/\/ogrodyandersa.pl\/\" rel=\"noopener\" class=\"a2t-link\" target=\"_blank\" aria-label=\"20260415 Ogrody Andersa WYBIERZ MIESZKANIE D\"><img loading=\"lazy\" decoding=\"async\" src=\"https:\/\/www.24zabrze.pl\/wiadomosci\/wp-content\/uploads\/2026\/02\/20260415-Ogrody-Andersa-WYBIERZ-MIESZKANIE-D.jpg\" alt=\"\"  srcset=\"https:\/\/www.24zabrze.pl\/wiadomosci\/wp-content\/uploads\/2026\/02\/20260415-Ogrody-Andersa-WYBIERZ-MIESZKANIE-D.jpg 750w, https:\/\/www.24zabrze.pl\/wiadomosci\/wp-content\/uploads\/2026\/02\/20260415-Ogrody-Andersa-WYBIERZ-MIESZKANIE-D-410x109.jpg 410w\" sizes=\"(max-width: 750px) 100vw, 750px\" class=\"no-lazyload\" width=\"750\" height=\"200\"  style=\"display: inline-block; max-width: 100%; height: auto;\" \/><\/a><\/div><\/div>\n<p><em>Utrudnienia obejm\u0105 linie autobusowe: 7N, 32N, 617N, 701N, 705N, 840N oraz M16. Godziny realizacji prac zosta\u0142y dostosowane w taki spos\u00f3b, aby umo\u017cliwi\u0107 kursowanie autobus\u00f3w zgodnie z obowi\u0105zuj\u0105cymi rozk\u0142adami jazdy<\/em> <\/p>\n<p>&#8211; informuje Urz\u0105d Miejski w Zabrzu. Urz\u0119dnicy apeluj\u0105 o zachowanie szczeg\u00f3lnej ostro\u017cno\u015bci w rejonie prowadzonych prac oraz stosowanie si\u0119 do polece\u0144 os\u00f3b kieruj\u0105cych ruchem. <\/p>\n<p>(\u017cms)\/UM Zabrze<\/p>\n<p><img loading=\"lazy\" decoding=\"async\" src=\"https:\/\/miastozabrze.pl\/wp-content\/uploads\/2026\/03\/645646123_1562861512240067_7212490768873350147_n.jpg\" width=\"1080\" height=\"1080\" class=\"alignnone size-full\" \/><\/p>\n","protected":false},"excerpt":{"rendered":"<p>Na ulicy Goethego w Zabrzu, w rejonie centrum przesiadkowego, wyst\u0119powa\u0107 b\u0119d\u0105 czasowe utrudnienia w ruchu drogowym, kt\u00f3re zaplanowano w nocy z pi\u0105tku na sobot\u0119 &#8211; z 6 na 7 marca. Niedogodno\u015bci b\u0119d\u0105 zwi\u0105zane z wykonywaniem odwiert\u00f3w kontrolnych w nawierzchni jezdni. Prace prowadzone b\u0119d\u0105 w godzinach 1.05\u20132.05 oraz 2.20\u20133.15. W tym czasie ruch na ul. Goethego [&hellip;]<\/p>\n","protected":false},"author":17,"featured_media":116441,"comment_status":"closed","ping_status":"closed","sticky":false,"template":"","format":"standard","meta":{"_monsterinsights_skip_tracking":false,"_monsterinsights_sitenote_active":false,"_monsterinsights_sitenote_note":"","_monsterinsights_sitenote_category":0,"footnotes":"","_links_to":"","_links_to_target":""},"categories":[1],"tags":[12986,12271],"class_list":["post-116438","post","type-post","status-publish","format-standard","has-post-thumbnail","hentry","category-wszystko","tag-goethego","tag-wahadlo"],"_links":{"self":[{"href":"https:\/\/www.24zabrze.pl\/wiadomosci\/wp-json\/wp\/v2\/posts\/116438","targetHints":{"allow":["GET"]}}],"collection":[{"href":"https:\/\/www.24zabrze.pl\/wiadomosci\/wp-json\/wp\/v2\/posts"}],"about":[{"href":"https:\/\/www.24zabrze.pl\/wiadomosci\/wp-json\/wp\/v2\/types\/post"}],"author":[{"embeddable":true,"href":"https:\/\/www.24zabrze.pl\/wiadomosci\/wp-json\/wp\/v2\/users\/17"}],"replies":[{"embeddable":true,"href":"https:\/\/www.24zabrze.pl\/wiadomosci\/wp-json\/wp\/v2\/comments?post=116438"}],"version-history":[{"count":0,"href":"https:\/\/www.24zabrze.pl\/wiadomosci\/wp-json\/wp\/v2\/posts\/116438\/revisions"}],"wp:featuredmedia":[{"embeddable":true,"href":"https:\/\/www.24zabrze.pl\/wiadomosci\/wp-json\/wp\/v2\/media\/116441"}],"wp:attachment":[{"href":"https:\/\/www.24zabrze.pl\/wiadomosci\/wp-json\/wp\/v2\/media?parent=116438"}],"wp:term":[{"taxonomy":"category","embeddable":true,"href":"https:\/\/www.24zabrze.pl\/wiadomosci\/wp-json\/wp\/v2\/categories?post=116438"},{"taxonomy":"post_tag","embeddable":true,"href":"https:\/\/www.24zabrze.pl\/wiadomosci\/wp-json\/wp\/v2\/tags?post=116438"}],"curies":[{"name":"wp","href":"https:\/\/api.w.org\/{rel}","templated":true}]}}