{"id":116310,"date":"2026-02-18T12:34:53","date_gmt":"2026-02-18T11:34:53","guid":{"rendered":"https:\/\/www.24zabrze.pl\/wiadomosci\/?p=116310"},"modified":"2026-02-18T12:34:53","modified_gmt":"2026-02-18T11:34:53","slug":"wymienialnik-ubran-w-dok-konczyce-warto-przyniesc-odziez-w-dobrym-stanie-i-wybrac-cos-dla-siebie","status":"publish","type":"post","link":"https:\/\/www.24zabrze.pl\/wiadomosci\/wymienialnik-ubran-w-dok-konczyce-warto-przyniesc-odziez-w-dobrym-stanie-i-wybrac-cos-dla-siebie\/","title":{"rendered":"&#8220;Wymienialnik&#8221; ubra\u0144 w DOK Ko\u0144czyce. Warto przynie\u015b\u0107 odzie\u017c w dobrym stanie i wybra\u0107 co\u015b dla siebie"},"content":{"rendered":"<div class=\"zabrz-a6-z-nad-leadem-artykulow zabrz-entity-placement\" id=\"zabrz-1743472944\"><div class=\"zabrz-adlabel\"><span style=\"font-size: 9px\">REKLAMA<\/span><\/div><div id=\"zabrz-2361529878\" style=\"margin-bottom: 30px;margin-left: auto;margin-right: auto;text-align: center;\"><a data-no-instant=\"1\" href=\"https:\/\/dom100.eu\/\" rel=\"noopener\" class=\"a2t-link\" target=\"_blank\" aria-label=\"20260415 DOM100 D\"><img loading=\"lazy\" decoding=\"async\" src=\"https:\/\/www.24zabrze.pl\/wiadomosci\/wp-content\/uploads\/2026\/02\/20260415-DOM100-D.jpg\" alt=\"\"  srcset=\"https:\/\/www.24zabrze.pl\/wiadomosci\/wp-content\/uploads\/2026\/02\/20260415-DOM100-D.jpg 750w, https:\/\/www.24zabrze.pl\/wiadomosci\/wp-content\/uploads\/2026\/02\/20260415-DOM100-D-410x109.jpg 410w\" sizes=\"(max-width: 750px) 100vw, 750px\" class=\"no-lazyload\" width=\"750\" height=\"200\"  style=\"display: inline-block; max-width: 100%; height: auto;\" \/><\/a><\/div><\/div><h2>W Dzielnicowym O\u015brodku Kultury Ko\u0144czyce w Zabrzu w czwartek, 19 lutego, odb\u0119dzie si\u0119 kolejna edycja \u201eWymienialnika\u201d \u2013 wydarzenia promuj\u0105cego ide\u0119 ponownego wykorzystania odzie\u017cy i ograniczania nadmiernej konsumpcji. Spotkanie skierowane jest do mieszka\u0144c\u00f3w, kt\u00f3rzy chc\u0105 nada\u0107 swoim rzeczom \u201edrugie \u017cycie\u201d i jednocze\u015bnie zadba\u0107 o \u015brodowisko.<\/h2>\n<p>\u201eWymienialnik\u201d to inicjatywa polegaj\u0105ca na wymianie u\u017cywanych, czystych i niezniszczonych ubra\u0144 oraz drobnych przedmiot\u00f3w, w tym tak\u017ce odzie\u017cy dzieci\u0119cej. Ka\u017cdy uczestnik mo\u017ce przynie\u015b\u0107 rzeczy, kt\u00f3rych ju\u017c nie potrzebuje, i znale\u017a\u0107 dla nich nowych w\u0142a\u015bcicieli, jednocze\u015bnie wybieraj\u0105c co\u015b dla siebie. Wydarzenie jest okazj\u0105 do uporz\u0105dkowania domowej garderoby, a tak\u017ce do wsparcia idei zr\u00f3wnowa\u017conego stylu \u017cycia.<\/p><div class=\"zabrz-a3-z-w-tresci-artykulow zabrz-entity-placement\" id=\"zabrz-2088940963\"><div class=\"zabrz-adlabel\"><span style=\"font-size: 9px\">REKLAMA<\/span><\/div><div id=\"zabrz-3956758053\" style=\"margin-bottom: 40px;margin-left: auto;margin-right: auto;text-align: center;\"><a data-no-instant=\"1\" href=\"https:\/\/ogrodyandersa.pl\/\" rel=\"noopener\" class=\"a2t-link\" target=\"_blank\" aria-label=\"20260415 Ogrody Andersa WYBIERZ MIESZKANIE D\"><img loading=\"lazy\" decoding=\"async\" src=\"https:\/\/www.24zabrze.pl\/wiadomosci\/wp-content\/uploads\/2026\/02\/20260415-Ogrody-Andersa-WYBIERZ-MIESZKANIE-D.jpg\" alt=\"\"  srcset=\"https:\/\/www.24zabrze.pl\/wiadomosci\/wp-content\/uploads\/2026\/02\/20260415-Ogrody-Andersa-WYBIERZ-MIESZKANIE-D.jpg 750w, https:\/\/www.24zabrze.pl\/wiadomosci\/wp-content\/uploads\/2026\/02\/20260415-Ogrody-Andersa-WYBIERZ-MIESZKANIE-D-410x109.jpg 410w\" sizes=\"(max-width: 750px) 100vw, 750px\" class=\"no-lazyload\" width=\"750\" height=\"200\"  style=\"display: inline-block; max-width: 100%; height: auto;\" \/><\/a><\/div><\/div>\n<h4>Termin i miejsce: 19 lutego (czwartek), godz. 14.00\u201320.00, DOK Ko\u0144czyce, ul. Dorotki 3, Zabrze.<\/h4>\n<p>Wydarzenie realizowane jest w ramach projektu \u201eCentrum Sprawiedliwej Transformacji w Zabrzu\u201d, wsp\u00f3\u0142finansowanego ze \u015brodk\u00f3w Funduszy Europejskich dla \u015al\u0105skiego 2021\u20132027, w ramach Funduszu na rzecz Sprawiedliwej Transformacji. Projekt ma na celu wzmocnienie dzia\u0142a\u0144 spo\u0142ecznych i proekologicznych w mie\u015bcie.<\/p>\n<p>(\u017cms)\/UM Zabrze<\/p>\n","protected":false},"excerpt":{"rendered":"<p>W Dzielnicowym O\u015brodku Kultury Ko\u0144czyce w Zabrzu w czwartek, 19 lutego, odb\u0119dzie si\u0119 kolejna edycja \u201eWymienialnika\u201d \u2013 wydarzenia promuj\u0105cego ide\u0119 ponownego wykorzystania odzie\u017cy i ograniczania nadmiernej konsumpcji. Spotkanie skierowane jest do mieszka\u0144c\u00f3w, kt\u00f3rzy chc\u0105 nada\u0107 swoim rzeczom \u201edrugie \u017cycie\u201d i jednocze\u015bnie zadba\u0107 o \u015brodowisko. \u201eWymienialnik\u201d to inicjatywa polegaj\u0105ca na wymianie u\u017cywanych, czystych i niezniszczonych ubra\u0144 [&hellip;]<\/p>\n","protected":false},"author":17,"featured_media":116311,"comment_status":"closed","ping_status":"closed","sticky":false,"template":"","format":"standard","meta":{"_monsterinsights_skip_tracking":false,"_monsterinsights_sitenote_active":false,"_monsterinsights_sitenote_note":"","_monsterinsights_sitenote_category":0,"footnotes":"","_links_to":"","_links_to_target":""},"categories":[11756,1],"tags":[12957,12956],"class_list":["post-116310","post","type-post","status-publish","format-standard","has-post-thumbnail","hentry","category-kultura","category-wszystko","tag-konczyce","tag-wymiana-ubran"],"_links":{"self":[{"href":"https:\/\/www.24zabrze.pl\/wiadomosci\/wp-json\/wp\/v2\/posts\/116310","targetHints":{"allow":["GET"]}}],"collection":[{"href":"https:\/\/www.24zabrze.pl\/wiadomosci\/wp-json\/wp\/v2\/posts"}],"about":[{"href":"https:\/\/www.24zabrze.pl\/wiadomosci\/wp-json\/wp\/v2\/types\/post"}],"author":[{"embeddable":true,"href":"https:\/\/www.24zabrze.pl\/wiadomosci\/wp-json\/wp\/v2\/users\/17"}],"replies":[{"embeddable":true,"href":"https:\/\/www.24zabrze.pl\/wiadomosci\/wp-json\/wp\/v2\/comments?post=116310"}],"version-history":[{"count":1,"href":"https:\/\/www.24zabrze.pl\/wiadomosci\/wp-json\/wp\/v2\/posts\/116310\/revisions"}],"predecessor-version":[{"id":116312,"href":"https:\/\/www.24zabrze.pl\/wiadomosci\/wp-json\/wp\/v2\/posts\/116310\/revisions\/116312"}],"wp:featuredmedia":[{"embeddable":true,"href":"https:\/\/www.24zabrze.pl\/wiadomosci\/wp-json\/wp\/v2\/media\/116311"}],"wp:attachment":[{"href":"https:\/\/www.24zabrze.pl\/wiadomosci\/wp-json\/wp\/v2\/media?parent=116310"}],"wp:term":[{"taxonomy":"category","embeddable":true,"href":"https:\/\/www.24zabrze.pl\/wiadomosci\/wp-json\/wp\/v2\/categories?post=116310"},{"taxonomy":"post_tag","embeddable":true,"href":"https:\/\/www.24zabrze.pl\/wiadomosci\/wp-json\/wp\/v2\/tags?post=116310"}],"curies":[{"name":"wp","href":"https:\/\/api.w.org\/{rel}","templated":true}]}}