{"id":116040,"date":"2026-01-28T12:28:16","date_gmt":"2026-01-28T11:28:16","guid":{"rendered":"https:\/\/www.24zabrze.pl\/wiadomosci\/?p=116040"},"modified":"2026-01-28T12:28:16","modified_gmt":"2026-01-28T11:28:16","slug":"lokalna-spolecznosc-ma-wielka-sile-i-ogromne-serca-wynik-zbiorki-podczas-finalu-wosp-w-zabrzu","status":"publish","type":"post","link":"https:\/\/www.24zabrze.pl\/wiadomosci\/lokalna-spolecznosc-ma-wielka-sile-i-ogromne-serca-wynik-zbiorki-podczas-finalu-wosp-w-zabrzu\/","title":{"rendered":"&#8220;Lokalna spo\u0142eczno\u015b\u0107 ma wielk\u0105 si\u0142\u0119 i ogromne serca&#8221;. Wynik zbi\u00f3rki podczas fina\u0142u WO\u015aP w Zabrzu"},"content":{"rendered":"<div class=\"zabrz-a6-z-nad-leadem-artykulow zabrz-entity-placement\" id=\"zabrz-1504582595\"><div class=\"zabrz-adlabel\"><span style=\"font-size: 9px\">REKLAMA<\/span><\/div><div id=\"zabrz-1380821049\" style=\"margin-bottom: 30px;margin-left: auto;margin-right: auto;text-align: center;\"><a data-no-instant=\"1\" href=\"https:\/\/dom100.eu\/\" rel=\"noopener\" class=\"a2t-link\" target=\"_blank\" aria-label=\"20260415 DOM100 D\"><img loading=\"lazy\" decoding=\"async\" src=\"https:\/\/www.24zabrze.pl\/wiadomosci\/wp-content\/uploads\/2026\/02\/20260415-DOM100-D.jpg\" alt=\"\"  srcset=\"https:\/\/www.24zabrze.pl\/wiadomosci\/wp-content\/uploads\/2026\/02\/20260415-DOM100-D.jpg 750w, https:\/\/www.24zabrze.pl\/wiadomosci\/wp-content\/uploads\/2026\/02\/20260415-DOM100-D-410x109.jpg 410w\" sizes=\"(max-width: 750px) 100vw, 750px\" class=\"no-lazyload\" width=\"750\" height=\"200\"  style=\"display: inline-block; max-width: 100%; height: auto;\" \/><\/a><\/div><\/div><h2>Zabrze po raz kolejny zagra\u0142o razem \u2013 i to z imponuj\u0105cym efektem. Podczas Fina\u0142u Wielkiej Orkiestry \u015awi\u0105tecznej Pomocy, kt\u00f3ry 25 stycznia odby\u0142 si\u0119 w Centrum Handlowym Platan, zebrano ponad 210,6 tys. z\u0142 na diagnostyk\u0119 i leczenie chor\u00f3b przewodu pokarmowego u dzieci.<\/h2>\n<p>To imponuj\u0105cy wynik i dow\u00f3d na ogromne zaanga\u017cowanie mieszka\u0144c\u00f3w Zabrza oraz ca\u0142ej lokalnej spo\u0142eczno\u015bci. W zabrza\u0144skim \u201e\u015awiate\u0142ku do Nieba&#8221; w CH Platan uczestniczyli m.in. Prezydent Zabrza<strong> Kamil \u017bbikowski <\/strong>(kt\u00f3ry tak\u017ce otwiera\u0142 ca\u0142e wydarzenie oraz by\u0142 wolontariuszem), a tak\u017ce jego zast\u0119pcy.<\/p><div class=\"zabrz-a3-z-w-tresci-artykulow zabrz-entity-placement\" id=\"zabrz-824091060\"><div class=\"zabrz-adlabel\"><span style=\"font-size: 9px\">REKLAMA<\/span><\/div><div id=\"zabrz-3663313075\" style=\"margin-bottom: 40px;margin-left: auto;margin-right: auto;text-align: center;\"><a data-no-instant=\"1\" href=\"https:\/\/ogrodyandersa.pl\/\" rel=\"noopener\" class=\"a2t-link\" target=\"_blank\" aria-label=\"20260415 Ogrody Andersa WYBIERZ MIESZKANIE D\"><img loading=\"lazy\" decoding=\"async\" src=\"https:\/\/www.24zabrze.pl\/wiadomosci\/wp-content\/uploads\/2026\/02\/20260415-Ogrody-Andersa-WYBIERZ-MIESZKANIE-D.jpg\" alt=\"\"  srcset=\"https:\/\/www.24zabrze.pl\/wiadomosci\/wp-content\/uploads\/2026\/02\/20260415-Ogrody-Andersa-WYBIERZ-MIESZKANIE-D.jpg 750w, https:\/\/www.24zabrze.pl\/wiadomosci\/wp-content\/uploads\/2026\/02\/20260415-Ogrody-Andersa-WYBIERZ-MIESZKANIE-D-410x109.jpg 410w\" sizes=\"(max-width: 750px) 100vw, 750px\" class=\"no-lazyload\" width=\"750\" height=\"200\"  style=\"display: inline-block; max-width: 100%; height: auto;\" \/><\/a><\/div><\/div>\n<p><img loading=\"lazy\" decoding=\"async\" class=\"alignnone size-full wp-image-116043\" src=\"https:\/\/www.24zabrze.pl\/wiadomosci\/wp-content\/uploads\/2026\/01\/wosp-zabrze-platan-prezydent.jpg\" alt=\"\" width=\"810\" height=\"540\" srcset=\"https:\/\/www.24zabrze.pl\/wiadomosci\/wp-content\/uploads\/2026\/01\/wosp-zabrze-platan-prezydent.jpg 810w, https:\/\/www.24zabrze.pl\/wiadomosci\/wp-content\/uploads\/2026\/01\/wosp-zabrze-platan-prezydent-348x232.jpg 348w, https:\/\/www.24zabrze.pl\/wiadomosci\/wp-content\/uploads\/2026\/01\/wosp-zabrze-platan-prezydent-683x455.jpg 683w, https:\/\/www.24zabrze.pl\/wiadomosci\/wp-content\/uploads\/2026\/01\/wosp-zabrze-platan-prezydent-768x512.jpg 768w\" sizes=\"auto, (max-width: 810px) 100vw, 810px\" \/><\/p>\n<p><img loading=\"lazy\" decoding=\"async\" class=\"alignnone size-full wp-image-116046\" src=\"https:\/\/www.24zabrze.pl\/wiadomosci\/wp-content\/uploads\/2026\/01\/wosp-zabrze-platan3.jpg\" alt=\"\" width=\"810\" height=\"540\" srcset=\"https:\/\/www.24zabrze.pl\/wiadomosci\/wp-content\/uploads\/2026\/01\/wosp-zabrze-platan3.jpg 810w, https:\/\/www.24zabrze.pl\/wiadomosci\/wp-content\/uploads\/2026\/01\/wosp-zabrze-platan3-348x232.jpg 348w, https:\/\/www.24zabrze.pl\/wiadomosci\/wp-content\/uploads\/2026\/01\/wosp-zabrze-platan3-683x455.jpg 683w, https:\/\/www.24zabrze.pl\/wiadomosci\/wp-content\/uploads\/2026\/01\/wosp-zabrze-platan3-768x512.jpg 768w\" sizes=\"auto, (max-width: 810px) 100vw, 810px\" \/><\/p>\n<p>CH Platan 25 stycznia t\u0119tni\u0142 muzyk\u0105, \u015bmiechem i pozytywn\u0105 energi\u0105. Galeria sta\u0142a si\u0119 prawdziwym sercem zabrza\u0144skiego Fina\u0142u WO\u015aP \u2013 miejscem spotka\u0144, rodzinnych aktywno\u015bci i wsp\u00f3lnego pomagania. Na uczestnik\u00f3w czeka\u0142 bogaty program pe\u0142en atrakcji dla dzieci i doros\u0142ych. Ogromnym zainteresowaniem cieszy\u0142y si\u0119 strefy animacyjne z konkursami, mini dyskotek\u0105, karaoke oraz efektownymi pokazami baniek mydlanych.<\/p>\n<h4>Najm\u0142odsi ch\u0119tnie korzystali ze strefy malucha z zabawami sensorycznymi, klockami i animacjami, a starsze dzieci i ca\u0142e rodziny bra\u0142y udzia\u0142 w grach wielkoformatowych.<\/h4>\n<p>Istotnym punktem programu by\u0142a r\u00f3wnie\u017c rozbudowana strefa kreatywna, w kt\u00f3rej uczestnicy brali udzia\u0142 w warsztatach plastycznych, rytmicznych, b\u0119bniarskich oraz eksperymentach naukowych. Du\u017cym powodzeniem cieszy\u0142y si\u0119 tak\u017ce malowanie buziek, brokatowe tatua\u017ce, kolorowe warkoczyki oraz sklepik WO\u015aP z gad\u017cetami.<\/p>\n<p><img loading=\"lazy\" decoding=\"async\" class=\"alignnone size-full wp-image-116047\" src=\"https:\/\/www.24zabrze.pl\/wiadomosci\/wp-content\/uploads\/2026\/01\/wosp-zabrze-platan4.jpg\" alt=\"\" width=\"810\" height=\"540\" srcset=\"https:\/\/www.24zabrze.pl\/wiadomosci\/wp-content\/uploads\/2026\/01\/wosp-zabrze-platan4.jpg 810w, https:\/\/www.24zabrze.pl\/wiadomosci\/wp-content\/uploads\/2026\/01\/wosp-zabrze-platan4-348x232.jpg 348w, https:\/\/www.24zabrze.pl\/wiadomosci\/wp-content\/uploads\/2026\/01\/wosp-zabrze-platan4-683x455.jpg 683w, https:\/\/www.24zabrze.pl\/wiadomosci\/wp-content\/uploads\/2026\/01\/wosp-zabrze-platan4-768x512.jpg 768w\" sizes=\"auto, (max-width: 810px) 100vw, 810px\" \/><\/p>\n<p><img loading=\"lazy\" decoding=\"async\" class=\"alignnone size-full wp-image-116050\" src=\"https:\/\/www.24zabrze.pl\/wiadomosci\/wp-content\/uploads\/2026\/01\/wosp-zabrze-platan7.jpg\" alt=\"\" width=\"810\" height=\"540\" srcset=\"https:\/\/www.24zabrze.pl\/wiadomosci\/wp-content\/uploads\/2026\/01\/wosp-zabrze-platan7.jpg 810w, https:\/\/www.24zabrze.pl\/wiadomosci\/wp-content\/uploads\/2026\/01\/wosp-zabrze-platan7-348x232.jpg 348w, https:\/\/www.24zabrze.pl\/wiadomosci\/wp-content\/uploads\/2026\/01\/wosp-zabrze-platan7-683x455.jpg 683w, https:\/\/www.24zabrze.pl\/wiadomosci\/wp-content\/uploads\/2026\/01\/wosp-zabrze-platan7-768x512.jpg 768w\" sizes=\"auto, (max-width: 810px) 100vw, 810px\" \/><\/p>\n<p>Wa\u017cnym elementem fina\u0142u by\u0142a strefa zdrowia i edukacji, gdzie prowadzone by\u0142y pokazy pierwszej pomocy dla dzieci, warsztaty dotycz\u0105ce zdrowego od\u017cywiania oraz aktywno\u015bci ruchowe, w tym tor przeszk\u00f3d \u201eSuper Zdrowiaka&#8221;. Dodatkow\u0105 atrakcj\u0105 by\u0142a stanowisko Wiking\u00f3w, kt\u00f3re przenios\u0142o najm\u0142odszych w \u015bwiat nordyckich przyg\u00f3d, konkurs\u00f3w i kreatywnych zabaw. Ca\u0142o\u015b\u0107 dope\u0142ni\u0142y wyst\u0119py artystyczne, taneczne, magiczne i cyrkowe, pokazy baniek mydlanych, licytacje charytatywne oraz stoiska lokalnych organizacji, r\u0119kodzielnik\u00f3w i partner\u00f3w wydarzenia.<\/p>\n<h4>Dzi\u0119ki wsp\u00f3lnemu zaanga\u017cowaniu wolontariuszy, organizator\u00f3w i uczestnik\u00f3w uda\u0142o si\u0119 osi\u0105gn\u0105\u0107 znakomity wynik zbi\u00f3rki.<\/h4>\n<p>\u2013 <em>Fina\u0142 WO\u015aP to co\u015b wi\u0119cej ni\u017c jednodniowe wydarzenie. To moment, w kt\u00f3rym Centrum Handlowe Platan naprawd\u0119 staje si\u0119 miejscem spotka\u0144, wsp\u00f3\u0142pracy i wsp\u00f3lnego dzia\u0142ania dla dobra innych. Ogromnie wzrusza nas skala zaanga\u017cowania mieszka\u0144c\u00f3w Zabrza \u2013 rodzin z dzie\u0107mi, wolontariuszy, partner\u00f3w i wszystkich, kt\u00f3rzy tego dnia byli z nami. Wynik ponad 210 tysi\u0119cy z\u0142otych pokazuje, \u017ce lokalna spo\u0142eczno\u015b\u0107 ma wielk\u0105 si\u0142\u0119 i ogromne serca. Cieszymy si\u0119, \u017ce mogli\u015bmy stworzy\u0107 przestrze\u0144, w kt\u00f3rej pomaganie \u0142\u0105czy si\u0119 z rado\u015bci\u0105, edukacj\u0105 i wsp\u00f3lnie sp\u0119dzonym czasem<\/em> \u2013 podsumowuje<strong> Karolina Koczera<\/strong>, dyrektor Centrum Handlowego Platan.<\/p>\n<p><img loading=\"lazy\" decoding=\"async\" class=\"alignnone size-full wp-image-116049\" src=\"https:\/\/www.24zabrze.pl\/wiadomosci\/wp-content\/uploads\/2026\/01\/wosp-zabrze-platan6.jpg\" alt=\"\" width=\"810\" height=\"540\" srcset=\"https:\/\/www.24zabrze.pl\/wiadomosci\/wp-content\/uploads\/2026\/01\/wosp-zabrze-platan6.jpg 810w, https:\/\/www.24zabrze.pl\/wiadomosci\/wp-content\/uploads\/2026\/01\/wosp-zabrze-platan6-348x232.jpg 348w, https:\/\/www.24zabrze.pl\/wiadomosci\/wp-content\/uploads\/2026\/01\/wosp-zabrze-platan6-683x455.jpg 683w, https:\/\/www.24zabrze.pl\/wiadomosci\/wp-content\/uploads\/2026\/01\/wosp-zabrze-platan6-768x512.jpg 768w\" sizes=\"auto, (max-width: 810px) 100vw, 810px\" \/><\/p>\n<p><img loading=\"lazy\" decoding=\"async\" class=\"alignnone size-full wp-image-116051\" src=\"https:\/\/www.24zabrze.pl\/wiadomosci\/wp-content\/uploads\/2026\/01\/wosp-zabrze-platan8.jpg\" alt=\"\" width=\"810\" height=\"540\" srcset=\"https:\/\/www.24zabrze.pl\/wiadomosci\/wp-content\/uploads\/2026\/01\/wosp-zabrze-platan8.jpg 810w, https:\/\/www.24zabrze.pl\/wiadomosci\/wp-content\/uploads\/2026\/01\/wosp-zabrze-platan8-348x232.jpg 348w, https:\/\/www.24zabrze.pl\/wiadomosci\/wp-content\/uploads\/2026\/01\/wosp-zabrze-platan8-683x455.jpg 683w, https:\/\/www.24zabrze.pl\/wiadomosci\/wp-content\/uploads\/2026\/01\/wosp-zabrze-platan8-768x512.jpg 768w\" sizes=\"auto, (max-width: 810px) 100vw, 810px\" \/><\/p>\n<p>Fina\u0142 Wielkiej Orkiestry \u015awi\u0105tecznej Pomocy w CH Platan by\u0142 cz\u0119\u015bci\u0105 og\u00f3lnopolskiej akcji, kt\u00f3ra od 1993 roku wspiera polsk\u0105 s\u0142u\u017cb\u0119 zdrowia. W tym roku WO\u015aP zbiera \u015brodki na diagnostyk\u0119 i leczenie chor\u00f3b przewodu pokarmowego u dzieci. Organizatorem wydarzenia w Zabrzu by\u0142o Stowarzyszenie Wielka Flota Zjednoczonych Si\u0142.<\/p>\n<p>(mat. CH PLATAN)<\/p>\n<p><img loading=\"lazy\" decoding=\"async\" class=\"alignnone size-full wp-image-116045\" src=\"https:\/\/www.24zabrze.pl\/wiadomosci\/wp-content\/uploads\/2026\/01\/wosp-zabrze-platan2.jpg\" alt=\"\" width=\"810\" height=\"540\" srcset=\"https:\/\/www.24zabrze.pl\/wiadomosci\/wp-content\/uploads\/2026\/01\/wosp-zabrze-platan2.jpg 810w, https:\/\/www.24zabrze.pl\/wiadomosci\/wp-content\/uploads\/2026\/01\/wosp-zabrze-platan2-348x232.jpg 348w, https:\/\/www.24zabrze.pl\/wiadomosci\/wp-content\/uploads\/2026\/01\/wosp-zabrze-platan2-683x455.jpg 683w, https:\/\/www.24zabrze.pl\/wiadomosci\/wp-content\/uploads\/2026\/01\/wosp-zabrze-platan2-768x512.jpg 768w\" sizes=\"auto, (max-width: 810px) 100vw, 810px\" \/><\/p>\n<p><img loading=\"lazy\" decoding=\"async\" class=\"alignnone size-full wp-image-116044\" src=\"https:\/\/www.24zabrze.pl\/wiadomosci\/wp-content\/uploads\/2026\/01\/wosp-zabrze-platan.jpg\" alt=\"\" width=\"810\" height=\"540\" srcset=\"https:\/\/www.24zabrze.pl\/wiadomosci\/wp-content\/uploads\/2026\/01\/wosp-zabrze-platan.jpg 810w, https:\/\/www.24zabrze.pl\/wiadomosci\/wp-content\/uploads\/2026\/01\/wosp-zabrze-platan-348x232.jpg 348w, https:\/\/www.24zabrze.pl\/wiadomosci\/wp-content\/uploads\/2026\/01\/wosp-zabrze-platan-683x455.jpg 683w, https:\/\/www.24zabrze.pl\/wiadomosci\/wp-content\/uploads\/2026\/01\/wosp-zabrze-platan-768x512.jpg 768w\" sizes=\"auto, (max-width: 810px) 100vw, 810px\" \/><\/p>\n","protected":false},"excerpt":{"rendered":"<p>Zabrze po raz kolejny zagra\u0142o razem \u2013 i to z imponuj\u0105cym efektem. Podczas Fina\u0142u Wielkiej Orkiestry \u015awi\u0105tecznej Pomocy, kt\u00f3ry 25 stycznia odby\u0142 si\u0119 w Centrum Handlowym Platan, zebrano ponad 210,6 tys. z\u0142 na diagnostyk\u0119 i leczenie chor\u00f3b przewodu pokarmowego u dzieci. To imponuj\u0105cy wynik i dow\u00f3d na ogromne zaanga\u017cowanie mieszka\u0144c\u00f3w Zabrza oraz ca\u0142ej lokalnej spo\u0142eczno\u015bci. [&hellip;]<\/p>\n","protected":false},"author":17,"featured_media":116048,"comment_status":"closed","ping_status":"closed","sticky":false,"template":"","format":"standard","meta":{"_monsterinsights_skip_tracking":false,"_monsterinsights_sitenote_active":false,"_monsterinsights_sitenote_note":"","_monsterinsights_sitenote_category":0,"footnotes":"","_links_to":"","_links_to_target":""},"categories":[11756,9,1],"tags":[12865,12881],"class_list":["post-116040","post","type-post","status-publish","format-standard","has-post-thumbnail","hentry","category-kultura","category-stronaglowna","category-wszystko","tag-platan","tag-wosp"],"_links":{"self":[{"href":"https:\/\/www.24zabrze.pl\/wiadomosci\/wp-json\/wp\/v2\/posts\/116040","targetHints":{"allow":["GET"]}}],"collection":[{"href":"https:\/\/www.24zabrze.pl\/wiadomosci\/wp-json\/wp\/v2\/posts"}],"about":[{"href":"https:\/\/www.24zabrze.pl\/wiadomosci\/wp-json\/wp\/v2\/types\/post"}],"author":[{"embeddable":true,"href":"https:\/\/www.24zabrze.pl\/wiadomosci\/wp-json\/wp\/v2\/users\/17"}],"replies":[{"embeddable":true,"href":"https:\/\/www.24zabrze.pl\/wiadomosci\/wp-json\/wp\/v2\/comments?post=116040"}],"version-history":[{"count":0,"href":"https:\/\/www.24zabrze.pl\/wiadomosci\/wp-json\/wp\/v2\/posts\/116040\/revisions"}],"wp:featuredmedia":[{"embeddable":true,"href":"https:\/\/www.24zabrze.pl\/wiadomosci\/wp-json\/wp\/v2\/media\/116048"}],"wp:attachment":[{"href":"https:\/\/www.24zabrze.pl\/wiadomosci\/wp-json\/wp\/v2\/media?parent=116040"}],"wp:term":[{"taxonomy":"category","embeddable":true,"href":"https:\/\/www.24zabrze.pl\/wiadomosci\/wp-json\/wp\/v2\/categories?post=116040"},{"taxonomy":"post_tag","embeddable":true,"href":"https:\/\/www.24zabrze.pl\/wiadomosci\/wp-json\/wp\/v2\/tags?post=116040"}],"curies":[{"name":"wp","href":"https:\/\/api.w.org\/{rel}","templated":true}]}}