{"id":116000,"date":"2026-01-22T13:06:11","date_gmt":"2026-01-22T12:06:11","guid":{"rendered":"https:\/\/www.24zabrze.pl\/wiadomosci\/?p=116000"},"modified":"2026-01-22T13:06:11","modified_gmt":"2026-01-22T12:06:11","slug":"ogrod-deszczowy-powstanie-przy-domu-dziennego-pobytu-prace-rozpoczna-sie-wiosna","status":"publish","type":"post","link":"https:\/\/www.24zabrze.pl\/wiadomosci\/ogrod-deszczowy-powstanie-przy-domu-dziennego-pobytu-prace-rozpoczna-sie-wiosna\/","title":{"rendered":"Ogr\u00f3d deszczowy powstanie przy Domu Dziennego Pobytu. Prace rozpoczn\u0105 si\u0119 wiosn\u0105"},"content":{"rendered":"<div class=\"zabrz-a6-z-nad-leadem-artykulow zabrz-entity-placement\" id=\"zabrz-1470157850\"><div class=\"zabrz-adlabel\"><span style=\"font-size: 9px\">REKLAMA<\/span><\/div><div id=\"zabrz-1714913556\" style=\"margin-bottom: 30px;margin-left: auto;margin-right: auto;text-align: center;\"><a data-no-instant=\"1\" href=\"https:\/\/dom100.eu\/\" rel=\"noopener\" class=\"a2t-link\" target=\"_blank\" aria-label=\"20260415 DOM100 D\"><img loading=\"lazy\" decoding=\"async\" src=\"https:\/\/www.24zabrze.pl\/wiadomosci\/wp-content\/uploads\/2026\/02\/20260415-DOM100-D.jpg\" alt=\"\"  srcset=\"https:\/\/www.24zabrze.pl\/wiadomosci\/wp-content\/uploads\/2026\/02\/20260415-DOM100-D.jpg 750w, https:\/\/www.24zabrze.pl\/wiadomosci\/wp-content\/uploads\/2026\/02\/20260415-DOM100-D-410x109.jpg 410w\" sizes=\"(max-width: 750px) 100vw, 750px\" class=\"no-lazyload\" width=\"750\" height=\"200\"  style=\"display: inline-block; max-width: 100%; height: auto;\" \/><\/a><\/div><\/div><h2>Przy Domu Dziennego Pobytu Os\u00f3b z Niepe\u0142nosprawno\u015bciami przy ul. Bytomskiej 24 w Zabrzu powstanie ogr\u00f3d deszczowy, kt\u00f3ry po\u0142\u0105czy funkcj\u0119 estetyczn\u0105 z dzia\u0142aniami na rzecz \u015brodowiska. Inwestycja ma na celu zwi\u0119kszenie retencji w\u00f3d opadowych oraz promocj\u0119 proekologicznych rozwi\u0105za\u0144 w przestrzeni miejskiej.<\/h2>\n<p>Ogr\u00f3d deszczowy zostanie obsadzony m.in. miko\u0142ajkiem polnym, d\u0142ugoszem kr\u00f3lewskim, kosa\u0107cem \u017c\u00f3\u0142tym oraz fio\u0142kiem b\u0142otnym. Zastosowanie specjalnego pod\u0142o\u017ca z piasku i \u017cwiru pozwoli na zatrzymywanie nawet o 30 proc. wi\u0119cej wody opadowej w por\u00f3wnaniu do tradycyjnych nasadze\u0144, co ograniczy jej odp\u0142yw i wspomo\u017ce lokalny ekosystem.<\/p><div class=\"zabrz-a3-z-w-tresci-artykulow zabrz-entity-placement\" id=\"zabrz-737913797\"><div class=\"zabrz-adlabel\"><span style=\"font-size: 9px\">REKLAMA<\/span><\/div><div id=\"zabrz-955752891\" style=\"margin-bottom: 40px;margin-left: auto;margin-right: auto;text-align: center;\"><a data-no-instant=\"1\" href=\"https:\/\/ogrodyandersa.pl\/\" rel=\"noopener\" class=\"a2t-link\" target=\"_blank\" aria-label=\"20260415 Ogrody Andersa WYBIERZ MIESZKANIE D\"><img loading=\"lazy\" decoding=\"async\" src=\"https:\/\/www.24zabrze.pl\/wiadomosci\/wp-content\/uploads\/2026\/02\/20260415-Ogrody-Andersa-WYBIERZ-MIESZKANIE-D.jpg\" alt=\"\"  srcset=\"https:\/\/www.24zabrze.pl\/wiadomosci\/wp-content\/uploads\/2026\/02\/20260415-Ogrody-Andersa-WYBIERZ-MIESZKANIE-D.jpg 750w, https:\/\/www.24zabrze.pl\/wiadomosci\/wp-content\/uploads\/2026\/02\/20260415-Ogrody-Andersa-WYBIERZ-MIESZKANIE-D-410x109.jpg 410w\" sizes=\"(max-width: 750px) 100vw, 750px\" class=\"no-lazyload\" width=\"750\" height=\"200\"  style=\"display: inline-block; max-width: 100%; height: auto;\" \/><\/a><\/div><\/div>\n<h4>Projekt jest inicjatyw\u0105 senior\u00f3w z Dziennego Domu Pobytu, kt\u00f3rzy samodzielnie przygotowali wniosek o realizacj\u0119 zadania. Projekt zosta\u0142 pozytywnie oceniony i zaakceptowany przez G\u00f3rno\u015bl\u0105sko-Zag\u0142\u0119biowsk\u0105 Metropoli\u0119.<\/h4>\n<p>R\u00f3wnolegle prowadzone s\u0105 dzia\u0142ania edukacyjne z zakresu ekologii i retencjonowania wody. Uczestnicy projektu zapoznaj\u0105 si\u0119 z zasadami funkcjonowania ogrod\u00f3w deszczowych, struktur\u0105 pod\u0142o\u017ca oraz praktycznymi rozwi\u0105zaniami mo\u017cliwymi do zastosowania r\u00f3wnie\u017c w ogrodach przydomowych.<\/p>\n<p>Rozpocz\u0119cie prac zaplanowano na wiosn\u0119. W realizacj\u0119 projektu w\u0142\u0105cz\u0105 si\u0119 tak\u017ce seniorzy z Domu Dziennego Pobytu w Biskupicach. Zdobyta wiedza i do\u015bwiadczenia b\u0119d\u0105 przekazywane osobom zainteresowanym zak\u0142adaniem w\u0142asnych ogrod\u00f3w deszczowych.<\/p>\n<p>(\u017cms)\/UM Zabrze<br \/>\nfot. UM Zabrze<\/p>\n","protected":false},"excerpt":{"rendered":"<p>Przy Domu Dziennego Pobytu Os\u00f3b z Niepe\u0142nosprawno\u015bciami przy ul. Bytomskiej 24 w Zabrzu powstanie ogr\u00f3d deszczowy, kt\u00f3ry po\u0142\u0105czy funkcj\u0119 estetyczn\u0105 z dzia\u0142aniami na rzecz \u015brodowiska. Inwestycja ma na celu zwi\u0119kszenie retencji w\u00f3d opadowych oraz promocj\u0119 proekologicznych rozwi\u0105za\u0144 w przestrzeni miejskiej. Ogr\u00f3d deszczowy zostanie obsadzony m.in. miko\u0142ajkiem polnym, d\u0142ugoszem kr\u00f3lewskim, kosa\u0107cem \u017c\u00f3\u0142tym oraz fio\u0142kiem b\u0142otnym. Zastosowanie [&hellip;]<\/p>\n","protected":false},"author":17,"featured_media":116004,"comment_status":"closed","ping_status":"closed","sticky":false,"template":"","format":"standard","meta":{"_monsterinsights_skip_tracking":false,"_monsterinsights_sitenote_active":false,"_monsterinsights_sitenote_note":"","_monsterinsights_sitenote_category":0,"footnotes":"","_links_to":"","_links_to_target":""},"categories":[11756,1],"tags":[12869,12896],"class_list":["post-116000","post","type-post","status-publish","format-standard","has-post-thumbnail","hentry","category-kultura","category-wszystko","tag-gzm","tag-ogrod-deszczowy"],"_links":{"self":[{"href":"https:\/\/www.24zabrze.pl\/wiadomosci\/wp-json\/wp\/v2\/posts\/116000","targetHints":{"allow":["GET"]}}],"collection":[{"href":"https:\/\/www.24zabrze.pl\/wiadomosci\/wp-json\/wp\/v2\/posts"}],"about":[{"href":"https:\/\/www.24zabrze.pl\/wiadomosci\/wp-json\/wp\/v2\/types\/post"}],"author":[{"embeddable":true,"href":"https:\/\/www.24zabrze.pl\/wiadomosci\/wp-json\/wp\/v2\/users\/17"}],"replies":[{"embeddable":true,"href":"https:\/\/www.24zabrze.pl\/wiadomosci\/wp-json\/wp\/v2\/comments?post=116000"}],"version-history":[{"count":0,"href":"https:\/\/www.24zabrze.pl\/wiadomosci\/wp-json\/wp\/v2\/posts\/116000\/revisions"}],"wp:featuredmedia":[{"embeddable":true,"href":"https:\/\/www.24zabrze.pl\/wiadomosci\/wp-json\/wp\/v2\/media\/116004"}],"wp:attachment":[{"href":"https:\/\/www.24zabrze.pl\/wiadomosci\/wp-json\/wp\/v2\/media?parent=116000"}],"wp:term":[{"taxonomy":"category","embeddable":true,"href":"https:\/\/www.24zabrze.pl\/wiadomosci\/wp-json\/wp\/v2\/categories?post=116000"},{"taxonomy":"post_tag","embeddable":true,"href":"https:\/\/www.24zabrze.pl\/wiadomosci\/wp-json\/wp\/v2\/tags?post=116000"}],"curies":[{"name":"wp","href":"https:\/\/api.w.org\/{rel}","templated":true}]}}