{"id":115984,"date":"2026-01-21T15:47:31","date_gmt":"2026-01-21T14:47:31","guid":{"rendered":"https:\/\/www.24zabrze.pl\/wiadomosci\/?p=115984"},"modified":"2026-01-21T15:47:31","modified_gmt":"2026-01-21T14:47:31","slug":"kolejne-nowe-pociagi-kolei-slaskich-wyjechaly-na-tory-w-tym-roku-lacznie-14-takich-skladow","status":"publish","type":"post","link":"https:\/\/www.24zabrze.pl\/wiadomosci\/kolejne-nowe-pociagi-kolei-slaskich-wyjechaly-na-tory-w-tym-roku-lacznie-14-takich-skladow\/","title":{"rendered":"Kolejne nowe poci\u0105gi Kolei \u015al\u0105skich wyjecha\u0142y na tory. W tym roku \u0142\u0105cznie 14 takich sk\u0142ad\u00f3w"},"content":{"rendered":"<div class=\"zabrz-a6-z-nad-leadem-artykulow zabrz-entity-placement\" id=\"zabrz-3122703268\"><div class=\"zabrz-adlabel\"><span style=\"font-size: 9px\">REKLAMA<\/span><\/div><div id=\"zabrz-3559687436\" style=\"margin-bottom: 30px;margin-left: auto;margin-right: auto;text-align: center;\"><a data-no-instant=\"1\" href=\"https:\/\/dom100.eu\/\" rel=\"noopener\" class=\"a2t-link\" target=\"_blank\" aria-label=\"20260415 DOM100 D\"><img loading=\"lazy\" decoding=\"async\" src=\"https:\/\/www.24zabrze.pl\/wiadomosci\/wp-content\/uploads\/2026\/02\/20260415-DOM100-D.jpg\" alt=\"\"  srcset=\"https:\/\/www.24zabrze.pl\/wiadomosci\/wp-content\/uploads\/2026\/02\/20260415-DOM100-D.jpg 750w, https:\/\/www.24zabrze.pl\/wiadomosci\/wp-content\/uploads\/2026\/02\/20260415-DOM100-D-410x109.jpg 410w\" sizes=\"(max-width: 750px) 100vw, 750px\" class=\"no-lazyload\" width=\"750\" height=\"200\"  style=\"display: inline-block; max-width: 100%; height: auto;\" \/><\/a><\/div><\/div><h2>Flota Kolei \u015al\u0105skich zyska\u0142a dwa kolejne Impulsy 2, kt\u00f3re w \u015brod\u0119, 21 stycznia, wyjecha\u0142y na tory wojew\u00f3dztwa \u015bl\u0105skiego. To kontynuacja dostaw nowego taboru \u2013 w 2025 roku do sp\u00f3\u0142ki trafi\u0142o 9 Impuls\u00f3w 2, a w ca\u0142ym 2026 roku do ruchu zostanie wprowadzonych kolejnych 14 poci\u0105g\u00f3w. Docelowo flota Kolei \u015al\u0105skich zyska ponad 30 sk\u0142ad\u00f3w tego typu.<\/h2>\n<p>Nowe Impulsy 2 obs\u0142uguj\u0105 trasy, na kt\u00f3rych ju\u017c dzi\u015b kursuje nowoczesny tabor Kolei \u015al\u0105skich. Ich wprowadzenie podnosi komfort podr\u00f3\u017cy pasa\u017cer\u00f3w, umo\u017cliwia rozw\u00f3j siatki po\u0142\u0105cze\u0144, a tak\u017ce systematyczn\u0105 wymian\u0119 starszego taboru.<\/p><div class=\"zabrz-a3-z-w-tresci-artykulow zabrz-entity-placement\" id=\"zabrz-222281425\"><div class=\"zabrz-adlabel\"><span style=\"font-size: 9px\">REKLAMA<\/span><\/div><div id=\"zabrz-1878336597\" style=\"margin-bottom: 40px;margin-left: auto;margin-right: auto;text-align: center;\"><a data-no-instant=\"1\" href=\"https:\/\/ogrodyandersa.pl\/\" rel=\"noopener\" class=\"a2t-link\" target=\"_blank\" aria-label=\"20260415 Ogrody Andersa WYBIERZ MIESZKANIE D\"><img loading=\"lazy\" decoding=\"async\" src=\"https:\/\/www.24zabrze.pl\/wiadomosci\/wp-content\/uploads\/2026\/02\/20260415-Ogrody-Andersa-WYBIERZ-MIESZKANIE-D.jpg\" alt=\"\"  srcset=\"https:\/\/www.24zabrze.pl\/wiadomosci\/wp-content\/uploads\/2026\/02\/20260415-Ogrody-Andersa-WYBIERZ-MIESZKANIE-D.jpg 750w, https:\/\/www.24zabrze.pl\/wiadomosci\/wp-content\/uploads\/2026\/02\/20260415-Ogrody-Andersa-WYBIERZ-MIESZKANIE-D-410x109.jpg 410w\" sizes=\"(max-width: 750px) 100vw, 750px\" class=\"no-lazyload\" width=\"750\" height=\"200\"  style=\"display: inline-block; max-width: 100%; height: auto;\" \/><\/a><\/div><\/div>\n<h4>14 sk\u0142ad\u00f3w w 2026 roku<\/h4>\n<p>Styczniowa dostawa otworzy\u0142a tegoroczny cykl odbiorc\u00f3w. W 2026 roku na tory trafi 14 Impuls\u00f3w 2 \u2013 dwa z zam\u00f3wienia Kolei \u015al\u0105skich oraz 12 zakupionych przez Wojew\u00f3dztwo \u015al\u0105skie. To kolejny etap wzmocnienia floty zapocz\u0105tkowanej w ubieg\u0142ym roku, kiedy do ruchu w\u0142\u0105czono 9 nowych jednostek (trzy z zam\u00f3wienia przewo\u017anika i sze\u015b\u0107 zam\u00f3wionych przez Wojew\u00f3dztwo \u015al\u0105skie). Docelowo flota Kolei \u015al\u0105skich zyska ponad 30 nowoczesnych Impuls\u00f3w 2.<\/p>\n<p>Zakup nowego taboru mo\u017cliwy jest m.in. dzi\u0119ki \u015brodkom Unii Europejskiej oraz wsparciu z Krajowego Planu Odbudowy. \u0141\u0105czna warto\u015b\u0107 um\u00f3w \u2013 wraz z serwisem utrzymaniowym \u2013 wynosi blisko 1,5 mld z\u0142, z czego ponad 252 mln z\u0142 stanowi dofinansowanie z KPO (po 126 mln z\u0142 dla Wojew\u00f3dztwa \u015al\u0105skiego i Kolei \u015al\u0105skich).<\/p>\n<p><img loading=\"lazy\" decoding=\"async\" src=\"https:\/\/www.24zabrze.pl\/wiadomosci\/wp-content\/uploads\/2026\/01\/nowe-pociagi3.jpg\" alt=\"\" width=\"810\" height=\"456\" class=\"alignnone size-full wp-image-115985\" srcset=\"https:\/\/www.24zabrze.pl\/wiadomosci\/wp-content\/uploads\/2026\/01\/nowe-pociagi3.jpg 810w, https:\/\/www.24zabrze.pl\/wiadomosci\/wp-content\/uploads\/2026\/01\/nowe-pociagi3-410x232.jpg 410w, https:\/\/www.24zabrze.pl\/wiadomosci\/wp-content\/uploads\/2026\/01\/nowe-pociagi3-808x455.jpg 808w, https:\/\/www.24zabrze.pl\/wiadomosci\/wp-content\/uploads\/2026\/01\/nowe-pociagi3-768x432.jpg 768w\" sizes=\"auto, (max-width: 810px) 100vw, 810px\" \/><\/p>\n<h4>Gdzie pasa\u017cerowie spotkaj\u0105 Impulsy 2<\/h4>\n<p>Nowe sk\u0142ady pojawiaj\u0105 si\u0119 na kluczowych trasach regionu. Impulsy 2 kursuj\u0105 m.in. na linii S1 Gliwice \u2013 Cz\u0119stochowa, S4 Katowice \u2013 Tychy Lodowisko i S7 Katowice \u2013 Racib\u00f3rz. Nowe pojazdy obs\u0142uguj\u0105 tak\u017ce po\u0142\u0105czenia do Lubli\u0144ca (S8 i S13), lini\u0119 S18 Gliwice \u2013 Bytom oraz na tras\u0119 do i z Cha\u0142upek (S71 i S78). <\/p>\n<h4>Komfort, kt\u00f3ry robi r\u00f3\u017cnic\u0119<\/h4>\n<p>Impulsy 2 to nowoczesne, czterocz\u0142onowe elektryczne zespo\u0142y trakcyjne rozwijaj\u0105ce pr\u0119dko\u015b\u0107 do 160 km\/h. Ka\u017cdy pojazd oferuje oko\u0142o 400 miejsc dla pasa\u017cer\u00f3w, w tym 192 siedz\u0105ce. Na pok\u0142adzie znajduj\u0105 si\u0119 strefy rodzinne, przestrzenie rowerowe, udogodnienia dla os\u00f3b z niepe\u0142nosprawno\u015bciami \u2013 w tym p\u0119tle indukcyjne w ca\u0142ym poje\u017adzie \u2013 a tak\u017ce nowoczesny system informacji pasa\u017cerskiej w trzech j\u0119zykach i energooszcz\u0119dne o\u015bwietlenie LED.<\/p>\n<p>(mat. Kolei \u015al\u0105skich)<\/p>\n","protected":false},"excerpt":{"rendered":"<p>Flota Kolei \u015al\u0105skich zyska\u0142a dwa kolejne Impulsy 2, kt\u00f3re w \u015brod\u0119, 21 stycznia, wyjecha\u0142y na tory wojew\u00f3dztwa \u015bl\u0105skiego. To kontynuacja dostaw nowego taboru \u2013 w 2025 roku do sp\u00f3\u0142ki trafi\u0142o 9 Impuls\u00f3w 2, a w ca\u0142ym 2026 roku do ruchu zostanie wprowadzonych kolejnych 14 poci\u0105g\u00f3w. Docelowo flota Kolei \u015al\u0105skich zyska ponad 30 sk\u0142ad\u00f3w tego typu. [&hellip;]<\/p>\n","protected":false},"author":17,"featured_media":115986,"comment_status":"closed","ping_status":"closed","sticky":false,"template":"","format":"standard","meta":{"_monsterinsights_skip_tracking":false,"_monsterinsights_sitenote_active":false,"_monsterinsights_sitenote_note":"","_monsterinsights_sitenote_category":0,"footnotes":"","_links_to":"","_links_to_target":""},"categories":[11756,1],"tags":[12846,12893],"class_list":["post-115984","post","type-post","status-publish","format-standard","has-post-thumbnail","hentry","category-kultura","category-wszystko","tag-koleje-slaskie","tag-nowe-pociagi"],"_links":{"self":[{"href":"https:\/\/www.24zabrze.pl\/wiadomosci\/wp-json\/wp\/v2\/posts\/115984","targetHints":{"allow":["GET"]}}],"collection":[{"href":"https:\/\/www.24zabrze.pl\/wiadomosci\/wp-json\/wp\/v2\/posts"}],"about":[{"href":"https:\/\/www.24zabrze.pl\/wiadomosci\/wp-json\/wp\/v2\/types\/post"}],"author":[{"embeddable":true,"href":"https:\/\/www.24zabrze.pl\/wiadomosci\/wp-json\/wp\/v2\/users\/17"}],"replies":[{"embeddable":true,"href":"https:\/\/www.24zabrze.pl\/wiadomosci\/wp-json\/wp\/v2\/comments?post=115984"}],"version-history":[{"count":0,"href":"https:\/\/www.24zabrze.pl\/wiadomosci\/wp-json\/wp\/v2\/posts\/115984\/revisions"}],"wp:featuredmedia":[{"embeddable":true,"href":"https:\/\/www.24zabrze.pl\/wiadomosci\/wp-json\/wp\/v2\/media\/115986"}],"wp:attachment":[{"href":"https:\/\/www.24zabrze.pl\/wiadomosci\/wp-json\/wp\/v2\/media?parent=115984"}],"wp:term":[{"taxonomy":"category","embeddable":true,"href":"https:\/\/www.24zabrze.pl\/wiadomosci\/wp-json\/wp\/v2\/categories?post=115984"},{"taxonomy":"post_tag","embeddable":true,"href":"https:\/\/www.24zabrze.pl\/wiadomosci\/wp-json\/wp\/v2\/tags?post=115984"}],"curies":[{"name":"wp","href":"https:\/\/api.w.org\/{rel}","templated":true}]}}