{"id":115977,"date":"2026-01-21T15:28:35","date_gmt":"2026-01-21T14:28:35","guid":{"rendered":"https:\/\/www.24zabrze.pl\/wiadomosci\/?p=115977"},"modified":"2026-01-21T15:28:35","modified_gmt":"2026-01-21T14:28:35","slug":"jerzy-dudek-i-tomasz-klos-goscmi-specjalnymi-szkolnego-finalu-wosp-co-jeszcze-w-programie","status":"publish","type":"post","link":"https:\/\/www.24zabrze.pl\/wiadomosci\/jerzy-dudek-i-tomasz-klos-goscmi-specjalnymi-szkolnego-finalu-wosp-co-jeszcze-w-programie\/","title":{"rendered":"Jerzy Dudek i Tomasz K\u0142os go\u015b\u0107mi specjalnymi szkolnego fina\u0142u WO\u015aP. Co jeszcze w programie?"},"content":{"rendered":"<div class=\"zabrz-a6-z-nad-leadem-artykulow zabrz-entity-placement\" id=\"zabrz-2264334709\"><div class=\"zabrz-adlabel\"><span style=\"font-size: 9px\">REKLAMA<\/span><\/div><div id=\"zabrz-2595698572\" style=\"margin-bottom: 30px;margin-left: auto;margin-right: auto;text-align: center;\"><a data-no-instant=\"1\" href=\"https:\/\/dom100.eu\/\" rel=\"noopener\" class=\"a2t-link\" target=\"_blank\" aria-label=\"20260415 DOM100 D\"><img loading=\"lazy\" decoding=\"async\" src=\"https:\/\/www.24zabrze.pl\/wiadomosci\/wp-content\/uploads\/2026\/02\/20260415-DOM100-D.jpg\" alt=\"\"  srcset=\"https:\/\/www.24zabrze.pl\/wiadomosci\/wp-content\/uploads\/2026\/02\/20260415-DOM100-D.jpg 750w, https:\/\/www.24zabrze.pl\/wiadomosci\/wp-content\/uploads\/2026\/02\/20260415-DOM100-D-410x109.jpg 410w\" sizes=\"(max-width: 750px) 100vw, 750px\" class=\"no-lazyload\" width=\"750\" height=\"200\"  style=\"display: inline-block; max-width: 100%; height: auto;\" \/><\/a><\/div><\/div><h2>Szko\u0142a Podstawowa nr 21 w Zabrzu organizuje Szkolny Fina\u0142 Wielkiej Orkiestry \u015awi\u0105tecznej Pomocy, kt\u00f3ry odb\u0119dzie si\u0119 w pi\u0105tek, 23 stycznia. Wydarzenie b\u0119dzie okazj\u0105 do wsp\u00f3lnego wsparcia tegorocznego celu WO\u015aP poprzez udzia\u0142 w licytacjach, koncertach i wyst\u0119pach artystycznych.<\/h2>\n<p>Szkolny Fina\u0142 WO\u015aP rozpocznie si\u0119 o godzinie 17.00 w SP przy ul. Bytomskiej 26. W programie przewidziano wyst\u0119py artystyczne uczni\u00f3w Szko\u0142y Podstawowej nr 21, koncerty zespo\u0142\u00f3w VERBA oraz MR.G, opraw\u0119 muzyczn\u0105 &#8211; DJ Chojrak, b\u0119dzie te\u017c kawiarenka z napojami i pocz\u0119stunkiem (kawa, gor\u0105ca czekolada, napoje bezalkoholowe, hot-dogi, wypieki i popcorn).<\/p><div class=\"zabrz-a3-z-w-tresci-artykulow zabrz-entity-placement\" id=\"zabrz-1554470339\"><div class=\"zabrz-adlabel\"><span style=\"font-size: 9px\">REKLAMA<\/span><\/div><div id=\"zabrz-3529408422\" style=\"margin-bottom: 40px;margin-left: auto;margin-right: auto;text-align: center;\"><a data-no-instant=\"1\" href=\"https:\/\/ogrodyandersa.pl\/\" rel=\"noopener\" class=\"a2t-link\" target=\"_blank\" aria-label=\"20260415 Ogrody Andersa WYBIERZ MIESZKANIE D\"><img loading=\"lazy\" decoding=\"async\" src=\"https:\/\/www.24zabrze.pl\/wiadomosci\/wp-content\/uploads\/2026\/02\/20260415-Ogrody-Andersa-WYBIERZ-MIESZKANIE-D.jpg\" alt=\"\"  srcset=\"https:\/\/www.24zabrze.pl\/wiadomosci\/wp-content\/uploads\/2026\/02\/20260415-Ogrody-Andersa-WYBIERZ-MIESZKANIE-D.jpg 750w, https:\/\/www.24zabrze.pl\/wiadomosci\/wp-content\/uploads\/2026\/02\/20260415-Ogrody-Andersa-WYBIERZ-MIESZKANIE-D-410x109.jpg 410w\" sizes=\"(max-width: 750px) 100vw, 750px\" class=\"no-lazyload\" width=\"750\" height=\"200\"  style=\"display: inline-block; max-width: 100%; height: auto;\" \/><\/a><\/div><\/div>\n<h5>Licytacje obejm\u0105 m.in.:<\/h5>\n<ul>\n<li>koszulki reprezentacji Polski z autografami Roberta Lewandowskiego i \u0141ukasza Piszczka,<\/li>\n<li>koszulk\u0119 G\u00f3rnika Zabrze z autografem Lukasa Podolskiego,<\/li>\n<li>koszulk\u0119 reprezentacji Niemiec z autografem Lothara Matth\u00e4usa,<\/li>\n<li>pi\u0142ki z autografami pi\u0142karzy G\u00f3rnika Zabrze oraz reprezentacji Polski,<\/li>\n<li>p\u0142yty z autografami znanych artyst\u00f3w, m.in. Cleo, Kombii, Andrzeja Piasecznego, Zakopower, Afromental, Micha\u0142a Szpaka i innych,<\/li>\n<li>zaproszenia na koncerty i wydarzenia sportowe na Stadionie \u015al\u0105skim,<\/li>\n<li>bilety do kina, zaproszenia dla klasy na wydarzenia rozrywkowe oraz gad\u017cety i maskotki.<\/li>\n<\/ul>\n<h5>Go\u015b\u0107mi specjalnymi wydarzenia b\u0119d\u0105:<\/h5>\n<ul>\n<li>Jerzy Dudek \u2013 zdobywca Ligi Mistrz\u00f3w, by\u0142y bramkarz Liverpool FC i Realu Madryt,<\/li>\n<li>Tomasz K\u0142os \u2013 wieloletni reprezentant Polski i trzykrotny mistrz Polski.<\/li>\n<\/ul>\n<p>Organizatorzy zapraszaj\u0105 mieszka\u0144c\u00f3w do udzia\u0142u w wydarzeniu i wsp\u00f3lnego wsparcia dzia\u0142a\u0144 Wielkiej Orkiestry \u015awi\u0105tecznej Pomocy.<\/p>\n<p>(\u017cms)\/UM Zabrze<\/p>\n<p><img loading=\"lazy\" decoding=\"async\" src=\"https:\/\/miastozabrze.pl\/wp-content\/uploads\/2026\/01\/618213799_1514318117366584_8549619163045273576_n-1229x1536.jpg\" width=\"1229\" height=\"1536\" class=\"alignnone size-full\" \/><\/p>\n","protected":false},"excerpt":{"rendered":"<p>Szko\u0142a Podstawowa nr 21 w Zabrzu organizuje Szkolny Fina\u0142 Wielkiej Orkiestry \u015awi\u0105tecznej Pomocy, kt\u00f3ry odb\u0119dzie si\u0119 w pi\u0105tek, 23 stycznia. Wydarzenie b\u0119dzie okazj\u0105 do wsp\u00f3lnego wsparcia tegorocznego celu WO\u015aP poprzez udzia\u0142 w licytacjach, koncertach i wyst\u0119pach artystycznych. Szkolny Fina\u0142 WO\u015aP rozpocznie si\u0119 o godzinie 17.00 w SP przy ul. Bytomskiej 26. W programie przewidziano wyst\u0119py [&hellip;]<\/p>\n","protected":false},"author":17,"featured_media":115979,"comment_status":"closed","ping_status":"closed","sticky":false,"template":"","format":"standard","meta":{"_monsterinsights_skip_tracking":false,"_monsterinsights_sitenote_active":false,"_monsterinsights_sitenote_note":"","_monsterinsights_sitenote_category":0,"footnotes":"","_links_to":"","_links_to_target":""},"categories":[11756,9,1],"tags":[12890,12881],"class_list":["post-115977","post","type-post","status-publish","format-standard","has-post-thumbnail","hentry","category-kultura","category-stronaglowna","category-wszystko","tag-jerzy-dudek","tag-wosp"],"_links":{"self":[{"href":"https:\/\/www.24zabrze.pl\/wiadomosci\/wp-json\/wp\/v2\/posts\/115977","targetHints":{"allow":["GET"]}}],"collection":[{"href":"https:\/\/www.24zabrze.pl\/wiadomosci\/wp-json\/wp\/v2\/posts"}],"about":[{"href":"https:\/\/www.24zabrze.pl\/wiadomosci\/wp-json\/wp\/v2\/types\/post"}],"author":[{"embeddable":true,"href":"https:\/\/www.24zabrze.pl\/wiadomosci\/wp-json\/wp\/v2\/users\/17"}],"replies":[{"embeddable":true,"href":"https:\/\/www.24zabrze.pl\/wiadomosci\/wp-json\/wp\/v2\/comments?post=115977"}],"version-history":[{"count":0,"href":"https:\/\/www.24zabrze.pl\/wiadomosci\/wp-json\/wp\/v2\/posts\/115977\/revisions"}],"wp:featuredmedia":[{"embeddable":true,"href":"https:\/\/www.24zabrze.pl\/wiadomosci\/wp-json\/wp\/v2\/media\/115979"}],"wp:attachment":[{"href":"https:\/\/www.24zabrze.pl\/wiadomosci\/wp-json\/wp\/v2\/media?parent=115977"}],"wp:term":[{"taxonomy":"category","embeddable":true,"href":"https:\/\/www.24zabrze.pl\/wiadomosci\/wp-json\/wp\/v2\/categories?post=115977"},{"taxonomy":"post_tag","embeddable":true,"href":"https:\/\/www.24zabrze.pl\/wiadomosci\/wp-json\/wp\/v2\/tags?post=115977"}],"curies":[{"name":"wp","href":"https:\/\/api.w.org\/{rel}","templated":true}]}}