{"id":115974,"date":"2026-01-21T15:17:32","date_gmt":"2026-01-21T14:17:32","guid":{"rendered":"https:\/\/www.24zabrze.pl\/wiadomosci\/?p=115974"},"modified":"2026-01-21T15:17:32","modified_gmt":"2026-01-21T14:17:32","slug":"noc-cudow-w-zso-nr-14-w-zabrzu-koncert-koled-i-jaselka-wydarzenie-z-charytatywnym-celem","status":"publish","type":"post","link":"https:\/\/www.24zabrze.pl\/wiadomosci\/noc-cudow-w-zso-nr-14-w-zabrzu-koncert-koled-i-jaselka-wydarzenie-z-charytatywnym-celem\/","title":{"rendered":"&#8220;Noc cud\u00f3w&#8221; w ZSO nr 14 w Zabrzu. Koncert kol\u0119d i jase\u0142ka, wydarzenie z charytatywnym celem"},"content":{"rendered":"<div class=\"zabrz-a6-z-nad-leadem-artykulow zabrz-entity-placement\" id=\"zabrz-1049145839\"><div class=\"zabrz-adlabel\"><span style=\"font-size: 9px\">REKLAMA<\/span><\/div><div id=\"zabrz-1674933276\" style=\"margin-bottom: 30px;margin-left: auto;margin-right: auto;text-align: center;\"><a data-no-instant=\"1\" href=\"https:\/\/dom100.eu\/\" rel=\"noopener\" class=\"a2t-link\" target=\"_blank\" aria-label=\"20260415 DOM100 D\"><img loading=\"lazy\" decoding=\"async\" src=\"https:\/\/www.24zabrze.pl\/wiadomosci\/wp-content\/uploads\/2026\/02\/20260415-DOM100-D.jpg\" alt=\"\"  srcset=\"https:\/\/www.24zabrze.pl\/wiadomosci\/wp-content\/uploads\/2026\/02\/20260415-DOM100-D.jpg 750w, https:\/\/www.24zabrze.pl\/wiadomosci\/wp-content\/uploads\/2026\/02\/20260415-DOM100-D-410x109.jpg 410w\" sizes=\"(max-width: 750px) 100vw, 750px\" class=\"no-lazyload\" width=\"750\" height=\"200\"  style=\"display: inline-block; max-width: 100%; height: auto;\" \/><\/a><\/div><\/div><h2>W Zespole Szk\u00f3\u0142 Og\u00f3lnokszta\u0142c\u0105cych nr 14 w Zabrzu odb\u0119dzie si\u0119 wydarzenie charytatywne \u201eNoc Cud\u00f3w\u201d. Celem inicjatywy jest wsparcie leczenia i rehabilitacji dw\u00f3ch dziewczynek zwi\u0105zanych ze spo\u0142eczno\u015bci\u0105 szkoln\u0105.<\/h2>\n<p>Wydarzenie odb\u0119dzie si\u0119 w pi\u0105tek, 23 stycznia, o godzinie 16:30 w ZSO nr 14 w Zabrzu \u2013 Szko\u0142a Podstawowa nr 17 oraz VIII Liceum Og\u00f3lnokszta\u0142c\u0105ce (ul. Korczoka 98). W programie s\u0105 jase\u0142ka, kiermasz, licytacje i koncert kol\u0119d. Ca\u0142kowity doch\u00f3d z wydarzenia zostanie przeznaczony na leczenie i rehabilitacj\u0119 dziewczynek:<\/p><div class=\"zabrz-a3-z-w-tresci-artykulow zabrz-entity-placement\" id=\"zabrz-2651039500\"><div class=\"zabrz-adlabel\"><span style=\"font-size: 9px\">REKLAMA<\/span><\/div><div id=\"zabrz-3877871785\" style=\"margin-bottom: 40px;margin-left: auto;margin-right: auto;text-align: center;\"><a data-no-instant=\"1\" href=\"https:\/\/ogrodyandersa.pl\/\" rel=\"noopener\" class=\"a2t-link\" target=\"_blank\" aria-label=\"20260415 Ogrody Andersa WYBIERZ MIESZKANIE D\"><img loading=\"lazy\" decoding=\"async\" src=\"https:\/\/www.24zabrze.pl\/wiadomosci\/wp-content\/uploads\/2026\/02\/20260415-Ogrody-Andersa-WYBIERZ-MIESZKANIE-D.jpg\" alt=\"\"  srcset=\"https:\/\/www.24zabrze.pl\/wiadomosci\/wp-content\/uploads\/2026\/02\/20260415-Ogrody-Andersa-WYBIERZ-MIESZKANIE-D.jpg 750w, https:\/\/www.24zabrze.pl\/wiadomosci\/wp-content\/uploads\/2026\/02\/20260415-Ogrody-Andersa-WYBIERZ-MIESZKANIE-D-410x109.jpg 410w\" sizes=\"(max-width: 750px) 100vw, 750px\" class=\"no-lazyload\" width=\"750\" height=\"200\"  style=\"display: inline-block; max-width: 100%; height: auto;\" \/><\/a><\/div><\/div>\n<ul>\n<li>Majki, c\u00f3rki Sandry, choruj\u0105cej na rzadk\u0105 chorob\u0119 genetyczn\u0105 \u2013 encefalopati\u0119 padaczkow\u0105 i rozwojow\u0105 typu 2 (mutacja genu CDKL5), powoduj\u0105c\u0105 powa\u017cne zaburzenia rozwoju i cz\u0119ste napady padaczki,<\/li>\n<li>Natalii Kruk, absolwentki szko\u0142y, kt\u00f3ra od ponad roku zmaga si\u0119 z guzem m\u00f3zgu i wymaga dalszego leczenia oraz rehabilitacji.<\/li>\n<\/ul>\n<p>(\u017cms)\/UM Zabrze<\/p>\n<p><img loading=\"lazy\" decoding=\"async\" src=\"https:\/\/miastozabrze.pl\/wp-content\/uploads\/2026\/01\/615446663_1507315224733540_6299389809982263989_n-1086x1536.jpg\" width=\"1086\" height=\"1536\" class=\"alignnone size-full\" \/><\/p>\n","protected":false},"excerpt":{"rendered":"<p>W Zespole Szk\u00f3\u0142 Og\u00f3lnokszta\u0142c\u0105cych nr 14 w Zabrzu odb\u0119dzie si\u0119 wydarzenie charytatywne \u201eNoc Cud\u00f3w\u201d. Celem inicjatywy jest wsparcie leczenia i rehabilitacji dw\u00f3ch dziewczynek zwi\u0105zanych ze spo\u0142eczno\u015bci\u0105 szkoln\u0105. Wydarzenie odb\u0119dzie si\u0119 w pi\u0105tek, 23 stycznia, o godzinie 16:30 w ZSO nr 14 w Zabrzu \u2013 Szko\u0142a Podstawowa nr 17 oraz VIII Liceum Og\u00f3lnokszta\u0142c\u0105ce (ul. Korczoka 98). [&hellip;]<\/p>\n","protected":false},"author":17,"featured_media":115976,"comment_status":"closed","ping_status":"closed","sticky":false,"template":"","format":"standard","meta":{"_monsterinsights_skip_tracking":false,"_monsterinsights_sitenote_active":false,"_monsterinsights_sitenote_note":"","_monsterinsights_sitenote_category":0,"footnotes":"","_links_to":"","_links_to_target":""},"categories":[11756,1],"tags":[12888,12889],"class_list":["post-115974","post","type-post","status-publish","format-standard","has-post-thumbnail","hentry","category-kultura","category-wszystko","tag-noc-cudow","tag-zso-nr-14"],"_links":{"self":[{"href":"https:\/\/www.24zabrze.pl\/wiadomosci\/wp-json\/wp\/v2\/posts\/115974","targetHints":{"allow":["GET"]}}],"collection":[{"href":"https:\/\/www.24zabrze.pl\/wiadomosci\/wp-json\/wp\/v2\/posts"}],"about":[{"href":"https:\/\/www.24zabrze.pl\/wiadomosci\/wp-json\/wp\/v2\/types\/post"}],"author":[{"embeddable":true,"href":"https:\/\/www.24zabrze.pl\/wiadomosci\/wp-json\/wp\/v2\/users\/17"}],"replies":[{"embeddable":true,"href":"https:\/\/www.24zabrze.pl\/wiadomosci\/wp-json\/wp\/v2\/comments?post=115974"}],"version-history":[{"count":0,"href":"https:\/\/www.24zabrze.pl\/wiadomosci\/wp-json\/wp\/v2\/posts\/115974\/revisions"}],"wp:featuredmedia":[{"embeddable":true,"href":"https:\/\/www.24zabrze.pl\/wiadomosci\/wp-json\/wp\/v2\/media\/115976"}],"wp:attachment":[{"href":"https:\/\/www.24zabrze.pl\/wiadomosci\/wp-json\/wp\/v2\/media?parent=115974"}],"wp:term":[{"taxonomy":"category","embeddable":true,"href":"https:\/\/www.24zabrze.pl\/wiadomosci\/wp-json\/wp\/v2\/categories?post=115974"},{"taxonomy":"post_tag","embeddable":true,"href":"https:\/\/www.24zabrze.pl\/wiadomosci\/wp-json\/wp\/v2\/tags?post=115974"}],"curies":[{"name":"wp","href":"https:\/\/api.w.org\/{rel}","templated":true}]}}