{"id":115963,"date":"2026-01-23T18:05:02","date_gmt":"2026-01-23T17:05:02","guid":{"rendered":"https:\/\/www.24zabrze.pl\/wiadomosci\/?p=115963"},"modified":"2026-01-23T18:05:02","modified_gmt":"2026-01-23T17:05:02","slug":"zabawa-warsztaty-i-licytacje-wielka-orkiestra-swiatecznej-pomocy-ponownie-zagra-w-ch-platan","status":"publish","type":"post","link":"https:\/\/www.24zabrze.pl\/wiadomosci\/zabawa-warsztaty-i-licytacje-wielka-orkiestra-swiatecznej-pomocy-ponownie-zagra-w-ch-platan\/","title":{"rendered":"Zabawa, warsztaty i licytacje. Wielka Orkiestra \u015awi\u0105tecznej Pomocy ponownie zagra w CH Platan"},"content":{"rendered":"<div class=\"zabrz-a6-z-nad-leadem-artykulow zabrz-entity-placement\" id=\"zabrz-1114143590\"><div class=\"zabrz-adlabel\"><span style=\"font-size: 9px\">REKLAMA<\/span><\/div><div id=\"zabrz-1570488175\" style=\"margin-bottom: 30px;margin-left: auto;margin-right: auto;text-align: center;\"><a data-no-instant=\"1\" href=\"https:\/\/dom100.eu\/\" rel=\"noopener\" class=\"a2t-link\" target=\"_blank\" aria-label=\"20260415 DOM100 D\"><img loading=\"lazy\" decoding=\"async\" src=\"https:\/\/www.24zabrze.pl\/wiadomosci\/wp-content\/uploads\/2026\/02\/20260415-DOM100-D.jpg\" alt=\"\"  srcset=\"https:\/\/www.24zabrze.pl\/wiadomosci\/wp-content\/uploads\/2026\/02\/20260415-DOM100-D.jpg 750w, https:\/\/www.24zabrze.pl\/wiadomosci\/wp-content\/uploads\/2026\/02\/20260415-DOM100-D-410x109.jpg 410w\" sizes=\"(max-width: 750px) 100vw, 750px\" class=\"no-lazyload\" width=\"750\" height=\"200\"  style=\"display: inline-block; max-width: 100%; height: auto;\" \/><\/a><\/div><\/div><h2>CH Platan stanie si\u0119 sercem zabrza\u0144skiego Fina\u0142u Wielkiej Orkiestry \u015awi\u0105tecznej Pomocy i przestrzeni\u0105 pe\u0142n\u0105 d\u017awi\u0119k\u00f3w muzyki, dzieci\u0119cego \u015bmiechu, tw\u00f3rczej energii i wsp\u00f3lnego pomagania. Przez ca\u0142\u0105 niedziel\u0119 wn\u0119trze galerii wype\u0142ni\u0105 rozbudowane strefy tematyczne, animacje i warsztaty przygotowane z my\u015bl\u0105 o ca\u0142ych rodzinach. A wszystko po to, by w atrakcyjnej i anga\u017cuj\u0105cej formule wesprze\u0107 cel 34. Fina\u0142u WO\u015aP.<\/h2>\n<p>Na odwiedzaj\u0105cych CH Platan 25 stycznia czeka\u0107 b\u0119d\u0105 m.in. strefy animacyjne z zabawami tanecznymi, konkursami z nagrodami, mini dyskotek\u0105, karaoke oraz efektownymi pokazami baniek mydlanych XXL, a tak\u017ce przestrze\u0144 gier wielkoformatowych z klasycznymi i lubianymi przez dzieci aktywno\u015bciami, takimi jak jenga XXL, twister XXL, klasy XXL czy ringi animacyjne. <\/p><div class=\"zabrz-a3-z-w-tresci-artykulow zabrz-entity-placement\" id=\"zabrz-4185488108\"><div class=\"zabrz-adlabel\"><span style=\"font-size: 9px\">REKLAMA<\/span><\/div><div id=\"zabrz-1057938972\" style=\"margin-bottom: 40px;margin-left: auto;margin-right: auto;text-align: center;\"><a data-no-instant=\"1\" href=\"https:\/\/ogrodyandersa.pl\/\" rel=\"noopener\" class=\"a2t-link\" target=\"_blank\" aria-label=\"20260415 Ogrody Andersa WYBIERZ MIESZKANIE D\"><img loading=\"lazy\" decoding=\"async\" src=\"https:\/\/www.24zabrze.pl\/wiadomosci\/wp-content\/uploads\/2026\/02\/20260415-Ogrody-Andersa-WYBIERZ-MIESZKANIE-D.jpg\" alt=\"\"  srcset=\"https:\/\/www.24zabrze.pl\/wiadomosci\/wp-content\/uploads\/2026\/02\/20260415-Ogrody-Andersa-WYBIERZ-MIESZKANIE-D.jpg 750w, https:\/\/www.24zabrze.pl\/wiadomosci\/wp-content\/uploads\/2026\/02\/20260415-Ogrody-Andersa-WYBIERZ-MIESZKANIE-D-410x109.jpg 410w\" sizes=\"(max-width: 750px) 100vw, 750px\" class=\"no-lazyload\" width=\"750\" height=\"200\"  style=\"display: inline-block; max-width: 100%; height: auto;\" \/><\/a><\/div><\/div>\n<h4>Najm\u0142odsi uczestnicy wydarzenia znajd\u0105 dla siebie specjalnie przygotowan\u0105 stref\u0119 malucha z bezpiecznymi zabawami sensorycznymi, klockami, \u015bcie\u017ck\u0105 sensoryczn\u0105 i animacjami dostosowanymi do ich wieku.<\/h4>\n<p>Istotnym elementem fina\u0142u w CH Platan b\u0119dzie tak\u017ce rozbudowana strefa kreatywna, w kt\u00f3rej dzieci i doro\u015bli b\u0119d\u0105 mogli wzi\u0105\u0107 udzia\u0142 w warsztatach plastycznych, muzycznych i ekologicznych, tworzy\u0107 w\u0142asne instrumenty, grzechotki i kije deszczowe, malowa\u0107 kamienie, skr\u0119ca\u0107 balony, bra\u0107 udzia\u0142 w eksperymentach naukowych oraz uczestniczy\u0107 w warsztatach rytmicznych i b\u0119bniarskich. <\/p>\n<p><img loading=\"lazy\" decoding=\"async\" src=\"https:\/\/www.24zabrze.pl\/wiadomosci\/wp-content\/uploads\/2026\/01\/wosp.jpg\" alt=\"\" width=\"810\" height=\"456\" class=\"alignnone size-full wp-image-116017\" srcset=\"https:\/\/www.24zabrze.pl\/wiadomosci\/wp-content\/uploads\/2026\/01\/wosp.jpg 810w, https:\/\/www.24zabrze.pl\/wiadomosci\/wp-content\/uploads\/2026\/01\/wosp-410x232.jpg 410w, https:\/\/www.24zabrze.pl\/wiadomosci\/wp-content\/uploads\/2026\/01\/wosp-808x455.jpg 808w, https:\/\/www.24zabrze.pl\/wiadomosci\/wp-content\/uploads\/2026\/01\/wosp-768x432.jpg 768w\" sizes=\"auto, (max-width: 810px) 100vw, 810px\" \/><\/p>\n<p>Nie zabraknie r\u00f3wnie\u017c malowania buziek, brokatowych tatua\u017cy i kolorowych warkoczyk\u00f3w, a tak\u017ce specjalnego sklepiku WO\u015aP z gad\u017cetami. Wa\u017cnym punktem programu b\u0119dzie strefa zdrowia i edukacji, w kt\u00f3rej prowadzone b\u0119d\u0105 pokazy pierwszej pomocy dla dzieci, warsztaty dotycz\u0105ce zdrowego od\u017cywiania oraz aktywno\u015bci ruchowe, takie jak tor przeszk\u00f3d \u201eSuper Zdrowiaka&#8221;, \u0142\u0105cz\u0105ce zabaw\u0119 z nauk\u0105 dbania o zdrowie.<\/p>\n<p>W przestrzeni centrum pojawi si\u0119 r\u00f3wnie\u017c efektowna fotobudka umo\u017cliwiaj\u0105ca tworzenie dynamicznych nagra\u0144 w jako\u015bci HD z natychmiastowym udost\u0119pnianiem w mediach spo\u0142eczno\u015bciowych, a tak\u017ce wyj\u0105tkowa Wioska Wiking\u00f3w, w kt\u00f3rej dzieci przenios\u0105 si\u0119 w \u015bwiat nordyckich opowie\u015bci, wezm\u0105 udzia\u0142 w konkursach si\u0142aczy, poszukiwaniu skarb\u00f3w, malowaniu run na szcz\u0119\u015bcie i tworzeniu wiki\u0144skich fryzur. <\/p>\n<h4>Ca\u0142o\u015b\u0107 dope\u0142ni\u0105 wyst\u0119py artystyczne, pokazy taneczne, magiczne, cyrkowe oraz pokazy baniek mydlanych, a tak\u017ce licytacje charytatywne i stoiska lokalnych organizacji, r\u0119kodzielnik\u00f3w i partner\u00f3w wydarzenia.<\/h4>\n<p>Fina\u0142 Wielkiej Orkiestry \u015awi\u0105tecznej Pomocy w CH Platan jest cz\u0119\u015bci\u0105 og\u00f3lnopolskiej akcji, kt\u00f3ra od 1993 roku wspiera polsk\u0105 s\u0142u\u017cb\u0119 zdrowia, finansuj\u0105c zakup nowoczesnego sprz\u0119tu medycznego. W tym roku WO\u015aP zbiera \u015brodki na diagnostyk\u0119 i leczenie chor\u00f3b przewodu pokarmowego u dzieci, a ubieg\u0142oroczny fina\u0142 zako\u0144czy\u0142 si\u0119 rekordow\u0105 zbi\u00f3rk\u0105 ponad 289 milion\u00f3w z\u0142otych.<\/p>\n<p>\u2013 <em>Centrum Handlowe Platan od lat jest miejscem spotka\u0144 lokalnej spo\u0142eczno\u015bci, dlatego z ogromn\u0105 rado\u015bci\u0105 otwieramy nasze przestrzenie dla Fina\u0142u Wielkiej Orkiestry \u015awi\u0105tecznej Pomocy. WO\u015aP to wyj\u0105tkowy dzie\u0144, pe\u0142en solidarno\u015bci, u\u015bmiechu i realnego pomagania. 25 stycznia Platan stanie si\u0119 miejscem wsp\u00f3lnego grania, rodzinnych aktywno\u015bci i dobrej energii. Serdecznie zapraszam wszystkich mieszka\u0144c\u00f3w do udzia\u0142u w tym wielkim, og\u00f3lnopolskim \u015bwi\u0119cie pomagania i do\u0142o\u017cenia swojej cegie\u0142ki do wsparcia zdrowia dzieci<\/em> \u2013 m\u00f3wi <strong>Karolina Koczera<\/strong>, dyrektor Centrum Handlowego Platan. <\/p>\n<p>Fina\u0142 WO\u015aP w CH Platan potrwa od godzin po\u0142udniowych do wieczora i b\u0119dzie okazj\u0105, by poprzez zabaw\u0119, udzia\u0142 w warsztatach i licytacjach do\u0142o\u017cy\u0107 swoj\u0105 cegie\u0142k\u0119 do jednej z najwa\u017cniejszych inicjatyw charytatywnych w Polsce. Organizatorem wydarzenia jest \u201eStowarzyszenie Wielka Flota Zjednoczonych Si\u0142&#8221; w Zabrzu. <\/p>\n<p>(\u017cms)\/mat. organizatora<\/p>\n","protected":false},"excerpt":{"rendered":"<p>CH Platan stanie si\u0119 sercem zabrza\u0144skiego Fina\u0142u Wielkiej Orkiestry \u015awi\u0105tecznej Pomocy i przestrzeni\u0105 pe\u0142n\u0105 d\u017awi\u0119k\u00f3w muzyki, dzieci\u0119cego \u015bmiechu, tw\u00f3rczej energii i wsp\u00f3lnego pomagania. Przez ca\u0142\u0105 niedziel\u0119 wn\u0119trze galerii wype\u0142ni\u0105 rozbudowane strefy tematyczne, animacje i warsztaty przygotowane z my\u015bl\u0105 o ca\u0142ych rodzinach. A wszystko po to, by w atrakcyjnej i anga\u017cuj\u0105cej formule wesprze\u0107 cel 34. Fina\u0142u [&hellip;]<\/p>\n","protected":false},"author":17,"featured_media":107892,"comment_status":"closed","ping_status":"closed","sticky":false,"template":"","format":"standard","meta":{"_monsterinsights_skip_tracking":false,"_monsterinsights_sitenote_active":false,"_monsterinsights_sitenote_note":"","_monsterinsights_sitenote_category":0,"footnotes":"","_links_to":"","_links_to_target":""},"categories":[11756,9,1],"tags":[12865,12881],"class_list":["post-115963","post","type-post","status-publish","format-standard","has-post-thumbnail","hentry","category-kultura","category-stronaglowna","category-wszystko","tag-platan","tag-wosp"],"_links":{"self":[{"href":"https:\/\/www.24zabrze.pl\/wiadomosci\/wp-json\/wp\/v2\/posts\/115963","targetHints":{"allow":["GET"]}}],"collection":[{"href":"https:\/\/www.24zabrze.pl\/wiadomosci\/wp-json\/wp\/v2\/posts"}],"about":[{"href":"https:\/\/www.24zabrze.pl\/wiadomosci\/wp-json\/wp\/v2\/types\/post"}],"author":[{"embeddable":true,"href":"https:\/\/www.24zabrze.pl\/wiadomosci\/wp-json\/wp\/v2\/users\/17"}],"replies":[{"embeddable":true,"href":"https:\/\/www.24zabrze.pl\/wiadomosci\/wp-json\/wp\/v2\/comments?post=115963"}],"version-history":[{"count":0,"href":"https:\/\/www.24zabrze.pl\/wiadomosci\/wp-json\/wp\/v2\/posts\/115963\/revisions"}],"wp:featuredmedia":[{"embeddable":true,"href":"https:\/\/www.24zabrze.pl\/wiadomosci\/wp-json\/wp\/v2\/media\/107892"}],"wp:attachment":[{"href":"https:\/\/www.24zabrze.pl\/wiadomosci\/wp-json\/wp\/v2\/media?parent=115963"}],"wp:term":[{"taxonomy":"category","embeddable":true,"href":"https:\/\/www.24zabrze.pl\/wiadomosci\/wp-json\/wp\/v2\/categories?post=115963"},{"taxonomy":"post_tag","embeddable":true,"href":"https:\/\/www.24zabrze.pl\/wiadomosci\/wp-json\/wp\/v2\/tags?post=115963"}],"curies":[{"name":"wp","href":"https:\/\/api.w.org\/{rel}","templated":true}]}}