{"id":115956,"date":"2026-01-19T14:58:56","date_gmt":"2026-01-19T13:58:56","guid":{"rendered":"https:\/\/www.24zabrze.pl\/wiadomosci\/?p=115956"},"modified":"2026-01-19T14:59:49","modified_gmt":"2026-01-19T13:59:49","slug":"nowy-park-handlowy-powstaje-przy-ulicy-wolnosci-w-zabrzu-otwarcie-zapowiedziano-na-listopad","status":"publish","type":"post","link":"https:\/\/www.24zabrze.pl\/wiadomosci\/nowy-park-handlowy-powstaje-przy-ulicy-wolnosci-w-zabrzu-otwarcie-zapowiedziano-na-listopad\/","title":{"rendered":"Nowy park handlowy powstaje przy ulicy Wolno\u015bci w Zabrzu. Otwarcie zapowiedziano na listopad"},"content":{"rendered":"<div class=\"zabrz-a6-z-nad-leadem-artykulow zabrz-entity-placement\" id=\"zabrz-3482737243\"><div class=\"zabrz-adlabel\"><span style=\"font-size: 9px\">REKLAMA<\/span><\/div><div id=\"zabrz-1542128595\" style=\"margin-bottom: 30px;margin-left: auto;margin-right: auto;text-align: center;\"><a data-no-instant=\"1\" href=\"https:\/\/dom100.eu\/\" rel=\"noopener\" class=\"a2t-link\" target=\"_blank\" aria-label=\"20260415 DOM100 D\"><img loading=\"lazy\" decoding=\"async\" src=\"https:\/\/www.24zabrze.pl\/wiadomosci\/wp-content\/uploads\/2026\/02\/20260415-DOM100-D.jpg\" alt=\"\"  srcset=\"https:\/\/www.24zabrze.pl\/wiadomosci\/wp-content\/uploads\/2026\/02\/20260415-DOM100-D.jpg 750w, https:\/\/www.24zabrze.pl\/wiadomosci\/wp-content\/uploads\/2026\/02\/20260415-DOM100-D-410x109.jpg 410w\" sizes=\"(max-width: 750px) 100vw, 750px\" class=\"no-lazyload\" width=\"750\" height=\"200\"  style=\"display: inline-block; max-width: 100%; height: auto;\" \/><\/a><\/div><\/div><h2>Rozpocz\u0119\u0142y si\u0119 prace przy budowie nowego parku handlowego przy ulicy Wolno\u015bci 480 w Zabrzu (w miejscu wyburzonej Biedronki). Inwestycja realizowana jest na dzia\u0142ce o powierzchni oko\u0142o 1 ha i obejmie dwa nowoczesne budynki handlowe o \u0142\u0105cznej powierzchni u\u017cytkowej oko\u0142o 3 000 mkw.<\/h2>\n<p>Sklep Aldi, kt\u00f3ry usytuowany jest obok miejsca, gdzie powstanie nowe przedsi\u0119wzi\u0119cie, dodatkowo wzmacnia potencja\u0142 handlowy lokalizacji oraz atrakcyjno\u015b\u0107 projektu z perspektywy najemc\u00f3w i inwestor\u00f3w kapita\u0142owych. Projekt jest realizowany dla inwestora prywatnego, a firma Scallier odpowiada za ca\u0142o\u015bciowe przygotowanie i wdro\u017cenie inwestycji, pe\u0142ni\u0105c funkcj\u0119 doradcy inwestycyjnego, dewelopera oraz wy\u0142\u0105cznego agenta komercjalizacji. <\/p><div class=\"zabrz-a3-z-w-tresci-artykulow zabrz-entity-placement\" id=\"zabrz-2279552010\"><div class=\"zabrz-adlabel\"><span style=\"font-size: 9px\">REKLAMA<\/span><\/div><div id=\"zabrz-3285057636\" style=\"margin-bottom: 40px;margin-left: auto;margin-right: auto;text-align: center;\"><a data-no-instant=\"1\" href=\"https:\/\/ogrodyandersa.pl\/\" rel=\"noopener\" class=\"a2t-link\" target=\"_blank\" aria-label=\"20260415 Ogrody Andersa WYBIERZ MIESZKANIE D\"><img loading=\"lazy\" decoding=\"async\" src=\"https:\/\/www.24zabrze.pl\/wiadomosci\/wp-content\/uploads\/2026\/02\/20260415-Ogrody-Andersa-WYBIERZ-MIESZKANIE-D.jpg\" alt=\"\"  srcset=\"https:\/\/www.24zabrze.pl\/wiadomosci\/wp-content\/uploads\/2026\/02\/20260415-Ogrody-Andersa-WYBIERZ-MIESZKANIE-D.jpg 750w, https:\/\/www.24zabrze.pl\/wiadomosci\/wp-content\/uploads\/2026\/02\/20260415-Ogrody-Andersa-WYBIERZ-MIESZKANIE-D-410x109.jpg 410w\" sizes=\"(max-width: 750px) 100vw, 750px\" class=\"no-lazyload\" width=\"750\" height=\"200\"  style=\"display: inline-block; max-width: 100%; height: auto;\" \/><\/a><\/div><\/div>\n<blockquote><p><em>Sp\u00f3\u0142ka zaanga\u017cowana jest w projekt od 2015 roku, od momentu zakupu pierwszego gruntu pod inwestycj\u0119. W kolejnych etapach odpowiada\u0142a m.in. za zarz\u0105dzanie nieruchomo\u015bci\u0105, nadz\u00f3r nad wyburzeniem przestarza\u0142ego pawilonu handlowego nale\u017c\u0105cego do jednej z sieci spo\u017cywczych oraz akwizycj\u0119 s\u0105siedniej dzia\u0142ki, co umo\u017cliwi\u0142o realizacj\u0119 projektu w docelowej skali i formule<\/em> <\/p><\/blockquote>\n<p>&#8211; informuje biuro prasowe. <\/p>\n<p>Park handlowy powstaje w po\u0142udniowo-wschodniej cz\u0119\u015bci Zabrza, przy drodze wojew\u00f3dzkiej nr 902, kluczowej arterii komunikacyjnej G\u00f3rno\u015bl\u0105skiego Okr\u0119gu Przemys\u0142owego, stanowi\u0105cej zachodni odcinek Drogowej Trasy \u015arednicowej. Lokalizacja przy intensywnie ucz\u0119szczanej trasie zapewnia wysok\u0105 ekspozycj\u0119 obiektu oraz dogodny dost\u0119p komunikacyjny.<\/p>\n<p>\u2013 W ramach realizacji projektu Scallier odpowiada za pe\u0142ne zabezpieczenie interes\u00f3w inwestorskich, obejmuj\u0105ce zar\u00f3wno komercjalizacj\u0119, jak i kompleksowe zarz\u0105dzanie procesem inwestycyjnym. Zakres dzia\u0142a\u0144 sp\u00f3\u0142ki obejmuje kontrol\u0119 ca\u0142ego cyklu decyzyjnego \u2013 od przygotowania dokumentacji projektowej, przez wyb\u00f3r i kontraktacj\u0119 wykonawc\u00f3w oraz bie\u017c\u0105c\u0105 koordynacj\u0119 prac na wszystkich etapach po oddanie obiektu do u\u017cytkowania \u2013 m\u00f3wi <strong>Wojciech Jurga<\/strong>, partner zarz\u0105dzaj\u0105cy w firmie Scallier.   <\/p>\n<h4>Generalnym wykonawc\u0105 inwestycji jest firma MBT. Z oferty nowego obiektu mieszka\u0144cy ponad 150 tysi\u0119cznego Zabrza b\u0119d\u0105 mogli korzysta\u0107 ju\u017c w listopadzie bie\u017c\u0105cego roku.<\/h4>\n<p>\u2013 Projekt cieszy si\u0119 bardzo du\u017cym zainteresowaniem ze strony najemc\u00f3w. Ponad 90 proc. powierzchni, kt\u00f3r\u0105 oferuje, zosta\u0142o wynaj\u0119te jeszcze przed rozpocz\u0119ciem prac budowlanych. W parku b\u0119d\u0105 mie\u015bci\u0107 si\u0119 sklepy takich marek, jak Rossmann, czy Sinsay. Znajdzie si\u0119 w nim tak\u017ce m.in. Xtreme Fitness, Xtreme Kids oraz Bank PKO BP \u2013 m\u00f3wi<strong> Anna Wojciechowska<\/strong>, Senior Leasing Manager w Scallier. <\/p>\n<p><iframe src=\"https:\/\/www.google.com\/maps\/embed?pb=!4v1768829966922!6m8!1m7!1s__fwbf1D3ZzNLFx_YD33eg!2m2!1d50.29592513319434!2d18.82702829567054!3f337.4607117628419!4f-1.3720770593452443!5f0.4000000000000002\" width=\"810\" height=\"450\" style=\"border:0;\" allowfullscreen=\"\" loading=\"lazy\" referrerpolicy=\"no-referrer-when-downgrade\"><\/iframe><\/p>\n<p>Firma Scallier rozwija dzia\u0142alno\u015b\u0107 w sektorze nieruchomo\u015bci komercyjnych w Polsce i na rynkach europejskich. Od 2011 roku realizuje inwestycje i zarz\u0105dza aktywami, koncentruj\u0105c si\u0119 na maksymalizacji warto\u015bci nieruchomo\u015bci. Specjalizuje si\u0119 w realizacji projekt\u00f3w z segmentu handlowego. Scallier jako inwestor, deweloper i partner biznesowy dostarcza najwy\u017cszej jako\u015bci us\u0142ugi doradcze i produkty na rzecz inwestor\u00f3w korporacyjnych i indywidualnych. <\/p>\n","protected":false},"excerpt":{"rendered":"<p>Rozpocz\u0119\u0142y si\u0119 prace przy budowie nowego parku handlowego przy ulicy Wolno\u015bci 480 w Zabrzu (w miejscu wyburzonej Biedronki). Inwestycja realizowana jest na dzia\u0142ce o powierzchni oko\u0142o 1 ha i obejmie dwa nowoczesne budynki handlowe o \u0142\u0105cznej powierzchni u\u017cytkowej oko\u0142o 3 000 mkw. Sklep Aldi, kt\u00f3ry usytuowany jest obok miejsca, gdzie powstanie nowe przedsi\u0119wzi\u0119cie, dodatkowo wzmacnia [&hellip;]<\/p>\n","protected":false},"author":17,"featured_media":115961,"comment_status":"closed","ping_status":"closed","sticky":false,"template":"","format":"standard","meta":{"_monsterinsights_skip_tracking":false,"_monsterinsights_sitenote_active":false,"_monsterinsights_sitenote_note":"","_monsterinsights_sitenote_category":0,"footnotes":"","_links_to":"","_links_to_target":""},"categories":[11756,9,1],"tags":[12884,12885],"class_list":["post-115956","post","type-post","status-publish","format-standard","has-post-thumbnail","hentry","category-kultura","category-stronaglowna","category-wszystko","tag-park-handlowy","tag-wolnosci"],"_links":{"self":[{"href":"https:\/\/www.24zabrze.pl\/wiadomosci\/wp-json\/wp\/v2\/posts\/115956","targetHints":{"allow":["GET"]}}],"collection":[{"href":"https:\/\/www.24zabrze.pl\/wiadomosci\/wp-json\/wp\/v2\/posts"}],"about":[{"href":"https:\/\/www.24zabrze.pl\/wiadomosci\/wp-json\/wp\/v2\/types\/post"}],"author":[{"embeddable":true,"href":"https:\/\/www.24zabrze.pl\/wiadomosci\/wp-json\/wp\/v2\/users\/17"}],"replies":[{"embeddable":true,"href":"https:\/\/www.24zabrze.pl\/wiadomosci\/wp-json\/wp\/v2\/comments?post=115956"}],"version-history":[{"count":0,"href":"https:\/\/www.24zabrze.pl\/wiadomosci\/wp-json\/wp\/v2\/posts\/115956\/revisions"}],"wp:featuredmedia":[{"embeddable":true,"href":"https:\/\/www.24zabrze.pl\/wiadomosci\/wp-json\/wp\/v2\/media\/115961"}],"wp:attachment":[{"href":"https:\/\/www.24zabrze.pl\/wiadomosci\/wp-json\/wp\/v2\/media?parent=115956"}],"wp:term":[{"taxonomy":"category","embeddable":true,"href":"https:\/\/www.24zabrze.pl\/wiadomosci\/wp-json\/wp\/v2\/categories?post=115956"},{"taxonomy":"post_tag","embeddable":true,"href":"https:\/\/www.24zabrze.pl\/wiadomosci\/wp-json\/wp\/v2\/tags?post=115956"}],"curies":[{"name":"wp","href":"https:\/\/api.w.org\/{rel}","templated":true}]}}