{"id":115946,"date":"2026-01-16T17:42:00","date_gmt":"2026-01-16T16:42:00","guid":{"rendered":"https:\/\/www.24zabrze.pl\/wiadomosci\/?p=115946"},"modified":"2026-01-16T17:42:00","modified_gmt":"2026-01-16T16:42:00","slug":"final-wosp-w-zabrzu-atrakcje-dla-dzieci-wystepy-sceniczne-pokazy-i-tradycyjnie-swiatelko-do-nieba","status":"publish","type":"post","link":"https:\/\/www.24zabrze.pl\/wiadomosci\/final-wosp-w-zabrzu-atrakcje-dla-dzieci-wystepy-sceniczne-pokazy-i-tradycyjnie-swiatelko-do-nieba\/","title":{"rendered":"Fina\u0142 WO\u015aP w Zabrzu. Atrakcje dla dzieci, wyst\u0119py sceniczne, pokazy i tradycyjnie \u015bwiate\u0142ko do nieba"},"content":{"rendered":"<div class=\"zabrz-a6-z-nad-leadem-artykulow zabrz-entity-placement\" id=\"zabrz-430855116\"><div class=\"zabrz-adlabel\"><span style=\"font-size: 9px\">REKLAMA<\/span><\/div><div id=\"zabrz-2097600311\" style=\"margin-bottom: 30px;margin-left: auto;margin-right: auto;text-align: center;\"><a data-no-instant=\"1\" href=\"https:\/\/dom100.eu\/\" rel=\"noopener\" class=\"a2t-link\" target=\"_blank\" aria-label=\"20260415 DOM100 D\"><img loading=\"lazy\" decoding=\"async\" src=\"https:\/\/www.24zabrze.pl\/wiadomosci\/wp-content\/uploads\/2026\/02\/20260415-DOM100-D.jpg\" alt=\"\"  srcset=\"https:\/\/www.24zabrze.pl\/wiadomosci\/wp-content\/uploads\/2026\/02\/20260415-DOM100-D.jpg 750w, https:\/\/www.24zabrze.pl\/wiadomosci\/wp-content\/uploads\/2026\/02\/20260415-DOM100-D-410x109.jpg 410w\" sizes=\"(max-width: 750px) 100vw, 750px\" class=\"no-lazyload\" width=\"750\" height=\"200\"  style=\"display: inline-block; max-width: 100%; height: auto;\" \/><\/a><\/div><\/div><h2>Zabrze w\u0142\u0105czy\u0142o si\u0119 w 34. Fina\u0142 Wielkiej Orkiestry \u015awi\u0105tecznej Pomocy. W niedziel\u0119, 25 stycznia, w Centrum Handlowym Platan zaplanowano ca\u0142odniowe wydarzenie pe\u0142ne atrakcji i wyst\u0119p\u00f3w, a zbi\u00f3rka prowadzona b\u0119dzie na rzecz diagnostyki i leczenia chor\u00f3b uk\u0142adu pokarmowego u dzieci.<\/h2>\n<p>Fina\u0142owe wydarzenia rozpoczn\u0105 si\u0119 o godzinie 12:00 &#8211; atrakcje dla najm\u0142odszych uczestnik\u00f3w imprezy potrwaj\u0105 do godziny 19:00. W\u015br\u00f3d nich:<\/p><div class=\"zabrz-a3-z-w-tresci-artykulow zabrz-entity-placement\" id=\"zabrz-413932117\"><div class=\"zabrz-adlabel\"><span style=\"font-size: 9px\">REKLAMA<\/span><\/div><div id=\"zabrz-1182853189\" style=\"margin-bottom: 40px;margin-left: auto;margin-right: auto;text-align: center;\"><a data-no-instant=\"1\" href=\"https:\/\/ogrodyandersa.pl\/\" rel=\"noopener\" class=\"a2t-link\" target=\"_blank\" aria-label=\"20260415 Ogrody Andersa WYBIERZ MIESZKANIE D\"><img loading=\"lazy\" decoding=\"async\" src=\"https:\/\/www.24zabrze.pl\/wiadomosci\/wp-content\/uploads\/2026\/02\/20260415-Ogrody-Andersa-WYBIERZ-MIESZKANIE-D.jpg\" alt=\"\"  srcset=\"https:\/\/www.24zabrze.pl\/wiadomosci\/wp-content\/uploads\/2026\/02\/20260415-Ogrody-Andersa-WYBIERZ-MIESZKANIE-D.jpg 750w, https:\/\/www.24zabrze.pl\/wiadomosci\/wp-content\/uploads\/2026\/02\/20260415-Ogrody-Andersa-WYBIERZ-MIESZKANIE-D-410x109.jpg 410w\" sizes=\"(max-width: 750px) 100vw, 750px\" class=\"no-lazyload\" width=\"750\" height=\"200\"  style=\"display: inline-block; max-width: 100%; height: auto;\" \/><\/a><\/div><\/div>\n<li>Strefa Malucha z grami XXL, klockami i zabawami,<\/li>\n<li>animacje,<\/li>\n<li>ba\u0144ki XXL,<\/li>\n<li>tatua\u017ce,<\/li>\n<li>malowanie twarzy,<\/li>\n<li>kolorowe warkoczyki,<\/li>\n<li>ko\u0142o fortuny,<\/li>\n<li>kreatywne warsztaty.<\/li>\n<p>Z kolej od godziny 13:30 do 20:30 potrwa program sceniczny WO\u015aP &#8211; b\u0119d\u0105 pokazy, licytacje i wyst\u0119py artystyczne. Tradycyjne \u015bwiate\u0142ko do nieba przewidziano na godzin\u0119 20:00. <\/p>\n<p>Na terenie miasta kwestowa\u0107 b\u0119dzie 376 wolontariuszy z Zabrza\u0144skiego Sztabu Wielkiej Orkiestry \u015awi\u0105tecznej Pomocy oraz ze Sztabu WO\u015aP nr 3883 im. Heidiego.<\/p>\n<p>(\u017cms)\/UM Zabrze<br \/>\nfot. zdj\u0119cie pogl\u0105dowe\/arch. UM Zabrze<\/p>\n<p><img loading=\"lazy\" decoding=\"async\" src=\"https:\/\/miastozabrze.pl\/wp-content\/uploads\/2026\/01\/615408668_1507955527912694_3153022473402671231_n.jpg\" width=\"1600\" height=\"1554\" class=\"alignnone size-full\" \/><\/p>\n","protected":false},"excerpt":{"rendered":"<p>Zabrze w\u0142\u0105czy\u0142o si\u0119 w 34. Fina\u0142 Wielkiej Orkiestry \u015awi\u0105tecznej Pomocy. W niedziel\u0119, 25 stycznia, w Centrum Handlowym Platan zaplanowano ca\u0142odniowe wydarzenie pe\u0142ne atrakcji i wyst\u0119p\u00f3w, a zbi\u00f3rka prowadzona b\u0119dzie na rzecz diagnostyki i leczenia chor\u00f3b uk\u0142adu pokarmowego u dzieci. Fina\u0142owe wydarzenia rozpoczn\u0105 si\u0119 o godzinie 12:00 &#8211; atrakcje dla najm\u0142odszych uczestnik\u00f3w imprezy potrwaj\u0105 do godziny [&hellip;]<\/p>\n","protected":false},"author":17,"featured_media":112353,"comment_status":"closed","ping_status":"closed","sticky":false,"template":"","format":"standard","meta":{"_monsterinsights_skip_tracking":false,"_monsterinsights_sitenote_active":false,"_monsterinsights_sitenote_note":"","_monsterinsights_sitenote_category":0,"footnotes":"","_links_to":"","_links_to_target":""},"categories":[11756,1],"tags":[12865,12881],"class_list":["post-115946","post","type-post","status-publish","format-standard","has-post-thumbnail","hentry","category-kultura","category-wszystko","tag-platan","tag-wosp"],"_links":{"self":[{"href":"https:\/\/www.24zabrze.pl\/wiadomosci\/wp-json\/wp\/v2\/posts\/115946","targetHints":{"allow":["GET"]}}],"collection":[{"href":"https:\/\/www.24zabrze.pl\/wiadomosci\/wp-json\/wp\/v2\/posts"}],"about":[{"href":"https:\/\/www.24zabrze.pl\/wiadomosci\/wp-json\/wp\/v2\/types\/post"}],"author":[{"embeddable":true,"href":"https:\/\/www.24zabrze.pl\/wiadomosci\/wp-json\/wp\/v2\/users\/17"}],"replies":[{"embeddable":true,"href":"https:\/\/www.24zabrze.pl\/wiadomosci\/wp-json\/wp\/v2\/comments?post=115946"}],"version-history":[{"count":0,"href":"https:\/\/www.24zabrze.pl\/wiadomosci\/wp-json\/wp\/v2\/posts\/115946\/revisions"}],"wp:featuredmedia":[{"embeddable":true,"href":"https:\/\/www.24zabrze.pl\/wiadomosci\/wp-json\/wp\/v2\/media\/112353"}],"wp:attachment":[{"href":"https:\/\/www.24zabrze.pl\/wiadomosci\/wp-json\/wp\/v2\/media?parent=115946"}],"wp:term":[{"taxonomy":"category","embeddable":true,"href":"https:\/\/www.24zabrze.pl\/wiadomosci\/wp-json\/wp\/v2\/categories?post=115946"},{"taxonomy":"post_tag","embeddable":true,"href":"https:\/\/www.24zabrze.pl\/wiadomosci\/wp-json\/wp\/v2\/tags?post=115946"}],"curies":[{"name":"wp","href":"https:\/\/api.w.org\/{rel}","templated":true}]}}