{"id":115924,"date":"2026-01-14T11:07:34","date_gmt":"2026-01-14T10:07:34","guid":{"rendered":"https:\/\/www.24zabrze.pl\/wiadomosci\/?p=115924"},"modified":"2026-01-14T11:07:34","modified_gmt":"2026-01-14T10:07:34","slug":"wybory-do-rad-dzielnic-pozostalo-kilkanascie-dni-na-zglaszanie-kandydatow-na-radnych","status":"publish","type":"post","link":"https:\/\/www.24zabrze.pl\/wiadomosci\/wybory-do-rad-dzielnic-pozostalo-kilkanascie-dni-na-zglaszanie-kandydatow-na-radnych\/","title":{"rendered":"Wybory do Rad Dzielnic. Pozosta\u0142o kilkana\u015bcie dni na zg\u0142aszanie kandydat\u00f3w na radnych"},"content":{"rendered":"<div class=\"zabrz-a6-z-nad-leadem-artykulow zabrz-entity-placement\" id=\"zabrz-4165740629\"><div class=\"zabrz-adlabel\"><span style=\"font-size: 9px\">REKLAMA<\/span><\/div><div id=\"zabrz-3996125501\" style=\"margin-bottom: 30px;margin-left: auto;margin-right: auto;text-align: center;\"><a data-no-instant=\"1\" href=\"https:\/\/dom100.eu\/\" rel=\"noopener\" class=\"a2t-link\" target=\"_blank\" aria-label=\"20260415 DOM100 D\"><img loading=\"lazy\" decoding=\"async\" src=\"https:\/\/www.24zabrze.pl\/wiadomosci\/wp-content\/uploads\/2026\/02\/20260415-DOM100-D.jpg\" alt=\"\"  srcset=\"https:\/\/www.24zabrze.pl\/wiadomosci\/wp-content\/uploads\/2026\/02\/20260415-DOM100-D.jpg 750w, https:\/\/www.24zabrze.pl\/wiadomosci\/wp-content\/uploads\/2026\/02\/20260415-DOM100-D-410x109.jpg 410w\" sizes=\"(max-width: 750px) 100vw, 750px\" class=\"no-lazyload\" width=\"750\" height=\"200\"  style=\"display: inline-block; max-width: 100%; height: auto;\" \/><\/a><\/div><\/div><h2>To mo\u017cliwo\u015b\u0107 bezpo\u015bredniego wp\u0142ywu mieszka\u0144c\u00f3w na sprawy swoich dzielnic i lokalne inicjatywy. Rada Miasta Zabrze zarz\u0105dzi\u0142a wybory do Rad Dzielnic, kt\u00f3re odb\u0119d\u0105 si\u0119 22 marca br. Zg\u0142oszenia kandydat\u00f3w na dzielnicowych radnych oraz na cz\u0142onk\u00f3w komisji wyborczych przyjmowane b\u0119d\u0105 do 23 stycznia.<\/h2>\n<p>Najwi\u0119cej, bo a\u017c 21 cz\u0142onk\u00f3w liczy\u0107 b\u0119dzie Rada Dzielnicy Centrum Po\u0142udnie. W pozosta\u0142ych przewidziano po 15 miejsc &#8211; tyle wi\u0119c os\u00f3b wp\u0142ywa\u0107 b\u0119dzie na sprawy w dzielnicach: Biskupice, Centrum P\u00f3\u0142noc, Grzybowice, Guido, Helenka, Ko\u0144czyce, Maciej\u00f3w, Makoszowy, Mikulczyce, Osiedle Miko\u0142aja Kopernika, Osiedle M\u0142odego G\u00f3rnika, Osiedle Tadeusza Kotarbi\u0144skiego, Paw\u0142\u00f3w, Poremba, Rokitnica, Sk\u0142odowskiej-Curie, \u015ar\u00f3dmie\u015bcie, Zaborze Po\u0142udnie, Zaborze P\u00f3\u0142noc oraz Zandka.<\/p><div class=\"zabrz-a3-z-w-tresci-artykulow zabrz-entity-placement\" id=\"zabrz-734961868\"><div class=\"zabrz-adlabel\"><span style=\"font-size: 9px\">REKLAMA<\/span><\/div><div id=\"zabrz-1192638566\" style=\"margin-bottom: 40px;margin-left: auto;margin-right: auto;text-align: center;\"><a data-no-instant=\"1\" href=\"https:\/\/ogrodyandersa.pl\/\" rel=\"noopener\" class=\"a2t-link\" target=\"_blank\" aria-label=\"20260415 Ogrody Andersa WYBIERZ MIESZKANIE D\"><img loading=\"lazy\" decoding=\"async\" src=\"https:\/\/www.24zabrze.pl\/wiadomosci\/wp-content\/uploads\/2026\/02\/20260415-Ogrody-Andersa-WYBIERZ-MIESZKANIE-D.jpg\" alt=\"\"  srcset=\"https:\/\/www.24zabrze.pl\/wiadomosci\/wp-content\/uploads\/2026\/02\/20260415-Ogrody-Andersa-WYBIERZ-MIESZKANIE-D.jpg 750w, https:\/\/www.24zabrze.pl\/wiadomosci\/wp-content\/uploads\/2026\/02\/20260415-Ogrody-Andersa-WYBIERZ-MIESZKANIE-D-410x109.jpg 410w\" sizes=\"(max-width: 750px) 100vw, 750px\" class=\"no-lazyload\" width=\"750\" height=\"200\"  style=\"display: inline-block; max-width: 100%; height: auto;\" \/><\/a><\/div><\/div>\n<h4>Kalendarz wyborczy:<\/h4>\n<ul>\n<li>powo\u0142anie Miejskiej Komisji Wyborczej \u2013 do 28 listopada 2025 r. (zrealizowane),<\/li>\n<li>podanie do publicznej wiadomo\u015bci informacji o zarz\u0105dzeniu wybor\u00f3w \u2013 do 12 grudnia 2025 r. (zrealizowane),<\/li>\n<li><strong>zako\u0144czenie przyjmowania zg\u0142osze\u0144 kandydat\u00f3w na radnych Rad Dzielnic oraz cz\u0142onk\u00f3w Obwodowych Komisji Wyborczych \u2013 do 23 stycznia 2026 r.,<\/strong><\/li>\n<li>podanie sk\u0142ad\u00f3w Obwodowych Komisji Wyborczych \u2013 do 6 lutego 2026 r.,<\/li>\n<li>podanie listy zarejestrowanych kandydat\u00f3w na radnych \u2013 do 20 lutego 2026 r.,<\/li>\n<li>sporz\u0105dzenie spisu wyborc\u00f3w \u2013 do 20 marca 2026 r.<\/li>\n<\/ul>\n<p><img loading=\"lazy\" decoding=\"async\" src=\"https:\/\/miastozabrze.pl\/wp-content\/uploads\/2026\/01\/Wybory_dzielnice_2026.png\" width=\"940\" height=\"788\" class=\"alignnone size-full\" \/><\/p>\n<p>Szczeg\u00f3\u0142owe informacje dotycz\u0105ce wybor\u00f3w, w tym aktualny kalendarz oraz listy kandydat\u00f3w, s\u0105 i b\u0119d\u0105 publikowane <a href=\"https:\/\/miastozabrze.pl\/dla-mieszkancow\/wybory-do-rad-dzielnic-2026\/\" target=\"_blank\">na stronie internetowej Urz\u0119du Miejskiego w Zabrzu <\/a>oraz na plakatach informacyjnych w dzielnicach.<\/p>\n<h4>Potrzebne 50 podpis\u00f3w<\/h4>\n<p>Kandydaci zg\u0142aszani s\u0105 w formie list kandydat\u00f3w &#8211; przez list\u0119 rozumie si\u0119 r\u00f3wnie\u017c zg\u0142oszenie jednego kandydata. Kandydowa\u0107 mo\u017cna tylko z jednej listy. Zg\u0142oszenie kandydata\/ listy kandydat\u00f3w do Rady wymaga podpisania przez co najmniej 50 mieszka\u0144c\u00f3w Dzielnicy, kt\u00f3rym przys\u0142uguje czynne prawo wyborcze. Zgodnie z Kalendarzem wyborczym termin na zg\u0142aszanie kandydat\u00f3w na radnych Rad Dzielnic up\u0142ywa 23 stycznia o godz. 16.00.<\/p>\n<p>(\u017cms)\/UM Zabrze<br \/>\nfot. UM Zabrze<\/p>\n","protected":false},"excerpt":{"rendered":"<p>To mo\u017cliwo\u015b\u0107 bezpo\u015bredniego wp\u0142ywu mieszka\u0144c\u00f3w na sprawy swoich dzielnic i lokalne inicjatywy. Rada Miasta Zabrze zarz\u0105dzi\u0142a wybory do Rad Dzielnic, kt\u00f3re odb\u0119d\u0105 si\u0119 22 marca br. Zg\u0142oszenia kandydat\u00f3w na dzielnicowych radnych oraz na cz\u0142onk\u00f3w komisji wyborczych przyjmowane b\u0119d\u0105 do 23 stycznia. Najwi\u0119cej, bo a\u017c 21 cz\u0142onk\u00f3w liczy\u0107 b\u0119dzie Rada Dzielnicy Centrum Po\u0142udnie. W pozosta\u0142ych przewidziano [&hellip;]<\/p>\n","protected":false},"author":17,"featured_media":115492,"comment_status":"closed","ping_status":"closed","sticky":false,"template":"","format":"standard","meta":{"_monsterinsights_skip_tracking":false,"_monsterinsights_sitenote_active":false,"_monsterinsights_sitenote_note":"","_monsterinsights_sitenote_category":0,"footnotes":"","_links_to":"","_links_to_target":""},"categories":[11756,5,8,1],"tags":[12805,12874],"class_list":["post-115924","post","type-post","status-publish","format-standard","has-post-thumbnail","hentry","category-kultura","category-prawo","category-referendum","category-wszystko","tag-rady-dzielnic","tag-wybory"],"_links":{"self":[{"href":"https:\/\/www.24zabrze.pl\/wiadomosci\/wp-json\/wp\/v2\/posts\/115924","targetHints":{"allow":["GET"]}}],"collection":[{"href":"https:\/\/www.24zabrze.pl\/wiadomosci\/wp-json\/wp\/v2\/posts"}],"about":[{"href":"https:\/\/www.24zabrze.pl\/wiadomosci\/wp-json\/wp\/v2\/types\/post"}],"author":[{"embeddable":true,"href":"https:\/\/www.24zabrze.pl\/wiadomosci\/wp-json\/wp\/v2\/users\/17"}],"replies":[{"embeddable":true,"href":"https:\/\/www.24zabrze.pl\/wiadomosci\/wp-json\/wp\/v2\/comments?post=115924"}],"version-history":[{"count":0,"href":"https:\/\/www.24zabrze.pl\/wiadomosci\/wp-json\/wp\/v2\/posts\/115924\/revisions"}],"wp:featuredmedia":[{"embeddable":true,"href":"https:\/\/www.24zabrze.pl\/wiadomosci\/wp-json\/wp\/v2\/media\/115492"}],"wp:attachment":[{"href":"https:\/\/www.24zabrze.pl\/wiadomosci\/wp-json\/wp\/v2\/media?parent=115924"}],"wp:term":[{"taxonomy":"category","embeddable":true,"href":"https:\/\/www.24zabrze.pl\/wiadomosci\/wp-json\/wp\/v2\/categories?post=115924"},{"taxonomy":"post_tag","embeddable":true,"href":"https:\/\/www.24zabrze.pl\/wiadomosci\/wp-json\/wp\/v2\/tags?post=115924"}],"curies":[{"name":"wp","href":"https:\/\/api.w.org\/{rel}","templated":true}]}}