{"id":115855,"date":"2026-01-07T15:24:51","date_gmt":"2026-01-07T14:24:51","guid":{"rendered":"https:\/\/www.24zabrze.pl\/wiadomosci\/?p=115855"},"modified":"2026-01-07T15:24:51","modified_gmt":"2026-01-07T14:24:51","slug":"zdjecia-do-tego-serialu-powstawaly-m-in-na-terenie-zabrza-netflix-podal-date-premiery-olowianych-dzieci","status":"publish","type":"post","link":"https:\/\/www.24zabrze.pl\/wiadomosci\/zdjecia-do-tego-serialu-powstawaly-m-in-na-terenie-zabrza-netflix-podal-date-premiery-olowianych-dzieci\/","title":{"rendered":"Zdj\u0119cia do tego serialu powstawa\u0142y m.in. na terenie Zabrza. Netflix poda\u0142 dat\u0119 premiery &#8220;O\u0142owianych dzieci&#8221;"},"content":{"rendered":"<div class=\"zabrz-a6-z-nad-leadem-artykulow zabrz-entity-placement\" id=\"zabrz-4287734797\"><div class=\"zabrz-adlabel\"><span style=\"font-size: 9px\">REKLAMA<\/span><\/div><div id=\"zabrz-379808448\" style=\"margin-bottom: 30px;margin-left: auto;margin-right: auto;text-align: center;\"><a data-no-instant=\"1\" href=\"https:\/\/dom100.eu\/\" rel=\"noopener\" class=\"a2t-link\" target=\"_blank\" aria-label=\"20260415 DOM100 D\"><img loading=\"lazy\" decoding=\"async\" src=\"https:\/\/www.24zabrze.pl\/wiadomosci\/wp-content\/uploads\/2026\/02\/20260415-DOM100-D.jpg\" alt=\"\"  srcset=\"https:\/\/www.24zabrze.pl\/wiadomosci\/wp-content\/uploads\/2026\/02\/20260415-DOM100-D.jpg 750w, https:\/\/www.24zabrze.pl\/wiadomosci\/wp-content\/uploads\/2026\/02\/20260415-DOM100-D-410x109.jpg 410w\" sizes=\"(max-width: 750px) 100vw, 750px\" class=\"no-lazyload\" width=\"750\" height=\"200\"  style=\"display: inline-block; max-width: 100%; height: auto;\" \/><\/a><\/div><\/div><h2>Zdj\u0119cia do &#8220;O\u0142owianych dzieci&#8221; na terenie zabrza\u0144skiej Elektrociep\u0142owni kr\u0119cono w pa\u017adzierniku 2024 roku &#8211; obiekt przy ulicy Wolno\u015bci przemianowano wtedy na Hut\u0119 Metali Nie\u017celaznych Szopienice. Teraz Netflix poda\u0142 dat\u0119 premiery jednej ze swoich najnowszych produkcji &#8211; serial dost\u0119pny b\u0119dzie na platformie od 11 lutego br.<\/h2>\n<p>O\u0142owiane dzieci to opowie\u015b\u0107 inspirowana prawdziw\u0105 histori\u0105 z lat 70., kt\u00f3ra wydarzy\u0142a si\u0119 na \u015al\u0105sku. Serial przedstawia histori\u0119 m\u0142odej lekarki, kt\u00f3ra sprzeciwia si\u0119 komunistycznemu aparatowi, by ratowa\u0107 zdrowie najm\u0142odszych. Obok <strong>Joanny Kulig <\/strong>zobaczymy r\u00f3wnie\u017c <strong>King\u0119 Preis,<\/strong> <strong>Micha\u0142a \u017burawskiego, Agat\u0119 Kulesz\u0119, Mariana Dzi\u0119dziela <\/strong>oraz <strong>Zbigniewa Zamachowskiego<\/strong>.<\/p><div class=\"zabrz-a3-z-w-tresci-artykulow zabrz-entity-placement\" id=\"zabrz-2907058120\"><div class=\"zabrz-adlabel\"><span style=\"font-size: 9px\">REKLAMA<\/span><\/div><div id=\"zabrz-3771917244\" style=\"margin-bottom: 40px;margin-left: auto;margin-right: auto;text-align: center;\"><a data-no-instant=\"1\" href=\"https:\/\/ogrodyandersa.pl\/\" rel=\"noopener\" class=\"a2t-link\" target=\"_blank\" aria-label=\"20260415 Ogrody Andersa WYBIERZ MIESZKANIE D\"><img loading=\"lazy\" decoding=\"async\" src=\"https:\/\/www.24zabrze.pl\/wiadomosci\/wp-content\/uploads\/2026\/02\/20260415-Ogrody-Andersa-WYBIERZ-MIESZKANIE-D.jpg\" alt=\"\"  srcset=\"https:\/\/www.24zabrze.pl\/wiadomosci\/wp-content\/uploads\/2026\/02\/20260415-Ogrody-Andersa-WYBIERZ-MIESZKANIE-D.jpg 750w, https:\/\/www.24zabrze.pl\/wiadomosci\/wp-content\/uploads\/2026\/02\/20260415-Ogrody-Andersa-WYBIERZ-MIESZKANIE-D-410x109.jpg 410w\" sizes=\"(max-width: 750px) 100vw, 750px\" class=\"no-lazyload\" width=\"750\" height=\"200\"  style=\"display: inline-block; max-width: 100%; height: auto;\" \/><\/a><\/div><\/div>\n<p><img loading=\"lazy\" decoding=\"async\" src=\"https:\/\/www.24zabrze.pl\/wiadomosci\/wp-content\/uploads\/2024\/10\/olowiane-dzieci-elektrocieplownia-zabrze-rupniewska-001.jpg\" alt=\"\" width=\"810\" height=\"788\" class=\"alignnone size-full wp-image-111306\" srcset=\"https:\/\/www.24zabrze.pl\/wiadomosci\/wp-content\/uploads\/2024\/10\/olowiane-dzieci-elektrocieplownia-zabrze-rupniewska-001.jpg 810w, https:\/\/www.24zabrze.pl\/wiadomosci\/wp-content\/uploads\/2024\/10\/olowiane-dzieci-elektrocieplownia-zabrze-rupniewska-001-238x232.jpg 238w, https:\/\/www.24zabrze.pl\/wiadomosci\/wp-content\/uploads\/2024\/10\/olowiane-dzieci-elektrocieplownia-zabrze-rupniewska-001-468x455.jpg 468w, https:\/\/www.24zabrze.pl\/wiadomosci\/wp-content\/uploads\/2024\/10\/olowiane-dzieci-elektrocieplownia-zabrze-rupniewska-001-768x747.jpg 768w\" sizes=\"auto, (max-width: 810px) 100vw, 810px\" \/><\/p>\n<p>&#8211; <em>Serial O\u0142owiane dzieci to historia odwagi, determinacji i nadziei, kt\u00f3ra pokazuje, \u017ce wystarczy jedna odwa\u017cna osoba, aby zapocz\u0105tkowa\u0107 zmiany. G\u0142\u00f3wna bohaterka &#8211; Jolanta Wadowska-Kr\u00f3l grana przez Joann\u0119 Kulig, to m\u0142oda, idealistyczna lekarka, kt\u00f3ra odkrywa, \u017ce to, co nazywano \u201etajemniczymi zachorowaniami\u201d dzieci, jest w rzeczywisto\u015bci zwi\u0105zane z dzia\u0142aniem huty w Szopienicach. Wadowska-Kr\u00f3l decyduje si\u0119 dzia\u0142a\u0107 w\u015br\u00f3d \u015bl\u0105skiej spo\u0142eczno\u015bci mimo presji w\u0142adz i usilnych pr\u00f3b tuszowania sprawy. Ponadto, pojawia si\u0119 realne zagro\u017cenie dla jej kariery i bezpiecze\u0144stwa rodziny &#8211; dzieci oraz m\u0119\u017ca (w tej roli <strong>Sebastian Pawlak<\/strong>)<\/em> &#8211; czytamy w materia\u0142ach prasowych.<\/p>\n<p><img loading=\"lazy\" decoding=\"async\" src=\"https:\/\/www.24zabrze.pl\/wiadomosci\/wp-content\/uploads\/2026\/01\/OLOWIANE-DZIECI-Lead_Children_Lead_Children_Netflix_fot.Robert_Palka_59.jpg\" alt=\"\" width=\"750\" height=\"422\" class=\"alignnone size-full wp-image-115860\" srcset=\"https:\/\/www.24zabrze.pl\/wiadomosci\/wp-content\/uploads\/2026\/01\/OLOWIANE-DZIECI-Lead_Children_Lead_Children_Netflix_fot.Robert_Palka_59.jpg 750w, https:\/\/www.24zabrze.pl\/wiadomosci\/wp-content\/uploads\/2026\/01\/OLOWIANE-DZIECI-Lead_Children_Lead_Children_Netflix_fot.Robert_Palka_59-410x232.jpg 410w\" sizes=\"auto, (max-width: 750px) 100vw, 750px\" \/><\/p>\n<p>&#8211; O\u0142owiane dzieci pokazuj\u0105 op\u00f3r przed zmian\u0105 i si\u0142\u0119, jak\u0105 trzeba w sobie znale\u017a\u0107, by si\u0119 temu przeciwstawi\u0107. W postaci Joli Wadowskiej-Kr\u00f3l zobaczy\u0142am przede wszystkim uczciwo\u015b\u0107, niezwyk\u0142\u0105 odwag\u0119, up\u00f3r i bezkompromisowo\u015b\u0107. Jej \u017cyciorys stawia pytanie czy sami b\u0119d\u0105c na jej miejscu znale\u017aliby\u015bmy w sobie wystarczaj\u0105co du\u017co si\u0142y, aby stan\u0105\u0107 samemu przeciw systemowi. Odpowiednie przygotowanie, atmosfera na planie &#8211; to wszystko pozwoli\u0142o mi ca\u0142kowicie zanurzy\u0107 si\u0119 w \u015bwiecie tej postaci i poczu\u0107 jej rytm. To by\u0142a praca fascynuj\u0105ca, intensywna i wyczerpuj\u0105ca, ale w\u0142a\u015bnie dzi\u0119ki temu prawdziwa &#8211; m\u00f3wi Joanna Kulig, odtw\u00f3rczyni roli Jolanty Wadowskiej-Kr\u00f3l. <\/p>\n<h4>W walce z systemem lekark\u0119 wspiera Wiesia Wilczek, do\u015bwiadczona i zaci\u0119ta piel\u0119gniarka z Szopienic &#8211; w tej roli Kinga Preis. Pocz\u0105tkowo traktuje Jol\u0119 jak obc\u0105 osob\u0119 z miasta, ale z czasem staje si\u0119 jej najbli\u017csz\u0105 sojuszniczk\u0105 i przewodniczk\u0105 po \u015bwiecie hutnik\u00f3w.<\/h4>\n<p>Na horyzoncie medycznego \u015bwiata pojawia si\u0119 r\u00f3wnie\u017c Profesor Berger (Agata Kulesza) &#8211; charyzmatyczna i apodyktyczna szefowa kliniki pediatrycznej, kt\u00f3ra balansuje na kraw\u0119dzi pomi\u0119dzy lojalno\u015bci\u0105 wobec systemu, dbaniem o w\u0142asne interesy, a lekarskim obowi\u0105zkiem ratowania dzieci. <\/p>\n<p><img loading=\"lazy\" decoding=\"async\" src=\"https:\/\/www.24zabrze.pl\/wiadomosci\/wp-content\/uploads\/2026\/01\/OLOWIANE-DZIECI-Lead_Children_Lead_Children_Netflix_fot.Robert_Palka_31.jpg\" alt=\"\" width=\"750\" height=\"422\" class=\"alignnone size-full wp-image-115858\" srcset=\"https:\/\/www.24zabrze.pl\/wiadomosci\/wp-content\/uploads\/2026\/01\/OLOWIANE-DZIECI-Lead_Children_Lead_Children_Netflix_fot.Robert_Palka_31.jpg 750w, https:\/\/www.24zabrze.pl\/wiadomosci\/wp-content\/uploads\/2026\/01\/OLOWIANE-DZIECI-Lead_Children_Lead_Children_Netflix_fot.Robert_Palka_31-410x232.jpg 410w\" sizes=\"auto, (max-width: 750px) 100vw, 750px\" \/><\/p>\n<p>Niestety na drodze Wadowskiej-Kr\u00f3l staj\u0105 wp\u0142ywowi przedstawiciele systemu, dla kt\u00f3rych ujawnienie prawdy o hucie w Szopienicach jest du\u017cym zagro\u017ceniem. Jednym z nich jest oficer S\u0142u\u017cby Bezpiecze\u0144stwa Hubert Niedziela (Micha\u0142 \u017burawski), kt\u00f3ry otrzymuje zadanie ukrycia skandalu w hucie. Polityczny wymiar historii pog\u0142\u0119biaj\u0105 r\u00f3wnie\u017c dzia\u0142ania Zdzis\u0142awa Grudnia (Zbigniew Zamachowski), kt\u00f3ry zrobi wszystko aby utrzyma\u0107 w\u0142adz\u0119 i wp\u0142ywy na \u015al\u0105sku, a tak\u017ce wojewody \u015bl\u0105skiego Jerzego Zi\u0119tka (Marian Dzi\u0119dziel) &#8211; cz\u0142owieka rozdartego mi\u0119dzy politycznymi interesami, a trosk\u0105 o w\u0142asn\u0105, \u015bl\u0105sk\u0105 spo\u0142eczno\u015b\u0107. <\/p>\n<p><img loading=\"lazy\" decoding=\"async\" src=\"https:\/\/www.24zabrze.pl\/wiadomosci\/wp-content\/uploads\/2026\/01\/OLOWIANE-DZIECI-Lead_Children_Lead_Children_Netflix_fot.Robert_Palka_36.jpg\" alt=\"\" width=\"750\" height=\"422\" class=\"alignnone size-full wp-image-115859\" srcset=\"https:\/\/www.24zabrze.pl\/wiadomosci\/wp-content\/uploads\/2026\/01\/OLOWIANE-DZIECI-Lead_Children_Lead_Children_Netflix_fot.Robert_Palka_36.jpg 750w, https:\/\/www.24zabrze.pl\/wiadomosci\/wp-content\/uploads\/2026\/01\/OLOWIANE-DZIECI-Lead_Children_Lead_Children_Netflix_fot.Robert_Palka_36-410x232.jpg 410w\" sizes=\"auto, (max-width: 750px) 100vw, 750px\" \/><\/p>\n<p><strong>Maciej Pieprzyca<\/strong> znany z wra\u017cliwo\u015bci w portretowaniu \u015bl\u0105skiej to\u017csamo\u015bci i temat\u00f3w spo\u0142ecznych, zabiera widz\u00f3w w podr\u00f3\u017c do lat 70. Widzowie dostrzeg\u0105 charakterystyczne elementy tamtej epoki &#8211; od rekonstrukcji reali\u00f3w tamtych lat, \u015bl\u0105skich lokacji z Katowic, Zabrza, Gliwic czy Bytomia, po emocjonalny ton tamtych czas\u00f3w &#8211; rodz\u0105cego si\u0119 ducha walki i nadziej\u0119 na zmian\u0119. <\/p>\n<p>Serial O\u0142owiane dzieci inspirowany jest \u017cyciem dr <strong>Jolanty Wadowskiej-Kr\u00f3l<\/strong>, kt\u00f3ra zdecydowa\u0142a si\u0119 nag\u0142o\u015bni\u0107 masowe przypadki o\u0142owicy w\u015br\u00f3d dzieci mieszkaj\u0105cych w pobli\u017cu Huty Szopienice, oraz ksi\u0105\u017ck\u0105 Micha\u0142a J\u0119dryki o tym samym tytule. <\/p>\n<p>Premiera serialu ju\u017c 11 lutego, tylko w Netflixie.<\/p>\n<p>(\u017cms)\/mat. pras. NETFLIX<\/p>\n","protected":false},"excerpt":{"rendered":"<p>Zdj\u0119cia do &#8220;O\u0142owianych dzieci&#8221; na terenie zabrza\u0144skiej Elektrociep\u0142owni kr\u0119cono w pa\u017adzierniku 2024 roku &#8211; obiekt przy ulicy Wolno\u015bci przemianowano wtedy na Hut\u0119 Metali Nie\u017celaznych Szopienice. Teraz Netflix poda\u0142 dat\u0119 premiery jednej ze swoich najnowszych produkcji &#8211; serial dost\u0119pny b\u0119dzie na platformie od 11 lutego br. O\u0142owiane dzieci to opowie\u015b\u0107 inspirowana prawdziw\u0105 histori\u0105 z lat 70., [&hellip;]<\/p>\n","protected":false},"author":17,"featured_media":115857,"comment_status":"closed","ping_status":"closed","sticky":false,"template":"","format":"standard","meta":{"_monsterinsights_skip_tracking":false,"_monsterinsights_sitenote_active":false,"_monsterinsights_sitenote_note":"","_monsterinsights_sitenote_category":0,"footnotes":"","_links_to":"","_links_to_target":""},"categories":[11756,9,1],"tags":[12853,12499,12854],"class_list":["post-115855","post","type-post","status-publish","format-standard","has-post-thumbnail","hentry","category-kultura","category-stronaglowna","category-wszystko","tag-elektrocieplownia","tag-netflix","tag-olowiane-dzieci"],"_links":{"self":[{"href":"https:\/\/www.24zabrze.pl\/wiadomosci\/wp-json\/wp\/v2\/posts\/115855","targetHints":{"allow":["GET"]}}],"collection":[{"href":"https:\/\/www.24zabrze.pl\/wiadomosci\/wp-json\/wp\/v2\/posts"}],"about":[{"href":"https:\/\/www.24zabrze.pl\/wiadomosci\/wp-json\/wp\/v2\/types\/post"}],"author":[{"embeddable":true,"href":"https:\/\/www.24zabrze.pl\/wiadomosci\/wp-json\/wp\/v2\/users\/17"}],"replies":[{"embeddable":true,"href":"https:\/\/www.24zabrze.pl\/wiadomosci\/wp-json\/wp\/v2\/comments?post=115855"}],"version-history":[{"count":0,"href":"https:\/\/www.24zabrze.pl\/wiadomosci\/wp-json\/wp\/v2\/posts\/115855\/revisions"}],"wp:featuredmedia":[{"embeddable":true,"href":"https:\/\/www.24zabrze.pl\/wiadomosci\/wp-json\/wp\/v2\/media\/115857"}],"wp:attachment":[{"href":"https:\/\/www.24zabrze.pl\/wiadomosci\/wp-json\/wp\/v2\/media?parent=115855"}],"wp:term":[{"taxonomy":"category","embeddable":true,"href":"https:\/\/www.24zabrze.pl\/wiadomosci\/wp-json\/wp\/v2\/categories?post=115855"},{"taxonomy":"post_tag","embeddable":true,"href":"https:\/\/www.24zabrze.pl\/wiadomosci\/wp-json\/wp\/v2\/tags?post=115855"}],"curies":[{"name":"wp","href":"https:\/\/api.w.org\/{rel}","templated":true}]}}