{"id":115852,"date":"2026-01-05T17:51:14","date_gmt":"2026-01-05T16:51:14","guid":{"rendered":"https:\/\/www.24zabrze.pl\/wiadomosci\/?p=115852"},"modified":"2026-01-05T17:51:14","modified_gmt":"2026-01-05T16:51:14","slug":"punkt-obslugi-pasazera-dzialac-bedzie-w-centrum-przesiadkowym-otwarcie-juz-7-stycznia","status":"publish","type":"post","link":"https:\/\/www.24zabrze.pl\/wiadomosci\/punkt-obslugi-pasazera-dzialac-bedzie-w-centrum-przesiadkowym-otwarcie-juz-7-stycznia\/","title":{"rendered":"Punkt Obs\u0142ugi Pasa\u017cera dzia\u0142a\u0107 b\u0119dzie w Centrum Przesiadkowym. Otwarcie ju\u017c 7 stycznia"},"content":{"rendered":"<div class=\"zabrz-a6-z-nad-leadem-artykulow zabrz-entity-placement\" id=\"zabrz-3911053440\"><div class=\"zabrz-adlabel\"><span style=\"font-size: 9px\">REKLAMA<\/span><\/div><div id=\"zabrz-2289597139\" style=\"margin-bottom: 30px;margin-left: auto;margin-right: auto;text-align: center;\"><a data-no-instant=\"1\" href=\"https:\/\/dom100.eu\/\" rel=\"noopener\" class=\"a2t-link\" target=\"_blank\" aria-label=\"20260415 DOM100 D\"><img loading=\"lazy\" decoding=\"async\" src=\"https:\/\/www.24zabrze.pl\/wiadomosci\/wp-content\/uploads\/2026\/02\/20260415-DOM100-D.jpg\" alt=\"\"  srcset=\"https:\/\/www.24zabrze.pl\/wiadomosci\/wp-content\/uploads\/2026\/02\/20260415-DOM100-D.jpg 750w, https:\/\/www.24zabrze.pl\/wiadomosci\/wp-content\/uploads\/2026\/02\/20260415-DOM100-D-410x109.jpg 410w\" sizes=\"(max-width: 750px) 100vw, 750px\" class=\"no-lazyload\" width=\"750\" height=\"200\"  style=\"display: inline-block; max-width: 100%; height: auto;\" \/><\/a><\/div><\/div><h2>Nowy Punkt Obs\u0142ugi Pasa\u017cera (POP) w Zabrzu uruchomiony zostanie w \u015brod\u0119, 7 stycznia. Plac\u00f3wka b\u0119dzie dzia\u0142a\u0107 w budynku Centrum Przesiadkowego  przy ul. Goethego 1.<\/h2>\n<p>Nowy POP zlokalizowany b\u0119dzie na parterze budynku, bezpo\u015brednio przy poczekalni dla pasa\u017cer\u00f3w. Usytuowanie w centrum przesiadkowym ma u\u0142atwi\u0107 podr\u00f3\u017cnym dost\u0119p do obs\u0142ugi zwi\u0105zanej z komunikacj\u0105 miejsk\u0105 Transport GZM.<\/p><div class=\"zabrz-a3-z-w-tresci-artykulow zabrz-entity-placement\" id=\"zabrz-1337165027\"><div class=\"zabrz-adlabel\"><span style=\"font-size: 9px\">REKLAMA<\/span><\/div><div id=\"zabrz-677188842\" style=\"margin-bottom: 40px;margin-left: auto;margin-right: auto;text-align: center;\"><a data-no-instant=\"1\" href=\"https:\/\/ogrodyandersa.pl\/\" rel=\"noopener\" class=\"a2t-link\" target=\"_blank\" aria-label=\"20260415 Ogrody Andersa WYBIERZ MIESZKANIE D\"><img loading=\"lazy\" decoding=\"async\" src=\"https:\/\/www.24zabrze.pl\/wiadomosci\/wp-content\/uploads\/2026\/02\/20260415-Ogrody-Andersa-WYBIERZ-MIESZKANIE-D.jpg\" alt=\"\"  srcset=\"https:\/\/www.24zabrze.pl\/wiadomosci\/wp-content\/uploads\/2026\/02\/20260415-Ogrody-Andersa-WYBIERZ-MIESZKANIE-D.jpg 750w, https:\/\/www.24zabrze.pl\/wiadomosci\/wp-content\/uploads\/2026\/02\/20260415-Ogrody-Andersa-WYBIERZ-MIESZKANIE-D-410x109.jpg 410w\" sizes=\"(max-width: 750px) 100vw, 750px\" class=\"no-lazyload\" width=\"750\" height=\"200\"  style=\"display: inline-block; max-width: 100%; height: auto;\" \/><\/a><\/div><\/div>\n<h4>Do dyspozycji pasa\u017cer\u00f3w b\u0119d\u0105 dwa stanowiska obs\u0142ugi, przystosowane r\u00f3wnie\u017c do os\u00f3b ze szczeg\u00f3lnymi potrzebami.<\/h4>\n<p>W Punkcie b\u0119dzie mo\u017cna za\u0142atwi\u0107 wszystkie sprawy zwi\u0105zane z korzystaniem z komunikacji miejskiej Transport GZM, m.in. uzyska\u0107 informacje dotycz\u0105ce oferty przewozowej, kupi\u0107 i zwr\u00f3ci\u0107 bilety, z\u0142o\u017cy\u0107 wniosek i reklamacj\u0119, odebra\u0107 Metrokart\u0119 czy te\u017c zakodowa\u0107 i zatwierdzi\u0107 ulg\u0119.<\/p>\n<p>Plac\u00f3wka b\u0119dzie czynna w dni robocze w godz. 7:00 &#8211; 19:00 oraz w soboty w godz. 9:00 &#8211; 14:00. W niedziele i \u015bwi\u0119ta POP b\u0119dzie nieczynny.<\/p>\n<p>(mat. ZTM)<\/p>\n","protected":false},"excerpt":{"rendered":"<p>Nowy Punkt Obs\u0142ugi Pasa\u017cera (POP) w Zabrzu uruchomiony zostanie w \u015brod\u0119, 7 stycznia. Plac\u00f3wka b\u0119dzie dzia\u0142a\u0107 w budynku Centrum Przesiadkowego przy ul. Goethego 1. Nowy POP zlokalizowany b\u0119dzie na parterze budynku, bezpo\u015brednio przy poczekalni dla pasa\u017cer\u00f3w. Usytuowanie w centrum przesiadkowym ma u\u0142atwi\u0107 podr\u00f3\u017cnym dost\u0119p do obs\u0142ugi zwi\u0105zanej z komunikacj\u0105 miejsk\u0105 Transport GZM. Do dyspozycji pasa\u017cer\u00f3w [&hellip;]<\/p>\n","protected":false},"author":17,"featured_media":115854,"comment_status":"closed","ping_status":"closed","sticky":false,"template":"","format":"standard","meta":{"_monsterinsights_skip_tracking":false,"_monsterinsights_sitenote_active":false,"_monsterinsights_sitenote_note":"","_monsterinsights_sitenote_category":0,"footnotes":"","_links_to":"","_links_to_target":""},"categories":[11756,9,1],"tags":[12839,12840],"class_list":["post-115852","post","type-post","status-publish","format-standard","has-post-thumbnail","hentry","category-kultura","category-stronaglowna","category-wszystko","tag-punkt-obslugi-pasazera","tag-ztm"],"_links":{"self":[{"href":"https:\/\/www.24zabrze.pl\/wiadomosci\/wp-json\/wp\/v2\/posts\/115852","targetHints":{"allow":["GET"]}}],"collection":[{"href":"https:\/\/www.24zabrze.pl\/wiadomosci\/wp-json\/wp\/v2\/posts"}],"about":[{"href":"https:\/\/www.24zabrze.pl\/wiadomosci\/wp-json\/wp\/v2\/types\/post"}],"author":[{"embeddable":true,"href":"https:\/\/www.24zabrze.pl\/wiadomosci\/wp-json\/wp\/v2\/users\/17"}],"replies":[{"embeddable":true,"href":"https:\/\/www.24zabrze.pl\/wiadomosci\/wp-json\/wp\/v2\/comments?post=115852"}],"version-history":[{"count":0,"href":"https:\/\/www.24zabrze.pl\/wiadomosci\/wp-json\/wp\/v2\/posts\/115852\/revisions"}],"wp:featuredmedia":[{"embeddable":true,"href":"https:\/\/www.24zabrze.pl\/wiadomosci\/wp-json\/wp\/v2\/media\/115854"}],"wp:attachment":[{"href":"https:\/\/www.24zabrze.pl\/wiadomosci\/wp-json\/wp\/v2\/media?parent=115852"}],"wp:term":[{"taxonomy":"category","embeddable":true,"href":"https:\/\/www.24zabrze.pl\/wiadomosci\/wp-json\/wp\/v2\/categories?post=115852"},{"taxonomy":"post_tag","embeddable":true,"href":"https:\/\/www.24zabrze.pl\/wiadomosci\/wp-json\/wp\/v2\/tags?post=115852"}],"curies":[{"name":"wp","href":"https:\/\/api.w.org\/{rel}","templated":true}]}}