{"id":115848,"date":"2026-01-05T14:03:32","date_gmt":"2026-01-05T13:03:32","guid":{"rendered":"https:\/\/www.24zabrze.pl\/wiadomosci\/?p=115848"},"modified":"2026-01-05T17:56:25","modified_gmt":"2026-01-05T16:56:25","slug":"orszak-trzech-kroli-przejdzie-ulicami-zabrza-barwne-korowody-wyrusza-z-kilku-lokalizacji","status":"publish","type":"post","link":"https:\/\/www.24zabrze.pl\/wiadomosci\/orszak-trzech-kroli-przejdzie-ulicami-zabrza-barwne-korowody-wyrusza-z-kilku-lokalizacji\/","title":{"rendered":"Orszak Trzech Kr\u00f3li przejdzie ulicami Zabrza. Barwne korowody wyrusz\u0105 z r\u00f3\u017cnych lokalizacji"},"content":{"rendered":"<div class=\"zabrz-a6-z-nad-leadem-artykulow zabrz-entity-placement\" id=\"zabrz-1049664358\"><div class=\"zabrz-adlabel\"><span style=\"font-size: 9px\">REKLAMA<\/span><\/div><div id=\"zabrz-2524504016\" style=\"margin-bottom: 30px;margin-left: auto;margin-right: auto;text-align: center;\"><a data-no-instant=\"1\" href=\"https:\/\/dom100.eu\/\" rel=\"noopener\" class=\"a2t-link\" target=\"_blank\" aria-label=\"20260415 DOM100 D\"><img loading=\"lazy\" decoding=\"async\" src=\"https:\/\/www.24zabrze.pl\/wiadomosci\/wp-content\/uploads\/2026\/02\/20260415-DOM100-D.jpg\" alt=\"\"  srcset=\"https:\/\/www.24zabrze.pl\/wiadomosci\/wp-content\/uploads\/2026\/02\/20260415-DOM100-D.jpg 750w, https:\/\/www.24zabrze.pl\/wiadomosci\/wp-content\/uploads\/2026\/02\/20260415-DOM100-D-410x109.jpg 410w\" sizes=\"(max-width: 750px) 100vw, 750px\" class=\"no-lazyload\" width=\"750\" height=\"200\"  style=\"display: inline-block; max-width: 100%; height: auto;\" \/><\/a><\/div><\/div><h2>Zabrze zn\u00f3w zamieni si\u0119 w wielk\u0105, kolorow\u0105 scen\u0119. Orszak Trzech Kr\u00f3li 2026 w Zabrzu przejdzie ulicami miasta 6 stycznia, \u0142\u0105cz\u0105c modlitw\u0119, tradycj\u0119 i rado\u015b\u0107 spotkania. <\/h2>\n<p>Punkt startowy jest jasny: godzina 14.00. W tym samym momencie wyrusz\u0105 trzy barwne pochody. Ka\u017cdy w innym kolorze. Ka\u017cdy z w\u0142asn\u0105 histori\u0105 i energi\u0105. Wszystkie spotkaj\u0105 si\u0119 w jednym miejscu \u2013 w centrum, by p\u00f3\u017aniej wsp\u00f3lnie przej\u015b\u0107 pod ko\u015bci\u00f3\u0142 \u015bw. Anny.<\/p><div class=\"zabrz-a3-z-w-tresci-artykulow zabrz-entity-placement\" id=\"zabrz-2649113820\"><div class=\"zabrz-adlabel\"><span style=\"font-size: 9px\">REKLAMA<\/span><\/div><div id=\"zabrz-2549311055\" style=\"margin-bottom: 40px;margin-left: auto;margin-right: auto;text-align: center;\"><a data-no-instant=\"1\" href=\"https:\/\/ogrodyandersa.pl\/\" rel=\"noopener\" class=\"a2t-link\" target=\"_blank\" aria-label=\"20260415 Ogrody Andersa WYBIERZ MIESZKANIE D\"><img loading=\"lazy\" decoding=\"async\" src=\"https:\/\/www.24zabrze.pl\/wiadomosci\/wp-content\/uploads\/2026\/02\/20260415-Ogrody-Andersa-WYBIERZ-MIESZKANIE-D.jpg\" alt=\"\"  srcset=\"https:\/\/www.24zabrze.pl\/wiadomosci\/wp-content\/uploads\/2026\/02\/20260415-Ogrody-Andersa-WYBIERZ-MIESZKANIE-D.jpg 750w, https:\/\/www.24zabrze.pl\/wiadomosci\/wp-content\/uploads\/2026\/02\/20260415-Ogrody-Andersa-WYBIERZ-MIESZKANIE-D-410x109.jpg 410w\" sizes=\"(max-width: 750px) 100vw, 750px\" class=\"no-lazyload\" width=\"750\" height=\"200\"  style=\"display: inline-block; max-width: 100%; height: auto;\" \/><\/a><\/div><\/div>\n<h4>Wyrusz\u0105:<\/h4>\n<p>&#x1f534; Orszak czerwony \u2013 sprzed ko\u015bcio\u0142a Niepokalanego Serca NMP przy ul. Franciszka\u0144skiej 1 oraz sprzed ko\u015bcio\u0142a \u015bw. Kamila przy ul. Dubiela 10;<br \/>\n&#x1f535; Orszak niebieski \u2013 sprzed ko\u015bcio\u0142a \u015bw. J\u00f3zefa przy ul. Roosevelta 104;<br \/>\n&#x1f7e1; Orszak \u017c\u00f3\u0142ty \u2013 spod Hali Pogo\u0144 przy ul. Wolno\u015bci 406.<\/p>\n<p>Wszystkie grupy spotkaj\u0105 si\u0119 na placu przed Muzeum G\u00f3rnictwa W\u0119glowego, a nast\u0119pnie przejd\u0105 pod ko\u015bci\u00f3\u0142 \u015bw. Anny. To tam wybrzmi\u0105 kol\u0119dy, a dzieci zobacz\u0105 stajenk\u0119, kt\u00f3ra \u2013 jak co roku \u2013 zatrzymuje ludzi na d\u0142u\u017cej ni\u017c planowali.<\/p>\n<h4>Kr\u00f3lowie na koniach, barwy, \u015bpiew \u2013 magia ulic Zabrza<\/h4>\n<p>Ka\u017cd\u0105 grup\u0119 poprowadzi jeden z Trzech Kr\u00f3li. Dla najm\u0142odszych to zawsze moment, kiedy oczy robi\u0105 si\u0119 wi\u0119ksze, a zimno przestaje mie\u0107 znaczenie. Ulice wype\u0142niaj\u0105 si\u0119 kolorami, chor\u0105giewkami, koronami z papieru.<\/p>\n<p>Organizatorzy prosz\u0105, aby mieszka\u0144cy przyszli w barwach wybranego orszaku. \u017b\u00f3\u0142ty, czerwony lub niebieski \u2013 nawet drobny element garderoby dzia\u0142a. Sprawia, \u017ce miasto wygl\u0105da wtedy jak wielka, \u017cywa mozaika.<\/p>\n<h4>Fina\u0142 pod \u015bw. Ann\u0105 \u2013 pok\u0142on i koncert kol\u0119d<\/h4>\n<p>Sercem wydarzenia b\u0119dzie pok\u0142on Dzieci\u0105tku Jezus i \u015awi\u0119tej Rodzinie. Stajenka znajduje si\u0119 przed ko\u015bcio\u0142em \u015bw. Anny. Potem czas na kol\u0119dy \u2013 takie, kt\u00f3re zna si\u0119 od dziecka i \u015bpiewa si\u0119 bez patrzenia w tekst.<\/p>\n<p>W \u015bwi\u0105tyni odb\u0119dzie si\u0119 koncert kol\u0119d w wykonaniu Scholii Parafialnej \u015bw. Anny \u2013 z udzia\u0142em dzieci, m\u0142odzie\u017cy i doros\u0142ych.<\/p>\n<h4>Tegoroczny Orszak idzie pod has\u0142em: \u201eNadziej\u0105 si\u0119 ciesz\u0105!\u201d<\/h4>\n<p>Nawi\u0105zuje ono do kol\u0119dy \u201eM\u0119drcy \u015bwiata, Monarchowie\u201d i do Roku Nadziei \u2013 jubileuszowego czasu \u201ePielgrzym\u00f3w nadziei\u201d. Trzej M\u0119drcy staj\u0105 si\u0119 symbolem odwagi, drogi pod pr\u0105d i wiary, kt\u00f3ra nie poddaje si\u0119 trudno\u015bciom. Tak\u017ce dzi\u015b \u2013 tu, w Zabrzu.<\/p>\n<p>Orszak Trzech Kr\u00f3li 2026 w Zabrzu to nie tylko procesja. To opowie\u015b\u0107 o nadziei, wsp\u00f3lnocie i mie\u015bcie, kt\u00f3re lubi by\u0107 razem. Je\u015bli planujesz udzia\u0142 \u2013 zabierz rodzin\u0119, przyjaci\u00f3\u0142 i ciep\u0142y szalik. Reszta zrobi si\u0119 sama.<\/p>\n<p>(\u017cms)\/UM Zabrze<\/p>\n","protected":false},"excerpt":{"rendered":"<p>Zabrze zn\u00f3w zamieni si\u0119 w wielk\u0105, kolorow\u0105 scen\u0119. Orszak Trzech Kr\u00f3li 2026 w Zabrzu przejdzie ulicami miasta 6 stycznia, \u0142\u0105cz\u0105c modlitw\u0119, tradycj\u0119 i rado\u015b\u0107 spotkania. Punkt startowy jest jasny: godzina 14.00. W tym samym momencie wyrusz\u0105 trzy barwne pochody. Ka\u017cdy w innym kolorze. Ka\u017cdy z w\u0142asn\u0105 histori\u0105 i energi\u0105. Wszystkie spotkaj\u0105 si\u0119 w jednym miejscu [&hellip;]<\/p>\n","protected":false},"author":17,"featured_media":112113,"comment_status":"closed","ping_status":"closed","sticky":false,"template":"","format":"standard","meta":{"_monsterinsights_skip_tracking":false,"_monsterinsights_sitenote_active":false,"_monsterinsights_sitenote_note":"","_monsterinsights_sitenote_category":0,"footnotes":"","_links_to":"","_links_to_target":""},"categories":[11756,1],"tags":[12842,12841],"class_list":["post-115848","post","type-post","status-publish","format-standard","has-post-thumbnail","hentry","category-kultura","category-wszystko","tag-6-stycznia","tag-orszak-trzech-kroli"],"_links":{"self":[{"href":"https:\/\/www.24zabrze.pl\/wiadomosci\/wp-json\/wp\/v2\/posts\/115848","targetHints":{"allow":["GET"]}}],"collection":[{"href":"https:\/\/www.24zabrze.pl\/wiadomosci\/wp-json\/wp\/v2\/posts"}],"about":[{"href":"https:\/\/www.24zabrze.pl\/wiadomosci\/wp-json\/wp\/v2\/types\/post"}],"author":[{"embeddable":true,"href":"https:\/\/www.24zabrze.pl\/wiadomosci\/wp-json\/wp\/v2\/users\/17"}],"replies":[{"embeddable":true,"href":"https:\/\/www.24zabrze.pl\/wiadomosci\/wp-json\/wp\/v2\/comments?post=115848"}],"version-history":[{"count":0,"href":"https:\/\/www.24zabrze.pl\/wiadomosci\/wp-json\/wp\/v2\/posts\/115848\/revisions"}],"wp:featuredmedia":[{"embeddable":true,"href":"https:\/\/www.24zabrze.pl\/wiadomosci\/wp-json\/wp\/v2\/media\/112113"}],"wp:attachment":[{"href":"https:\/\/www.24zabrze.pl\/wiadomosci\/wp-json\/wp\/v2\/media?parent=115848"}],"wp:term":[{"taxonomy":"category","embeddable":true,"href":"https:\/\/www.24zabrze.pl\/wiadomosci\/wp-json\/wp\/v2\/categories?post=115848"},{"taxonomy":"post_tag","embeddable":true,"href":"https:\/\/www.24zabrze.pl\/wiadomosci\/wp-json\/wp\/v2\/tags?post=115848"}],"curies":[{"name":"wp","href":"https:\/\/api.w.org\/{rel}","templated":true}]}}