{"id":115838,"date":"2025-12-31T16:12:27","date_gmt":"2025-12-31T15:12:27","guid":{"rendered":"https:\/\/www.24zabrze.pl\/wiadomosci\/?p=115838"},"modified":"2026-01-05T17:57:23","modified_gmt":"2026-01-05T16:57:23","slug":"koncert-orkiestry-symfonicznej-filharmonii-zabrzanskiej-w-dmit-beda-tez-inne-muzyczne-wydarzenia","status":"publish","type":"post","link":"https:\/\/www.24zabrze.pl\/wiadomosci\/koncert-orkiestry-symfonicznej-filharmonii-zabrzanskiej-w-dmit-beda-tez-inne-muzyczne-wydarzenia\/","title":{"rendered":"Koncert Orkiestry Symfonicznej Filharmonii Zabrza\u0144skiej w DMiT. B\u0119d\u0105 te\u017c inne muzyczne wydarzenia"},"content":{"rendered":"<div class=\"zabrz-a6-z-nad-leadem-artykulow zabrz-entity-placement\" id=\"zabrz-967882477\"><div class=\"zabrz-adlabel\"><span style=\"font-size: 9px\">REKLAMA<\/span><\/div><div id=\"zabrz-2219498115\" style=\"margin-bottom: 30px;margin-left: auto;margin-right: auto;text-align: center;\"><a data-no-instant=\"1\" href=\"https:\/\/dom100.eu\/\" rel=\"noopener\" class=\"a2t-link\" target=\"_blank\" aria-label=\"20260415 DOM100 D\"><img loading=\"lazy\" decoding=\"async\" src=\"https:\/\/www.24zabrze.pl\/wiadomosci\/wp-content\/uploads\/2026\/02\/20260415-DOM100-D.jpg\" alt=\"\"  srcset=\"https:\/\/www.24zabrze.pl\/wiadomosci\/wp-content\/uploads\/2026\/02\/20260415-DOM100-D.jpg 750w, https:\/\/www.24zabrze.pl\/wiadomosci\/wp-content\/uploads\/2026\/02\/20260415-DOM100-D-410x109.jpg 410w\" sizes=\"(max-width: 750px) 100vw, 750px\" class=\"no-lazyload\" width=\"750\" height=\"200\"  style=\"display: inline-block; max-width: 100%; height: auto;\" \/><\/a><\/div><\/div><h2>W Domu Muzyki i Ta\u0144ca odb\u0119dzie si\u0119 Koncert Noworoczny, podczas kt\u00f3rego nie zabraknie muzycznych pere\u0142, znanych i lubianych przez meloman\u00f3w fragment\u00f3w oper, operetek i musicali. Pojawi\u0105 si\u0119 s\u0142ynne duety operowe i operetkowe oraz szeroko rozumiana ,,klasyka gatunku\u201d czyli m.in. dzie\u0142a W. A. Mozarta i G. Bizeta.<\/h2>\n<p>Koncert odb\u0119dzie si\u0119 w pi\u0105tek, 9 stycznia, rozpocz\u0119cie o godzinie 18:00. Bilety w cenie 70 i 150 z\u0142 dost\u0119pne s\u0105 online oraz w kasie DMiT.<\/p><div class=\"zabrz-a3-z-w-tresci-artykulow zabrz-entity-placement\" id=\"zabrz-3016583281\"><div class=\"zabrz-adlabel\"><span style=\"font-size: 9px\">REKLAMA<\/span><\/div><div id=\"zabrz-4170841243\" style=\"margin-bottom: 40px;margin-left: auto;margin-right: auto;text-align: center;\"><a data-no-instant=\"1\" href=\"https:\/\/ogrodyandersa.pl\/\" rel=\"noopener\" class=\"a2t-link\" target=\"_blank\" aria-label=\"20260415 Ogrody Andersa WYBIERZ MIESZKANIE D\"><img loading=\"lazy\" decoding=\"async\" src=\"https:\/\/www.24zabrze.pl\/wiadomosci\/wp-content\/uploads\/2026\/02\/20260415-Ogrody-Andersa-WYBIERZ-MIESZKANIE-D.jpg\" alt=\"\"  srcset=\"https:\/\/www.24zabrze.pl\/wiadomosci\/wp-content\/uploads\/2026\/02\/20260415-Ogrody-Andersa-WYBIERZ-MIESZKANIE-D.jpg 750w, https:\/\/www.24zabrze.pl\/wiadomosci\/wp-content\/uploads\/2026\/02\/20260415-Ogrody-Andersa-WYBIERZ-MIESZKANIE-D-410x109.jpg 410w\" sizes=\"(max-width: 750px) 100vw, 750px\" class=\"no-lazyload\" width=\"750\" height=\"200\"  style=\"display: inline-block; max-width: 100%; height: auto;\" \/><\/a><\/div><\/div>\n<h4>B\u0119d\u0105 kolejne muzyczne wydarzenia<\/h4>\n<p>W planach uwzgl\u0119dniono r\u00f3wnie\u017c ho\u0142d dla jednego z najwybitniejszych artyst\u00f3w, z kt\u00f3rym Filharmonia Zabrza\u0144ska mia\u0142a zaszczyt wielokrotnie wyst\u0119powa\u0107 \u2013 wydarzeniem tym b\u0119dzie koncert z utworami nieod\u017ca\u0142owanego Zbigniewa Wodeckiego.<\/p>\n<p><img loading=\"lazy\" decoding=\"async\" src=\"https:\/\/miastozabrze.pl\/wp-content\/uploads\/2025\/12\/Filharmonia-Zabrzanska-styczen-2026-1087x1536.jpg\" width=\"1087\" height=\"1536\" class=\"alignnone size-full\" \/><\/p>\n<p>Przed feriami zimowymi Filharmonia Zabrza\u0144ska spotka si\u0119 z najm\u0142odsz\u0105 publik\u0105 \u2013 dzie\u0107mi i m\u0142odzie\u017c\u0105 z zabrza\u0144skich szk\u00f3\u0142, dla kt\u00f3rych przygotuje koncerty edukacyjne. A skoro luty \u2013 to musz\u0105 by\u0107 te\u017c Walentynki. Jak co roku wykonany dla wszystkich zakochanych zostanie koncert z muzyk\u0105 inspirowan\u0105 mi\u0142o\u015bci\u0105.<\/p>\n<p>(\u017cms)\/UM Zabrze<\/p>\n","protected":false},"excerpt":{"rendered":"<p>W Domu Muzyki i Ta\u0144ca odb\u0119dzie si\u0119 Koncert Noworoczny, podczas kt\u00f3rego nie zabraknie muzycznych pere\u0142, znanych i lubianych przez meloman\u00f3w fragment\u00f3w oper, operetek i musicali. Pojawi\u0105 si\u0119 s\u0142ynne duety operowe i operetkowe oraz szeroko rozumiana ,,klasyka gatunku\u201d czyli m.in. dzie\u0142a W. A. Mozarta i G. Bizeta. Koncert odb\u0119dzie si\u0119 w pi\u0105tek, 9 stycznia, rozpocz\u0119cie o [&hellip;]<\/p>\n","protected":false},"author":17,"featured_media":112574,"comment_status":"closed","ping_status":"closed","sticky":false,"template":"","format":"standard","meta":{"_monsterinsights_skip_tracking":false,"_monsterinsights_sitenote_active":false,"_monsterinsights_sitenote_note":"","_monsterinsights_sitenote_category":0,"footnotes":"","_links_to":"","_links_to_target":""},"categories":[11756,1],"tags":[6422,12845],"class_list":["post-115838","post","type-post","status-publish","format-standard","has-post-thumbnail","hentry","category-kultura","category-wszystko","tag-dmit","tag-koncert"],"_links":{"self":[{"href":"https:\/\/www.24zabrze.pl\/wiadomosci\/wp-json\/wp\/v2\/posts\/115838","targetHints":{"allow":["GET"]}}],"collection":[{"href":"https:\/\/www.24zabrze.pl\/wiadomosci\/wp-json\/wp\/v2\/posts"}],"about":[{"href":"https:\/\/www.24zabrze.pl\/wiadomosci\/wp-json\/wp\/v2\/types\/post"}],"author":[{"embeddable":true,"href":"https:\/\/www.24zabrze.pl\/wiadomosci\/wp-json\/wp\/v2\/users\/17"}],"replies":[{"embeddable":true,"href":"https:\/\/www.24zabrze.pl\/wiadomosci\/wp-json\/wp\/v2\/comments?post=115838"}],"version-history":[{"count":0,"href":"https:\/\/www.24zabrze.pl\/wiadomosci\/wp-json\/wp\/v2\/posts\/115838\/revisions"}],"wp:featuredmedia":[{"embeddable":true,"href":"https:\/\/www.24zabrze.pl\/wiadomosci\/wp-json\/wp\/v2\/media\/112574"}],"wp:attachment":[{"href":"https:\/\/www.24zabrze.pl\/wiadomosci\/wp-json\/wp\/v2\/media?parent=115838"}],"wp:term":[{"taxonomy":"category","embeddable":true,"href":"https:\/\/www.24zabrze.pl\/wiadomosci\/wp-json\/wp\/v2\/categories?post=115838"},{"taxonomy":"post_tag","embeddable":true,"href":"https:\/\/www.24zabrze.pl\/wiadomosci\/wp-json\/wp\/v2\/tags?post=115838"}],"curies":[{"name":"wp","href":"https:\/\/api.w.org\/{rel}","templated":true}]}}